{"id":37012,"date":"2020-12-19T12:14:15","date_gmt":"2020-12-19T07:14:15","guid":{"rendered":"https:\/\/zamanturkmenistan.com.tm\/?p=37012"},"modified":"2020-12-19T12:14:15","modified_gmt":"2020-12-19T07:14:15","slug":"time-zurnalynyn-karary","status":"publish","type":"post","link":"https:\/\/zamanturkmenistan.com.tm\/?p=37012","title":{"rendered":"\u00abTi\u00adme\u00bb \u017eur\u00adna\u00adly\u00adny\u0148 ka\u00adra\u00adry"},"content":{"rendered":"<p>3-nji no\u00ad\u00fdabr\u00adda AB\u015e-da ge\u00ad\u00e7i\u00adri\u00adlen Pre\u00adzi\u00addent sa\u00fd\u00adlaw\u00adla\u00adryn\u00adda \u00fde\u00ad\u0148i\u015f ga\u00adza\u00adnan de\u00admok\u00adrat Jo\u00adzef Ba\u00fd\u00adden \u00abTi\u00adme\u00bb \u017eur\u00adna\u00adly ta\u00adra\u00adpyn\u00addan \u00ab\u00ddy\u00adly\u0148 ada\u00admy\u00bb di\u00fd\u00adlip yg\u00adlan edil\u00addi we gel\u00adjek\u00adki wi\u00adse-pre\u00adzi\u00addent Ka\u00adma\u00adla Har\u00adris hem bu ab\u00adra\u00fd\u00adly ada my\u00adna\u00adsyp bol\u00addy. \u00ab\u00ddy\u00adly\u0148 ada\u00admy\u00bb mu\u00adnu\u0148 \u00f6zi di\u00ad\u0148e bir ge\u00ad\u00e7en \u00fdyl bi\u00adlen bag\u00adla\u00adny\u00ad\u015fyk\u00adly bol\u00adman, e\u00fd\u00adsem, gel\u00adje\u00adgi hem na\u00adza\u00adra al\u00ad\u00fdar. Har\u00adris il\u00adkin\u00adji af\u00adro-ame\u00adri\u00adkan we ge\u00adlip \u00e7y\u00adky\u00ad\u015fy bo\u00ad\u00fdun\u00ad\u00e7a il\u00adkin\u00adji azi\u00ad\u00fda\u00adly bo\u00adlan wi\u00adse-pre\u00adzi\u00addent bo\u00adlar.<br \/>\n\u00abTi\u00adme\u00bb \u017eur\u00adna\u00adly in\u00addi 100 \u00fdy\u00adla go\u00adla\u00fd wagt b\u00e4\u00adri \u00ab\u00ddy\u00adly\u0148 ada\u00admy\u00adny\u00bb sa\u00fd\u00adlap gel\u00ad\u00fd\u00e4r. \u017dur\u00adna\u00adly\u0148 ba\u015f re\u00addak\u00adto\u00adry Ed\u00adward Fel\u00adzent\u00adhal bu ady\u0148 AB\u015e-ny\u0148 sa\u00fd\u00adla\u00adnan wi\u00adse-pre\u00adzi\u00adden\u00adti\u00adne il\u00adkin\u00adji ge\u00adzek be\u00adri\u00adlen\u00addi\u00adgi\u00adni a\u00fdt\u00addy.<br \/>\n\u2013 H\u00e4\u00adzir\u00adki wagt\u00adda Ba\u00fd\u00adden we Har\u00adris g\u00f6r\u00adn\u00fck\u00adli \u015fah\u00adsy\u00ad\u00fdet\u00adler\u00addir \u2013 di\u00ad\u00fdip, ol bel\u00adle\u00addi. Jo\u00adzef Ba\u00fd\u00adden we Ka\u00adma\u00adla Har\u00adris \u017eur\u00adna\u00adly\u0148 ka\u00adra\u00adry\u00adny\u0148 \u00f6z\u00adle\u00adri \u00fc\u00e7in uly mer\u00adte\u00adbe\u00addi\u00adgi\u00adni a\u00fdt\u00addy\u00adlar.<br \/>\n\u015eu \u00fdyl d\u00fcn\u00ad\u00fd\u00e4\u00adde eme\u00adle ge\u00adlen \u00e7yl\u00ad\u015fy\u00adrym\u00adly \u00fdag\u00adda\u00fd\u00adlar se\u00adb\u00e4p\u00adli bu ady\u0148 gow\u00ad\u015fu\u00adry\u00adly\u00ad\u015fy on\u00adla\u00fdn ter\u00adtip\u00adde ge\u00ad\u00e7i\u00adril\u00addi. Da\u00adla\u015f\u00adg\u00e4r\u00adle\u00adri\u0148 ta\u00adny\u015f\u00addy\u00adry\u00adly\u00ad\u015fy, \u00fde\u00ad\u0148i\u00adji\u00adle\u00adri\u0148 yg\u00adlan edil\u00adme\u00adgi we ola\u00adry\u0148 \u00e7y\u00adky\u015f\u00adla\u00adry wi\u00addeo \u00fdaz\u00adga ge\u00ad\u00e7i\u00adri\u00adlip g\u00f6r\u00adke\u00adzil\u00addi. \u00abTi\u00adme\u00bb \u017eur\u00adna\u00adly\u00adny\u0148 re\u00addak\u00adto\u00adry\u00adny\u0148 pi\u00adki\u00adri\u00ad\u00e7e, Jo\u00adzef Ba\u00fd\u00adden ta\u00adry\u00adhy we de\u00ad\u0148i-ta\u00ad\u00fdy bol\u00adma\u00addyk \u00fde\u00ad\u0148i\u015f ga\u00adza\u00adnyp, AB\u015e-ny\u0148 Pre\u00adzi\u00adden\u00adti we\u00adzi\u00adpe\u00adsi\u00adne e\u00fde bo\u00adlar. \u017dur\u00adnal \u00fdur\u00addu\u0148 \u00f6\u0148\u00adki wi\u00adse-pre\u00adzi\u00adden\u00adti\u00adni\u0148 no\u00ad\u00fdabr a\u00fdyn\u00adda ge\u00ad\u00e7i\u00adri\u00adlen Pre\u00adzi\u00addent sa\u00fd\u00adlaw\u00adla\u00adryn\u00adda AB\u015e-ny\u0148 ta\u00adry\u00adhyn\u00adda i\u0148 k\u00f6p ses ga\u00adza\u00adnyp, 44-nji d\u00f6w\u00adlet ba\u015f\u00adtu\u00adta\u00adny Ba\u00adrak Oba\u00adma\u00adny\u0148 re\u00adkor\u00addy\u00adny t\u00e4\u00adze\u00adl\u00e4n\u00addi\u00adgi\u00adni bel\u00adle\u00addi. Ge\u00ad\u00e7en \u00fdyl \u015fwe\u00adsi\u00ad\u00fda\u00adly da\u015f\u00adky gur\u00ad\u015faw bo\u00ad\u00fdun\u00ad\u00e7a i\u015f\u00adle\u00ad\u00fd\u00e4n mek\u00addep okuw\u00ad\u00e7y\u00adsy Gre\u00adta Tun\u00adberg \u00ab\u00ddy\u00adly\u0148 adam\u00ady\u00bb bo\u00adlup\u00addy.<\/p>\n","protected":false},"excerpt":{"rendered":"<p>3-nji no\u00ad\u00fdabr\u00adda AB\u015e-da ge\u00ad\u00e7i\u00adri\u00adlen Pre\u00adzi\u00addent sa\u00fd\u00adlaw\u00adla\u00adryn\u00adda \u00fde\u00ad\u0148i\u015f ga\u00adza\u00adnan de\u00admok\u00adrat Jo\u00adzef Ba\u00fd\u00adden \u00abTi\u00adme\u00bb \u017eur\u00adna\u00adly ta\u00adra\u00adpyn\u00addan \u00ab\u00ddy\u00adly\u0148 ada\u00admy\u00bb di\u00fd\u00adlip yg\u00adlan edil\u00addi we gel\u00adjek\u00adki wi\u00adse-pre\u00adzi\u00addent Ka\u00adma\u00adla Har\u00adris hem bu ab\u00adra\u00fd\u00adly ada my\u00adna\u00adsyp bol\u00addy. \u00ab\u00ddy\u00adly\u0148 ada\u00admy\u00bb mu\u00adnu\u0148 \u00f6zi di\u00ad\u0148e bir ge\u00ad\u00e7en \u00fdyl bi\u00adlen bag\u00adla\u00adny\u00ad\u015fyk\u00adly bol\u00adman, e\u00fd\u00adsem, gel\u00adje\u00adgi hem na\u00adza\u00adra al\u00ad\u00fdar. Har\u00adris il\u00adkin\u00adji af\u00adro-ame\u00adri\u00adkan we ge\u00adlip \u00e7y\u00adky\u00ad\u015fy bo\u00ad\u00fdun\u00ad\u00e7a il\u00adkin\u00adji azi\u00ad\u00fda\u00adly [&hellip;]<\/p>\n","protected":false},"author":1,"featured_media":37016,"comment_status":"open","ping_status":"closed","sticky":false,"template":"","format":"standard","meta":{"footnotes":""},"categories":[5],"tags":[],"acf":[],"_links":{"self":[{"href":"https:\/\/zamanturkmenistan.com.tm\/index.php?rest_route=\/wp\/v2\/posts\/37012"}],"collection":[{"href":"https:\/\/zamanturkmenistan.com.tm\/index.php?rest_route=\/wp\/v2\/posts"}],"about":[{"href":"https:\/\/zamanturkmenistan.com.tm\/index.php?rest_route=\/wp\/v2\/types\/post"}],"author":[{"embeddable":true,"href":"https:\/\/zamanturkmenistan.com.tm\/index.php?rest_route=\/wp\/v2\/users\/1"}],"replies":[{"embeddable":true,"href":"https:\/\/zamanturkmenistan.com.tm\/index.php?rest_route=%2Fwp%2Fv2%2Fcomments&post=37012"}],"version-history":[{"count":0,"href":"https:\/\/zamanturkmenistan.com.tm\/index.php?rest_route=\/wp\/v2\/posts\/37012\/revisions"}],"wp:featuredmedia":[{"embeddable":true,"href":"https:\/\/zamanturkmenistan.com.tm\/index.php?rest_route=\/wp\/v2\/media\/37016"}],"wp:attachment":[{"href":"https:\/\/zamanturkmenistan.com.tm\/index.php?rest_route=%2Fwp%2Fv2%2Fmedia&parent=37012"}],"wp:term":[{"taxonomy":"category","embeddable":true,"href":"https:\/\/zamanturkmenistan.com.tm\/index.php?rest_route=%2Fwp%2Fv2%2Fcategories&post=37012"},{"taxonomy":"post_tag","embeddable":true,"href":"https:\/\/zamanturkmenistan.com.tm\/index.php?rest_route=%2Fwp%2Fv2%2Ftags&post=37012"}],"curies":[{"name":"wp","href":"https:\/\/api.w.org\/{rel}","templated":true}]}}