{"id":3706,"date":"2016-09-24T10:04:49","date_gmt":"2016-09-24T10:04:49","guid":{"rendered":"http:\/\/zamanturkmenistan.com\/?p=3706"},"modified":"2016-09-24T10:04:49","modified_gmt":"2016-09-24T10:04:49","slug":"wenesiya-film-festiwaly","status":"publish","type":"post","link":"https:\/\/zamanturkmenistan.com.tm\/?p=3706","title":{"rendered":"Wenesi\u00fda film festiwaly"},"content":{"rendered":"<p>D\u00fcn\u00ad\u00fd\u00e4\u00adni\u0148 il\u00adkin\u00adji film fes\u00adti\u00adwa\u00adly bo\u00adlan We\u00adne\u00adsi\u00ad\u00fda ki\u00adno \u015f\u00fc\u00adwe\u00adle\u00ad\u0148i \u00f6z i\u015fi\u00adni ta\u00admam\u00adla\u00addy. Ita\u00adli\u00ad\u00fda\u00adny\u0148 owa\u00addan \u015f\u00e4\u00adhe\u00adrin\u00adde ge\u00ad\u00e7i\u00adri\u00adlen 73-nji film fes\u00adti\u00adwa\u00adlyn\u00adda ba\u015f ba\u00fd\u00adra\u00adga \u2013 \u201cAl\u00adtyn \u00fdol\u00adbars\u201d sy\u00adla\u00adgy\u00adna fi\u00adlip\u00adpin\u00adli re\u00ad\u017eiss\u00ad\u00fdor Law Dia\u00adzy\u0148 \u201cTa\u015f\u00adlap gi\u00adden ze\u00adnan\u201d (Ang Ba\u00adbaeng Hu\u00admayo) ki\u00adno\u00adsy la\u00ad\u00fdyk g\u00f6\u00adr\u00fcl\u00addi. Ol bu sy\u00adla\u00adgy alan il\u00adkin\u00adji fi\u00adlip\u00adpin ki\u00adno\u00adsy\u00addyr. \u00dde\u00adri ge\u00adlen\u00adde a\u00fdt\u00adsak, re\u00ad\u017eiss\u00ad\u00fdo\u00adry\u0148 ba\u015f\u00adga bir ki\u00adno\u00adsy \u015fu \u00fdy\u00adly\u0148 few\u00adral a\u00fdyn\u00adda ge\u00ad\u00e7i\u00adri\u00adlen Ber\u00adlin film fes\u00adti\u00adwa\u00adlyn\u00adda Alf\u00adred Baue\u00adri\u0148 ady\u00adny g\u00f6\u00adter\u00ad\u00fd\u00e4n \u201cK\u00fc\u00adm\u00fc\u015f a\u00fdy\u201d ba\u00fd\u00adra\u00adgy\u00adny-da alyp\u00addy. Emin\u00adle\u00adri\u0148 \u201cGran Pri\u201d ba\u00fd\u00adra\u00adgy \u201cGi\u00adje\u00adki ha\u00fd\u00adwan\u00adlar\u201d (Noctur\u00adnal Ani\u00admals) fil\u00admi \u00fc\u00e7in re\u00ad\u017eiss\u00ad\u00fdor Tom For\u00adda be\u00adril\u00addi. Fes\u00adti\u00adwa\u00adly\u0148 \u00fde\u00adne bir esa\u00adsy sy\u00adlag\u00adla\u00adryn\u00addan i\u0148 go\u00adwy re\u00ad\u017eiss\u00ad\u00fdor ug\u00adrun\u00adda be\u00adril\u00ad\u00fd\u00e4n \u201cK\u00fc\u00adm\u00fc\u015f \u00fdol\u00adbars\u201d ba\u00fd\u00adra\u00adgy\u00adny \u201cEl\u00adde\u00adki\u00adle\u015f\u00addi\u00adril\u00adme\u00addik\u201d (La Re\u00adgi\u00adon Salvaje) fil\u00admi \u00fc\u00e7in mek\u00adsi\u00adka\u00adly Amat Es\u00adka\u00adlan\u00adte bi\u00adlen \u201cU\u00e7\u00admah\u201d (Pa\u00adra\u00addi\u00adse) fil\u00admi \u00fc\u00e7in rus\u00adsi\u00ad\u00fda\u00adly And\u00adre\u00fd Kon\u00ad\u00e7a\u00adlows\u00adki\u00fd pa\u00fd\u00adla\u015f\u00addy. I\u0148 go\u00adwy akt\u00ad\u00fdor we akt\u00adri\u00adsa di\u00fd\u00adlen ugur\u00adda \u201cVol\u00adpi\u201d ku\u00adbok\u00adla\u00adry\u00adna de\u00adgi\u015f\u00adli\u00adlik\u00adde, \u201cHor\u00admat\u00adly ra\u00ad\u00fdat\u201d (El ciu\u00adda\u00adda\u00adno ilust\u00adre) fil\u00admi\u00adni\u0148 \u00fdyl\u00addy\u00adzy Os\u00adkar Mar\u00adti\u00adnes hem-de \u201cLa La Land\u201d fil\u00admi \u00fc\u00e7in ame\u00adri\u00adka\u00adly akt\u00adri\u00adsa Em\u00adma Stoun la\u00fdyk g\u00f6r\u00fcldi. I\u0148 go\u00adwy sse\u00adna\u00adri\u00fd ba\u00fd\u00adra\u00adgy \u00e7i\u00adli\u00adli re\u00ad\u017eiss\u00ad\u00fdor Pab\u00adlo Lar\u00adrai\u00adni\u0148 su\u00adra\u00adta d\u00fc\u00ad\u015f\u00fc\u00adren \u201cJe\u00adki\u201d (Jackie) at\u00adly fil\u00admi\u00adni\u0148 sse\u00adna\u00adri\u00ad\u00e7i\u00adsi No\u00fd Op\u00adpen\u00adha\u00fd\u00adma be\u00adril\u00addi. Ana Li\u00adli Amir\u00adpu\u00adry\u0148 re\u00ad\u017eiss\u00ad\u00fdor\u00adlyk eden \u201c\u00dda\u00adra\u00admaz to\u00adpar\u201d (The Bad Batch) ki\u00adno\u00adsy emin\u00adle\u00adri\u0148 \u00fd\u00f6\u00adri\u00adte ba\u00fd\u00adra\u00adgy\u00adna la\u00ad\u00fdyk g\u00f6\u00adr\u00fcl\u00addi. Mar\u00ad\u00e7el\u00adlo Mast\u00adroian\u00adni adyn\u00adda\u00adky sy\u00adla\u00adga fran\u00adsi\u00ad\u00fda\u00adly re\u00ad\u017eiss\u00ad\u00fdor Fran\u00adsua Ozo\u00adny\u0148 \u201cFrantz\u201d ki\u00adno\u00adsy my\u00adna\u00adsyp bol\u00addy.<br \/>\n10 g\u00fcn\u00adl\u00e4p do\u00adwam eden fes\u00adti\u00adwal\u00adda her \u00fdyl gow\u00ad\u015fu\u00adryl\u00ad\u00fdan hor\u00admat sy\u00adlag\u00adla\u00adry\u00adna bu ge\u00adzek fran\u00adsuz ki\u00adno sun\u00adga\u00adty\u00adny\u0148 \u00e4girt\u00adle\u00adrin\u00adden \u017dan-Pol Bel\u00admon\u00addo bi\u00adlen pol\u00ad\u015fa\u00adly re\u00ad\u017eis- s\u00ad\u00fdor \u017der\u00adzi Sko\u00adli\u00admows\u00adki\u00fd my\u00adna\u00adsyp bol\u00addy.<br \/>\nIl\u00adkin\u00adji\u00adsi 1932-nji \u00fdyl\u00adda ge\u00ad\u00e7i\u00adri\u00adlen We\u00adne\u00adsi\u00ad\u00fda film fes\u00adti\u00adwa\u00adly\u00adny\u0148 bu \u00fdyl 73-nji\u00adsi gu\u00adral\u00addy. On\u00adda 20 film b\u00e4s\u00adle\u00ad\u015fip, ola\u00adra Sem Men\u00adde\u00adsi\u0148 \u00fdol\u00adba\u015f\u00ad\u00e7y\u00adly\u00adgyn\u00adda\u00adky emin\u00adler to\u00adpa\u00adry ba\u00adha ber\u00addi.<\/p>\n","protected":false},"excerpt":{"rendered":"<p>D\u00fcn\u00ad\u00fd\u00e4\u00adni\u0148 il\u00adkin\u00adji film fes\u00adti\u00adwa\u00adly bo\u00adlan We\u00adne\u00adsi\u00ad\u00fda ki\u00adno \u015f\u00fc\u00adwe\u00adle\u00ad\u0148i \u00f6z i\u015fi\u00adni ta\u00admam\u00adla\u00addy. Ita\u00adli\u00ad\u00fda\u00adny\u0148 owa\u00addan \u015f\u00e4\u00adhe\u00adrin\u00adde ge\u00ad\u00e7i\u00adri\u00adlen 73-nji film fes\u00adti\u00adwa\u00adlyn\u00adda ba\u015f ba\u00fd\u00adra\u00adga \u2013 \u201cAl\u00adtyn \u00fdol\u00adbars\u201d sy\u00adla\u00adgy\u00adna fi\u00adlip\u00adpin\u00adli re\u00ad\u017eiss\u00ad\u00fdor Law Dia\u00adzy\u0148 \u201cTa\u015f\u00adlap gi\u00adden ze\u00adnan\u201d (Ang Ba\u00adbaeng Hu\u00admayo) ki\u00adno\u00adsy la\u00ad\u00fdyk g\u00f6\u00adr\u00fcl\u00addi. Ol bu sy\u00adla\u00adgy alan il\u00adkin\u00adji fi\u00adlip\u00adpin ki\u00adno\u00adsy\u00addyr. \u00dde\u00adri ge\u00adlen\u00adde a\u00fdt\u00adsak, re\u00ad\u017eiss\u00ad\u00fdo\u00adry\u0148 ba\u015f\u00adga bir ki\u00adno\u00adsy \u015fu \u00fdy\u00adly\u0148 few\u00adral a\u00fdyn\u00adda [&hellip;]<\/p>\n","protected":false},"author":1,"featured_media":0,"comment_status":"open","ping_status":"closed","sticky":false,"template":"","format":"standard","meta":{"footnotes":""},"categories":[12],"tags":[],"acf":[],"_links":{"self":[{"href":"https:\/\/zamanturkmenistan.com.tm\/index.php?rest_route=\/wp\/v2\/posts\/3706"}],"collection":[{"href":"https:\/\/zamanturkmenistan.com.tm\/index.php?rest_route=\/wp\/v2\/posts"}],"about":[{"href":"https:\/\/zamanturkmenistan.com.tm\/index.php?rest_route=\/wp\/v2\/types\/post"}],"author":[{"embeddable":true,"href":"https:\/\/zamanturkmenistan.com.tm\/index.php?rest_route=\/wp\/v2\/users\/1"}],"replies":[{"embeddable":true,"href":"https:\/\/zamanturkmenistan.com.tm\/index.php?rest_route=%2Fwp%2Fv2%2Fcomments&post=3706"}],"version-history":[{"count":0,"href":"https:\/\/zamanturkmenistan.com.tm\/index.php?rest_route=\/wp\/v2\/posts\/3706\/revisions"}],"wp:attachment":[{"href":"https:\/\/zamanturkmenistan.com.tm\/index.php?rest_route=%2Fwp%2Fv2%2Fmedia&parent=3706"}],"wp:term":[{"taxonomy":"category","embeddable":true,"href":"https:\/\/zamanturkmenistan.com.tm\/index.php?rest_route=%2Fwp%2Fv2%2Fcategories&post=3706"},{"taxonomy":"post_tag","embeddable":true,"href":"https:\/\/zamanturkmenistan.com.tm\/index.php?rest_route=%2Fwp%2Fv2%2Ftags&post=3706"}],"curies":[{"name":"wp","href":"https:\/\/api.w.org\/{rel}","templated":true}]}}