{"id":37111,"date":"2020-12-22T10:19:11","date_gmt":"2020-12-22T05:19:11","guid":{"rendered":"https:\/\/zamanturkmenistan.com.tm\/?p=37111"},"modified":"2020-12-22T10:19:11","modified_gmt":"2020-12-22T05:19:11","slug":"birinji-synp-okuwcylara-taze-yyl-mynasybetli-kompyuter-gowsuryldy","status":"publish","type":"post","link":"https:\/\/zamanturkmenistan.com.tm\/?p=37111","title":{"rendered":"Birinji synp okuw\u00e7ylara T\u00e4ze \u00fdyl mynasybetli komp\u00fduter gow\u015furyldy"},"content":{"rendered":"<p>Pa\u00fdtagtymyzy\u0148 umumybilim ber\u00fd\u00e4n orta mekdeplerinde hormatly Prezidentimizi\u0148 adyndan birinji synp okuw\u00e7ylara T\u00e4ze \u00fdyl sowgady h\u00f6km\u00fcnde komp\u00fduterleri gow\u015furmak dabaralary ge\u00e7irildi.<br \/>\nNoutbuklara \u00fd\u00fcklenen programma d\u00fcrli \u00f6wredi\u015f i\u015flerini \u00fderine \u00fdetir\u00fd\u00e4r hem-de t\u00fcrkmen, rus we i\u0148lis dillerind\u00e4ki \u00fc\u00e7 g\u00f6rn\u00fc\u015fi \u00f6z\u00fcnde jemle\u00fd\u00e4r. Mundan ba\u015fga-da, t\u00e4ze komp\u00fduterler olary\u0148 e\u00fdelerini\u0148 \u00fda\u015f a\u00fdratynlyklary g\u00f6z \u00f6\u0148\u00fcnde tutulyp \u00f6nd\u00fcrildi we lukman\u00e7ylyk talaplaryna kybap gel\u00fd\u00e4r.<br \/>\n\u00ddurdumyzda milli bilim ulgamyny k\u00e4mille\u015fdirmekde uly i\u015fler ge\u00e7iril\u00fd\u00e4r. \u015eol i\u015fler \u00fda\u015f t\u00fcrkmenistanlylara i\u0148 \u00fdokary d\u00fcn\u00fd\u00e4 \u00f6l\u00e7eglerini\u0148 derejesinde bilim almaga el\u00fdeterliligi \u00fcpj\u00fcn etm\u00e4ge g\u00f6n\u00fckdirilendir. \u00ddurdumyzda \u00f6s\u00fcp gel\u00fd\u00e4n nesillerimizi\u0148 i\u015fleri\u0148 d\u00fcrli ugurlarynda \u00fdokary \u00fcst\u00fcnlikleri gazanmaklary \u00fc\u00e7in hemme \u015fertler d\u00f6redil\u00fd\u00e4r. Hormatly Prezidentimizi\u0148 her \u00fdyl birinji synp okuw\u00e7ylaryna \u00f6zba\u015fdak komp\u00fduterleri 2011-nji \u00fdyldan ba\u015flap sowgat ber\u00fd\u00e4ndigini bellemek gerek.<br \/>\nT\u00e4ze \u00fdyl ba\u015flan\u00fdan\u00e7a komp\u00fduterleri sowgat gow\u015furmak dabaralary \u00fdurdumyzy\u0148 \u015f\u00e4herlerini\u0148 we obalaryny\u0148 mekdeplerinde hem ge\u00e7iriler.<\/p>\n","protected":false},"excerpt":{"rendered":"<p>Pa\u00fdtagtymyzy\u0148 umumybilim ber\u00fd\u00e4n orta mekdeplerinde hormatly Prezidentimizi\u0148 adyndan birinji synp okuw\u00e7ylara T\u00e4ze \u00fdyl sowgady h\u00f6km\u00fcnde komp\u00fduterleri gow\u015furmak dabaralary ge\u00e7irildi. Noutbuklara \u00fd\u00fcklenen programma d\u00fcrli \u00f6wredi\u015f i\u015flerini \u00fderine \u00fdetir\u00fd\u00e4r hem-de t\u00fcrkmen, rus we i\u0148lis dillerind\u00e4ki \u00fc\u00e7 g\u00f6rn\u00fc\u015fi \u00f6z\u00fcnde jemle\u00fd\u00e4r. Mundan ba\u015fga-da, t\u00e4ze komp\u00fduterler olary\u0148 e\u00fdelerini\u0148 \u00fda\u015f a\u00fdratynlyklary g\u00f6z \u00f6\u0148\u00fcnde tutulyp \u00f6nd\u00fcrildi we lukman\u00e7ylyk talaplaryna kybap gel\u00fd\u00e4r. \u00ddurdumyzda [&hellip;]<\/p>\n","protected":false},"author":2,"featured_media":37112,"comment_status":"open","ping_status":"closed","sticky":false,"template":"","format":"standard","meta":{"footnotes":""},"categories":[3],"tags":[],"acf":[],"_links":{"self":[{"href":"https:\/\/zamanturkmenistan.com.tm\/index.php?rest_route=\/wp\/v2\/posts\/37111"}],"collection":[{"href":"https:\/\/zamanturkmenistan.com.tm\/index.php?rest_route=\/wp\/v2\/posts"}],"about":[{"href":"https:\/\/zamanturkmenistan.com.tm\/index.php?rest_route=\/wp\/v2\/types\/post"}],"author":[{"embeddable":true,"href":"https:\/\/zamanturkmenistan.com.tm\/index.php?rest_route=\/wp\/v2\/users\/2"}],"replies":[{"embeddable":true,"href":"https:\/\/zamanturkmenistan.com.tm\/index.php?rest_route=%2Fwp%2Fv2%2Fcomments&post=37111"}],"version-history":[{"count":0,"href":"https:\/\/zamanturkmenistan.com.tm\/index.php?rest_route=\/wp\/v2\/posts\/37111\/revisions"}],"wp:featuredmedia":[{"embeddable":true,"href":"https:\/\/zamanturkmenistan.com.tm\/index.php?rest_route=\/wp\/v2\/media\/37112"}],"wp:attachment":[{"href":"https:\/\/zamanturkmenistan.com.tm\/index.php?rest_route=%2Fwp%2Fv2%2Fmedia&parent=37111"}],"wp:term":[{"taxonomy":"category","embeddable":true,"href":"https:\/\/zamanturkmenistan.com.tm\/index.php?rest_route=%2Fwp%2Fv2%2Fcategories&post=37111"},{"taxonomy":"post_tag","embeddable":true,"href":"https:\/\/zamanturkmenistan.com.tm\/index.php?rest_route=%2Fwp%2Fv2%2Ftags&post=37111"}],"curies":[{"name":"wp","href":"https:\/\/api.w.org\/{rel}","templated":true}]}}