{"id":37117,"date":"2020-12-22T11:36:53","date_gmt":"2020-12-22T06:36:53","guid":{"rendered":"https:\/\/zamanturkmenistan.com.tm\/?p=37117"},"modified":"2020-12-22T11:36:53","modified_gmt":"2020-12-22T06:36:53","slug":"bsgg-nyn-yurt-boyunca-edarasynyn-baslygy-isini-tamamlayar","status":"publish","type":"post","link":"https:\/\/zamanturkmenistan.com.tm\/?p=37117","title":{"rendered":"BSGG-ny\u0148 \u00fdurt bo\u00fdun\u00e7a edarasyny\u0148 Ba\u015flygy i\u015fini tamamla\u00fdar"},"content":{"rendered":"<p>21-nji dekabrynda T\u00fcrkmenistany\u0148 Da\u015fary i\u015fler ministri T\u00fcrkmenistandaky i\u015fini tamamlap gel\u00fd\u00e4n B\u00fctind\u00fcn\u00fd\u00e4 Saglygy gora\u00fdy\u015f guramasyny\u0148 \u00fdurt bo\u00fdun\u00e7a edarasyny\u0148 Ba\u015flygy Paulina Karwowska bilen du\u015fu\u015fygy ge\u00e7irildi.<\/p>\n<p>Du\u015fu\u015fygy\u0148 bar\u015fynda taraplar so\u0148ky \u00fdyllarda has-da i\u015fje\u0148le\u015fdirilen T\u00fcrkmenistan bilen B\u00fctind\u00fcn\u00fd\u00e4 Saglygy gora\u00fdy\u015f guramasyny\u0148 arasyndaky hyzmatda\u015flygy\u0148 \u00fdokary derejesini kanagatlanma bilen bellediler.<\/p>\n<p>S\u00f6hbetde\u015fler adamzady\u0148 saglygyna howp sal\u00fdan wehimler bilen g\u00f6re\u015fmekde m\u00f6h\u00fcm orny e\u00fdele\u00fd\u00e4n BMG-ni\u0148 bu \u00fd\u00f6ritele\u015fdirilen edarasyny\u0148 \u00e4hmi\u00fdetini nygtap ge\u00e7diler. \u015eunu\u0148 bilen baglylykda T\u00fcrkmenistany\u0148 BSGG-ni\u0148 i\u015fine mundan be\u00fdl\u00e4k-de goldaw berm\u00e4ge ygrarlylygy tassyklanylyp, Prezident Gurbanguly Berdimuhamedowy\u0148 BSGG-ni\u0148 howandarlygynda degi\u015fli halkara gurallary\u0148 i\u015flenilip ta\u00fd\u00fdarlanylmagy we i\u015fe girizilmegi baradaky ba\u015flangy\u00e7lary a\u00fdratyn bellenildi.<\/p>\n<p>T\u00fcrkmen tarapy hanym Karwowska T\u00fcrkmenistan bilen BSGG-ni\u0148 arasyndaky hyzmatda\u015flygy\u0148 ilerledilmegine, \u015fol sanda milli me\u00fdilnamalary\u0148 we maksatnamalary\u0148 i\u015flenilip d\u00fcz\u00fclmegine go\u015fan \u015fahsy we h\u00fcn\u00e4r ta\u00fddan go\u015fandy \u00fc\u00e7in minnetdarlygyny bildirdi.<\/p>\n<p>\u00d6z adynda a\u00fddylan m\u00e4hirli s\u00f6zler we arzuwlar \u00fc\u00e7in sag bolsun a\u00fddyp, B\u00fctind\u00fcn\u00fd\u00e4 Saglygy gora\u00fdy\u015f guramasyny\u0148 \u00fdurt bo\u00fdun\u00e7a edarasyny\u0148 Ba\u015flygy \u00f6z\u00fcni\u0148 ynsanperwer i\u015fini\u0148 \u00fderine \u00fdetirilmeginde beren goldawlary \u00fc\u00e7in T\u00fcrkmenistany\u0148 H\u00f6k\u00fcmetine minnetdarlyk s\u00f6zlerini be\u00fdan etdi.<\/p>\n","protected":false},"excerpt":{"rendered":"<p>21-nji dekabrynda T\u00fcrkmenistany\u0148 Da\u015fary i\u015fler ministri T\u00fcrkmenistandaky i\u015fini tamamlap gel\u00fd\u00e4n B\u00fctind\u00fcn\u00fd\u00e4 Saglygy gora\u00fdy\u015f guramasyny\u0148 \u00fdurt bo\u00fdun\u00e7a edarasyny\u0148 Ba\u015flygy Paulina Karwowska bilen du\u015fu\u015fygy ge\u00e7irildi. Du\u015fu\u015fygy\u0148 bar\u015fynda taraplar so\u0148ky \u00fdyllarda has-da i\u015fje\u0148le\u015fdirilen T\u00fcrkmenistan bilen B\u00fctind\u00fcn\u00fd\u00e4 Saglygy gora\u00fdy\u015f guramasyny\u0148 arasyndaky hyzmatda\u015flygy\u0148 \u00fdokary derejesini kanagatlanma bilen bellediler. S\u00f6hbetde\u015fler adamzady\u0148 saglygyna howp sal\u00fdan wehimler bilen g\u00f6re\u015fmekde m\u00f6h\u00fcm orny e\u00fdele\u00fd\u00e4n BMG-ni\u0148 [&hellip;]<\/p>\n","protected":false},"author":2,"featured_media":37118,"comment_status":"open","ping_status":"closed","sticky":false,"template":"","format":"standard","meta":{"footnotes":""},"categories":[3],"tags":[],"acf":[],"_links":{"self":[{"href":"https:\/\/zamanturkmenistan.com.tm\/index.php?rest_route=\/wp\/v2\/posts\/37117"}],"collection":[{"href":"https:\/\/zamanturkmenistan.com.tm\/index.php?rest_route=\/wp\/v2\/posts"}],"about":[{"href":"https:\/\/zamanturkmenistan.com.tm\/index.php?rest_route=\/wp\/v2\/types\/post"}],"author":[{"embeddable":true,"href":"https:\/\/zamanturkmenistan.com.tm\/index.php?rest_route=\/wp\/v2\/users\/2"}],"replies":[{"embeddable":true,"href":"https:\/\/zamanturkmenistan.com.tm\/index.php?rest_route=%2Fwp%2Fv2%2Fcomments&post=37117"}],"version-history":[{"count":0,"href":"https:\/\/zamanturkmenistan.com.tm\/index.php?rest_route=\/wp\/v2\/posts\/37117\/revisions"}],"wp:featuredmedia":[{"embeddable":true,"href":"https:\/\/zamanturkmenistan.com.tm\/index.php?rest_route=\/wp\/v2\/media\/37118"}],"wp:attachment":[{"href":"https:\/\/zamanturkmenistan.com.tm\/index.php?rest_route=%2Fwp%2Fv2%2Fmedia&parent=37117"}],"wp:term":[{"taxonomy":"category","embeddable":true,"href":"https:\/\/zamanturkmenistan.com.tm\/index.php?rest_route=%2Fwp%2Fv2%2Fcategories&post=37117"},{"taxonomy":"post_tag","embeddable":true,"href":"https:\/\/zamanturkmenistan.com.tm\/index.php?rest_route=%2Fwp%2Fv2%2Ftags&post=37117"}],"curies":[{"name":"wp","href":"https:\/\/api.w.org\/{rel}","templated":true}]}}