{"id":37282,"date":"2020-12-25T12:42:56","date_gmt":"2020-12-25T07:42:56","guid":{"rendered":"https:\/\/zamanturkmenistan.com.tm\/?p=37282"},"modified":"2020-12-25T12:42:56","modified_gmt":"2020-12-25T07:42:56","slug":"gruziyada-hokumetin-tazelenen-duzumi-tassyklandy","status":"publish","type":"post","link":"https:\/\/zamanturkmenistan.com.tm\/?p=37282","title":{"rendered":"Gruzi\u00fdada h\u00f6k\u00fcmeti\u0148 t\u00e4zelenen d\u00fcz\u00fcmi tassyklandy"},"content":{"rendered":"<p>Gruzi\u00fdany\u0148 Parlamenti Prem\u00fder-ministr Georgi\u00fd Gahari\u00fdany\u0148 \u00fdolba\u015f\u00e7ylygyndaky h\u00f6k\u00fcmeti\u0148 t\u00e4zelenen d\u00fcz\u00fcmini biragyzdan tassyklady. Ses beri\u015flik kanun \u00e7ykaryjy edarany\u0148 internet sahypasynda g\u00f6ni \u00fda\u00fdlymda g\u00f6rkezildi.<\/p>\n<p>\u2013 Parlament wekillerini\u0148 \u00e4hlisi h\u00f6k\u00fcmeti\u0148 t\u00e4ze d\u00fcz\u00fcmine ynam bildirdi \u2013 di\u00fdip, Parlamenti\u0148 ba\u015flygy Ar\u00e7il Talakwadze a\u00fdtdy. \u015ee\u00fdle-de Adalat ministrligini\u0148 \u00fdolba\u015f\u00e7ysyndan ba\u015fga \u00e4hli ministrler \u00f6z wezipelerinde galdylar.<\/p>\n<p>T\u00e4ze Ministrler Kabineti d\u00f6redilmezden ozal, Prem\u00fder-ministr Georgi\u00fd Gahari\u00fdany\u0148 \u00fdolba\u015f\u00e7ylygyndaky ministrleri\u0148 \u00e4hlisini\u0148 \u00fderine \u00fdetiriji derejesi bardy.<\/p>\n","protected":false},"excerpt":{"rendered":"<p>Gruzi\u00fdany\u0148 Parlamenti Prem\u00fder-ministr Georgi\u00fd Gahari\u00fdany\u0148 \u00fdolba\u015f\u00e7ylygyndaky h\u00f6k\u00fcmeti\u0148 t\u00e4zelenen d\u00fcz\u00fcmini biragyzdan tassyklady. Ses beri\u015flik kanun \u00e7ykaryjy edarany\u0148 internet sahypasynda g\u00f6ni \u00fda\u00fdlymda g\u00f6rkezildi. \u2013 Parlament wekillerini\u0148 \u00e4hlisi h\u00f6k\u00fcmeti\u0148 t\u00e4ze d\u00fcz\u00fcmine ynam bildirdi \u2013 di\u00fdip, Parlamenti\u0148 ba\u015flygy Ar\u00e7il Talakwadze a\u00fdtdy. \u015ee\u00fdle-de Adalat ministrligini\u0148 \u00fdolba\u015f\u00e7ysyndan ba\u015fga \u00e4hli ministrler \u00f6z wezipelerinde galdylar. T\u00e4ze Ministrler Kabineti d\u00f6redilmezden ozal, Prem\u00fder-ministr Georgi\u00fd Gahari\u00fdany\u0148 [&hellip;]<\/p>\n","protected":false},"author":2,"featured_media":37283,"comment_status":"open","ping_status":"closed","sticky":false,"template":"","format":"standard","meta":{"footnotes":""},"categories":[5],"tags":[],"acf":[],"_links":{"self":[{"href":"https:\/\/zamanturkmenistan.com.tm\/index.php?rest_route=\/wp\/v2\/posts\/37282"}],"collection":[{"href":"https:\/\/zamanturkmenistan.com.tm\/index.php?rest_route=\/wp\/v2\/posts"}],"about":[{"href":"https:\/\/zamanturkmenistan.com.tm\/index.php?rest_route=\/wp\/v2\/types\/post"}],"author":[{"embeddable":true,"href":"https:\/\/zamanturkmenistan.com.tm\/index.php?rest_route=\/wp\/v2\/users\/2"}],"replies":[{"embeddable":true,"href":"https:\/\/zamanturkmenistan.com.tm\/index.php?rest_route=%2Fwp%2Fv2%2Fcomments&post=37282"}],"version-history":[{"count":0,"href":"https:\/\/zamanturkmenistan.com.tm\/index.php?rest_route=\/wp\/v2\/posts\/37282\/revisions"}],"wp:featuredmedia":[{"embeddable":true,"href":"https:\/\/zamanturkmenistan.com.tm\/index.php?rest_route=\/wp\/v2\/media\/37283"}],"wp:attachment":[{"href":"https:\/\/zamanturkmenistan.com.tm\/index.php?rest_route=%2Fwp%2Fv2%2Fmedia&parent=37282"}],"wp:term":[{"taxonomy":"category","embeddable":true,"href":"https:\/\/zamanturkmenistan.com.tm\/index.php?rest_route=%2Fwp%2Fv2%2Fcategories&post=37282"},{"taxonomy":"post_tag","embeddable":true,"href":"https:\/\/zamanturkmenistan.com.tm\/index.php?rest_route=%2Fwp%2Fv2%2Ftags&post=37282"}],"curies":[{"name":"wp","href":"https:\/\/api.w.org\/{rel}","templated":true}]}}