{"id":37557,"date":"2021-01-04T12:41:24","date_gmt":"2021-01-04T07:41:24","guid":{"rendered":"https:\/\/zamanturkmenistan.com.tm\/?p=37557"},"modified":"2021-01-04T12:41:24","modified_gmt":"2021-01-04T07:41:24","slug":"sowda-sertnamasyny-tassykladylar","status":"publish","type":"post","link":"https:\/\/zamanturkmenistan.com.tm\/?p=37557","title":{"rendered":"S\u00f6w\u00adda \u015fert\u00adna\u00adma\u00adsy\u00adny tas\u00adsyk\u00adla\u00addy\u00adlar"},"content":{"rendered":"<p>28-nji de\u00adkabr\u00adda \u00ddew\u00adro\u00adpa Bi\u00adle\u00adle\u00ad\u015fi\u00adgi\u00adni\u0148 he\u00admi\u00ad\u015fe\u00adlik we\u00adkil\u00adle\u00adri\u00adni\u0148 to\u00adpa\u00adry 2021-nji \u00fdy\u00adly\u0148 1-nji \u00fdan\u00adwa\u00adryn\u00addan so\u0148\u00adky d\u00f6\u00adw\u00fcr \u00fc\u00e7in Be\u00ad\u00fdik Bri\u00adta\u00adni\u00ad\u00fda bi\u00adlen \u00ddew\u00adro\u00adpa Bi\u00adle\u00adle\u00ad\u015fi\u00adgi\u00adni\u0148 ara\u00adsyn\u00adda\u00adky S\u00f6w\u00adda we hyz\u00admat\u00adda\u015f\u00adlyk \u015fert\u00adna\u00adma\u00adsy\u00adny bi\u00adra\u00adgyz\u00addan tas\u00adsyk\u00adla\u00addy\u00adlar. Bu ba\u00adra\u00adda Germani\u00fda Federatiw Respublikasyny\u0148 \u00ddew\u00adro\u00adpa Bi\u00adle\u00adle\u00ad\u015fi\u00adgin\u00add\u00e4\u00adki he\u00admi\u00ad\u015fe\u00adlik mis\u00adsi\u00ad\u00fda\u00adsy\u00adny\u0148 met\u00adbu\u00adgat sek\u00adre\u00adta\u00adry Se\u00adbas\u00adti\u00adan Fi\u00ad\u015fer m\u00e4\u00adlim et\u00addi.<br \/>\nIki\u00adta\u00adrap\u00adla\u00ad\u00fdyn s\u00f6w\u00adda \u015fert\u00adna\u00adma\u00adsy Be\u00ad\u00fdik Bri\u00adta\u00adni\u00ad\u00fda\u00adny\u0148 \u00ddew\u00adro\u00adpa\u00adny\u0148 i\u00e7er\u00adki ba\u00adza\u00adry bi\u00adlen ara\u00adsy\u00adny \u00fcz\u00adme\u00adgi\u00adne bir\u00adn\u00e4\u00ad\u00e7e g\u00fcn ga\u00adlan\u00adda ga\u00adza\u00adnyl\u00addy. Bu \u015fert\u00adna\u00adma, esa\u00adsan, er\u00adkin s\u00f6w\u00adda\u00adny \u00fcp\u00adj\u00fcn ed\u00ad\u00fd\u00e4r we g\u00fcm\u00adr\u00fck pa\u00e7\u00adla\u00adry\u00adny ara\u00addan a\u00fdyr\u00ad\u00fdar. Mun\u00addan ba\u015f\u00adga-da, on\u00adda Br\u00fdus\u00adsel bi\u00adlen Lon\u00addo\u00adny\u0148 ara\u00adsyn\u00adda ada\u00adlat ulgamyn\u00adda\u00adky hyz\u00admat\u00adda\u015f\u00adlyk, \u015fe\u00fd\u00adle hem iki ta\u00adra\u00adpy\u0148 ra\u00ad\u00fdat\u00adla\u00adry \u00fc\u00e7in dur\u00admu\u015f \u00fcp\u00adj\u00fcn\u00ad\u00e7i\u00adli\u00adgi\u00adni\u0148 d\u00fcz\u00adg\u00fcn\u00adle\u00adri be\u00ad\u00fdan edil\u00ad\u00fd\u00e4r.<br \/>\nBu \u015fert\u00adna\u00adma \u00ddew\u00adro\u00adpa Bi\u00adle\u00adle\u00ad\u015fi\u00adgi\u00adne ag\u00adza 27 d\u00f6w\u00adle\u00adt hem-de Be\u00ad\u00fdik Bri\u00adta\u00adni\u00ad\u00fda\u00adny\u0148 Par\u00adla\u00admen\u00adti ta\u00adra\u00adpyn\u00addan tas\u00adsyk\u00adlan\u00adma\u00adly. Ta\u00adrap\u00adlar bu res\u00admi\u00adna\u00adma\u00adny 2021-nji \u00fdy\u00adly\u0148 1-nji \u00fdan\u00adwa\u00adryn\u00addan g\u00fc\u00fd\u00adje gi\u00adriz\u00adme\u00adgi yla\u00adla\u015f\u00addy\u00adlar.<\/p>\n","protected":false},"excerpt":{"rendered":"<p>28-nji de\u00adkabr\u00adda \u00ddew\u00adro\u00adpa Bi\u00adle\u00adle\u00ad\u015fi\u00adgi\u00adni\u0148 he\u00admi\u00ad\u015fe\u00adlik we\u00adkil\u00adle\u00adri\u00adni\u0148 to\u00adpa\u00adry 2021-nji \u00fdy\u00adly\u0148 1-nji \u00fdan\u00adwa\u00adryn\u00addan so\u0148\u00adky d\u00f6\u00adw\u00fcr \u00fc\u00e7in Be\u00ad\u00fdik Bri\u00adta\u00adni\u00ad\u00fda bi\u00adlen \u00ddew\u00adro\u00adpa Bi\u00adle\u00adle\u00ad\u015fi\u00adgi\u00adni\u0148 ara\u00adsyn\u00adda\u00adky S\u00f6w\u00adda we hyz\u00admat\u00adda\u015f\u00adlyk \u015fert\u00adna\u00adma\u00adsy\u00adny bi\u00adra\u00adgyz\u00addan tas\u00adsyk\u00adla\u00addy\u00adlar. Bu ba\u00adra\u00adda Germani\u00fda Federatiw Respublikasyny\u0148 \u00ddew\u00adro\u00adpa Bi\u00adle\u00adle\u00ad\u015fi\u00adgin\u00add\u00e4\u00adki he\u00admi\u00ad\u015fe\u00adlik mis\u00adsi\u00ad\u00fda\u00adsy\u00adny\u0148 met\u00adbu\u00adgat sek\u00adre\u00adta\u00adry Se\u00adbas\u00adti\u00adan Fi\u00ad\u015fer m\u00e4\u00adlim et\u00addi. Iki\u00adta\u00adrap\u00adla\u00ad\u00fdyn s\u00f6w\u00adda \u015fert\u00adna\u00adma\u00adsy Be\u00ad\u00fdik Bri\u00adta\u00adni\u00ad\u00fda\u00adny\u0148 \u00ddew\u00adro\u00adpa\u00adny\u0148 i\u00e7er\u00adki ba\u00adza\u00adry bi\u00adlen ara\u00adsy\u00adny \u00fcz\u00adme\u00adgi\u00adne bir\u00adn\u00e4\u00ad\u00e7e g\u00fcn ga\u00adlan\u00adda [&hellip;]<\/p>\n","protected":false},"author":1,"featured_media":37558,"comment_status":"open","ping_status":"closed","sticky":false,"template":"","format":"standard","meta":{"footnotes":""},"categories":[5],"tags":[],"acf":[],"_links":{"self":[{"href":"https:\/\/zamanturkmenistan.com.tm\/index.php?rest_route=\/wp\/v2\/posts\/37557"}],"collection":[{"href":"https:\/\/zamanturkmenistan.com.tm\/index.php?rest_route=\/wp\/v2\/posts"}],"about":[{"href":"https:\/\/zamanturkmenistan.com.tm\/index.php?rest_route=\/wp\/v2\/types\/post"}],"author":[{"embeddable":true,"href":"https:\/\/zamanturkmenistan.com.tm\/index.php?rest_route=\/wp\/v2\/users\/1"}],"replies":[{"embeddable":true,"href":"https:\/\/zamanturkmenistan.com.tm\/index.php?rest_route=%2Fwp%2Fv2%2Fcomments&post=37557"}],"version-history":[{"count":0,"href":"https:\/\/zamanturkmenistan.com.tm\/index.php?rest_route=\/wp\/v2\/posts\/37557\/revisions"}],"wp:featuredmedia":[{"embeddable":true,"href":"https:\/\/zamanturkmenistan.com.tm\/index.php?rest_route=\/wp\/v2\/media\/37558"}],"wp:attachment":[{"href":"https:\/\/zamanturkmenistan.com.tm\/index.php?rest_route=%2Fwp%2Fv2%2Fmedia&parent=37557"}],"wp:term":[{"taxonomy":"category","embeddable":true,"href":"https:\/\/zamanturkmenistan.com.tm\/index.php?rest_route=%2Fwp%2Fv2%2Fcategories&post=37557"},{"taxonomy":"post_tag","embeddable":true,"href":"https:\/\/zamanturkmenistan.com.tm\/index.php?rest_route=%2Fwp%2Fv2%2Ftags&post=37557"}],"curies":[{"name":"wp","href":"https:\/\/api.w.org\/{rel}","templated":true}]}}