{"id":37712,"date":"2021-01-08T11:19:24","date_gmt":"2021-01-08T06:19:24","guid":{"rendered":"https:\/\/zamanturkmenistan.com.tm\/?p=37712"},"modified":"2021-01-08T11:26:02","modified_gmt":"2021-01-08T06:26:02","slug":"turkmenhowayollary-agentligi-airbus-s-a-s-kompaniyasy-bilen-sertnama-baglasar","status":"publish","type":"post","link":"https:\/\/zamanturkmenistan.com.tm\/?p=37712","title":{"rendered":"\u201cT\u00fcrkmenhowa\u00fdollary\u201d agentligi \u201cAirbus S.A.S.\u201d kompani\u00fdasy bilen \u015fertnama bagla\u015far"},"content":{"rendered":"<p>\u201cT\u00fcrkmenistany\u0148 ra\u00fdat awiasi\u00fdasyny \u00f6sd\u00fcrmegi\u0148 2012-2030-njy \u00fdyllar \u00fc\u00e7in Milli maksatnamasynda\u201d g\u00f6z \u00f6\u0148\u00fcnde tutulan wezipeleri \u00fcst\u00fcnlikli durmu\u015fa ge\u00e7irmek we \u00fd\u00fck gatnawlaryny\u0148 m\u00f6\u00e7berlerini artdyrmak maksady bilen, T\u00fcrkmenistany\u0148 Prezidenti Karara gol \u00e7ekdi. Resminama la\u00fdyklykda, \u201cT\u00fcrkmenhowa\u00fdollary\u201d agentligine \u201cA330-200\u201d kysymly \u201cP2F\u201d g\u00f6rn\u00fc\u015fli iki sany ulanylan \u00fd\u00fck howa g\u00e4misini satyn almak barada Fransi\u00fda Respublikasyny\u0148 \u201cAirbus S.A.S.\u201d kompani\u00fdasy bilen \u015fertnama bagla\u015fmaga ygty\u00fdar berildi.<\/p>\n","protected":false},"excerpt":{"rendered":"<p>\u201cT\u00fcrkmenistany\u0148 ra\u00fdat awiasi\u00fdasyny \u00f6sd\u00fcrmegi\u0148 2012-2030-njy \u00fdyllar \u00fc\u00e7in Milli maksatnamasynda\u201d g\u00f6z \u00f6\u0148\u00fcnde tutulan wezipeleri \u00fcst\u00fcnlikli durmu\u015fa ge\u00e7irmek we \u00fd\u00fck gatnawlaryny\u0148 m\u00f6\u00e7berlerini artdyrmak maksady bilen, T\u00fcrkmenistany\u0148 Prezidenti Karara gol \u00e7ekdi. Resminama la\u00fdyklykda, \u201cT\u00fcrkmenhowa\u00fdollary\u201d agentligine \u201cA330-200\u201d kysymly \u201cP2F\u201d g\u00f6rn\u00fc\u015fli iki sany ulanylan \u00fd\u00fck howa g\u00e4misini satyn almak barada Fransi\u00fda Respublikasyny\u0148 \u201cAirbus S.A.S.\u201d kompani\u00fdasy bilen \u015fertnama bagla\u015fmaga ygty\u00fdar berildi.<\/p>\n","protected":false},"author":2,"featured_media":37713,"comment_status":"open","ping_status":"closed","sticky":false,"template":"","format":"standard","meta":{"footnotes":""},"categories":[3],"tags":[],"acf":[],"_links":{"self":[{"href":"https:\/\/zamanturkmenistan.com.tm\/index.php?rest_route=\/wp\/v2\/posts\/37712"}],"collection":[{"href":"https:\/\/zamanturkmenistan.com.tm\/index.php?rest_route=\/wp\/v2\/posts"}],"about":[{"href":"https:\/\/zamanturkmenistan.com.tm\/index.php?rest_route=\/wp\/v2\/types\/post"}],"author":[{"embeddable":true,"href":"https:\/\/zamanturkmenistan.com.tm\/index.php?rest_route=\/wp\/v2\/users\/2"}],"replies":[{"embeddable":true,"href":"https:\/\/zamanturkmenistan.com.tm\/index.php?rest_route=%2Fwp%2Fv2%2Fcomments&post=37712"}],"version-history":[{"count":0,"href":"https:\/\/zamanturkmenistan.com.tm\/index.php?rest_route=\/wp\/v2\/posts\/37712\/revisions"}],"wp:featuredmedia":[{"embeddable":true,"href":"https:\/\/zamanturkmenistan.com.tm\/index.php?rest_route=\/wp\/v2\/media\/37713"}],"wp:attachment":[{"href":"https:\/\/zamanturkmenistan.com.tm\/index.php?rest_route=%2Fwp%2Fv2%2Fmedia&parent=37712"}],"wp:term":[{"taxonomy":"category","embeddable":true,"href":"https:\/\/zamanturkmenistan.com.tm\/index.php?rest_route=%2Fwp%2Fv2%2Fcategories&post=37712"},{"taxonomy":"post_tag","embeddable":true,"href":"https:\/\/zamanturkmenistan.com.tm\/index.php?rest_route=%2Fwp%2Fv2%2Ftags&post=37712"}],"curies":[{"name":"wp","href":"https:\/\/api.w.org\/{rel}","templated":true}]}}