{"id":37774,"date":"2021-01-08T14:16:17","date_gmt":"2021-01-08T09:16:17","guid":{"rendered":"https:\/\/zamanturkmenistan.com.tm\/?p=37774"},"modified":"2021-01-08T14:16:17","modified_gmt":"2021-01-08T09:16:17","slug":"hytay-tagallalaryny-guyclendirer","status":"publish","type":"post","link":"https:\/\/zamanturkmenistan.com.tm\/?p=37774","title":{"rendered":"Hy\u00adta\u00fd ta\u00adgal\u00adla\u00adla\u00adry\u00adny g\u00fc\u00fd\u00e7\u00adlen\u00addi\u00adrer"},"content":{"rendered":"<p>Hy\u00adta\u00fd se\u00adna\u00adgat pu\u00adda\u00adgyn\u00addan b\u00f6\u00adl\u00fc\u00adnip \u00e7yk\u00ad\u00fdan zy\u00ad\u00fdan\u00adly gaz\u00adla\u00adry\u0148 muk\u00adda\u00adry\u00adny azalt\u00admak hem-de esa\u00adsy pu\u00addak\u00adlar\u00adda \u00fdo\u00adka\u00adry ne\u00adti\u00adje\u00adle\u00adri ga\u00adzan\u00admak mak\u00adsa\u00addy bi\u00adlen he\u00adre\u00adket me\u00ad\u00fdil\u00adna\u00adma\u00adla\u00adry\u00adny i\u015f\u00adl\u00e4p d\u00fcz\u00adme\u00adgi me\u00ad\u00fdil\u00adle\u015f\u00addir\u00ad\u00fd\u00e4r. Bu ba\u00adra\u00adda Hy\u00adta\u00fd Halk Res\u00adpub\u00adli\u00adka\u00adsy\u00adny\u0148 Se\u00adna\u00adgat we mag\u00adlu\u00admat teh\u00adno\u00adlo\u00adgi\u00ad\u00fda\u00adsy mi\u00adnist\u00adri S\u00fdao \u00dda\u00adsin m\u00e4\u00adlim et\u00addi. Mi\u00adnistr agyr we hi\u00admi\u00ad\u00fda se\u00adna\u00adga\u00adty pu\u00addak\u00adla\u00adry\u00adny\u0148 t\u00e4\u00adze \u00f6n\u00fcm\u00ad\u00e7i\u00adlik kuw\u00adwa\u00adty\u00adna g\u00f6\u00adzeg\u00ad\u00e7i\u00adli\u00adgi g\u00fc\u00fd\u00e7\u00adlen\u00addir\u00admek, \u015fe\u00fd\u00adle hem po\u00adlat \u00f6n\u00fcm\u00ad\u00e7i\u00adli\u00adgi\u00adni azalt\u00admak mak\u00adsa\u00addy bi\u00adlen ze\u00adrur ta\u00adgal\u00adla\u00adla\u00adry\u0148 edil\u00adjek\u00addi\u00adgi\u00adni a\u00fdt\u00addy.<br \/>\nHy\u00adta\u00fd 2112 sa\u00adny \u00ab\u00fda\u00ad\u015fyl\u00bb za\u00adwo\u00addy\u0148 hem-de 171 sa\u00adny \u00ab\u00fda\u00ad\u015fyl\u00bb se\u00adna\u00adgat par\u00adky\u00adny\u0148 gur\u00adlu\u00ad\u015fy\u00adgy \u00fc\u00e7in \u00ab\u00fda\u00ad\u015fyl\u00bb \u00f6n\u00fcm\u00ad\u00e7i\u00adlik ul\u00adgam\u00adla\u00adry\u00adny or\u00adna\u015f\u00addyr\u00ad\u00fdar. Bu \u00fdag\u00adda\u00fd se\u00adna\u00adgat k\u00e4r\u00adha\u00adna\u00adla\u00adryn\u00adda eko\u00adlo\u00adgik ta\u00fd\u00addan aras\u00adsa ener\u00adgi\u00ad\u00fda e\u00fde bo\u00adlan ul\u00adgam\u00adla\u00adry or\u00adna\u015f\u00addyr\u00adma\u00adga we ga\u00fd\u00adta\u00addan di\u00adkel\u00addil\u00ad\u00fd\u00e4n ener\u00adgi\u00ad\u00fda\u00adny ile\u00adri tut\u00adma\u00adga h\u00f6\u00adwes\u00adlen\u00addi\u00adrer di\u00ad\u00fdip \u00e7ak edil\u00fd\u00e4r.<br \/>\nHy\u00adta\u00fd ozal k\u00f6\u00adm\u00fcr\u00adtur\u00ad\u015fy ga\u00adzy\u00adny\u0148 zy\u00ad\u0148yn\u00addy\u00adla\u00adry\u00adny 2030-njy \u00fdy\u00adla \u00e7en\u00adli ara\u00addan a\u00fdyr\u00adma\u00adga ta\u00adgal\u00adla edip, 2060-njy \u00fdy\u00adla \u00e7en\u00adli 0 de\u00adre\u00adj\u00e4 \u00fde\u00adtir\u00adjek\u00addi\u00adgi\u00adni m\u00e4\u00adlim edip\u00addi. \u2013 Aw\u00adtou\u00adlag pu\u00adda\u00adgyn\u00adda bu mak\u00adsat\u00adla\u00adra \u00fdet\u00admek, elekt\u00adrou\u00adlag\u00adla\u00adry\u0148 art\u00adma\u00adgy\u00adna \u00fdar\u00addam ber\u00admek hem-de t\u00e4\u00adze ener\u00adgi\u00ad\u00fda \u00e7e\u015f\u00adme\u00adle\u00adri\u00adni ulan\u00ad\u00fdan ulag\u00adla\u00adry\u0148 ba\u00adta\u00adre\u00ad\u00fda\u00adla\u00adry\u00adny\u0148 ara\u00addan a\u00fd\u00adryl\u00adma\u00adgy\u00adny \u00e7alt\u00adla\u015f\u00addyr\u00admak \u00fc\u00e7in d\u00fcr\u00adli me\u00ad\u00fdil\u00adna\u00adma\u00adla\u00adry d\u00fcz\u00adm\u00e4\u00adge ta\u00adgal\u00adla edi\u00adler \u2013 di\u00ad\u00fdip, S\u00fdao \u00dda\u00adsin bel\u00adle\u00addi.<\/p>\n","protected":false},"excerpt":{"rendered":"<p>Hy\u00adta\u00fd se\u00adna\u00adgat pu\u00adda\u00adgyn\u00addan b\u00f6\u00adl\u00fc\u00adnip \u00e7yk\u00ad\u00fdan zy\u00ad\u00fdan\u00adly gaz\u00adla\u00adry\u0148 muk\u00adda\u00adry\u00adny azalt\u00admak hem-de esa\u00adsy pu\u00addak\u00adlar\u00adda \u00fdo\u00adka\u00adry ne\u00adti\u00adje\u00adle\u00adri ga\u00adzan\u00admak mak\u00adsa\u00addy bi\u00adlen he\u00adre\u00adket me\u00ad\u00fdil\u00adna\u00adma\u00adla\u00adry\u00adny i\u015f\u00adl\u00e4p d\u00fcz\u00adme\u00adgi me\u00ad\u00fdil\u00adle\u015f\u00addir\u00ad\u00fd\u00e4r. Bu ba\u00adra\u00adda Hy\u00adta\u00fd Halk Res\u00adpub\u00adli\u00adka\u00adsy\u00adny\u0148 Se\u00adna\u00adgat we mag\u00adlu\u00admat teh\u00adno\u00adlo\u00adgi\u00ad\u00fda\u00adsy mi\u00adnist\u00adri S\u00fdao \u00dda\u00adsin m\u00e4\u00adlim et\u00addi. Mi\u00adnistr agyr we hi\u00admi\u00ad\u00fda se\u00adna\u00adga\u00adty pu\u00addak\u00adla\u00adry\u00adny\u0148 t\u00e4\u00adze \u00f6n\u00fcm\u00ad\u00e7i\u00adlik kuw\u00adwa\u00adty\u00adna g\u00f6\u00adzeg\u00ad\u00e7i\u00adli\u00adgi g\u00fc\u00fd\u00e7\u00adlen\u00addir\u00admek, \u015fe\u00fd\u00adle hem po\u00adlat \u00f6n\u00fcm\u00ad\u00e7i\u00adli\u00adgi\u00adni azalt\u00admak mak\u00adsa\u00addy bi\u00adlen ze\u00adrur [&hellip;]<\/p>\n","protected":false},"author":1,"featured_media":37778,"comment_status":"open","ping_status":"closed","sticky":false,"template":"","format":"standard","meta":{"footnotes":""},"categories":[5],"tags":[],"acf":[],"_links":{"self":[{"href":"https:\/\/zamanturkmenistan.com.tm\/index.php?rest_route=\/wp\/v2\/posts\/37774"}],"collection":[{"href":"https:\/\/zamanturkmenistan.com.tm\/index.php?rest_route=\/wp\/v2\/posts"}],"about":[{"href":"https:\/\/zamanturkmenistan.com.tm\/index.php?rest_route=\/wp\/v2\/types\/post"}],"author":[{"embeddable":true,"href":"https:\/\/zamanturkmenistan.com.tm\/index.php?rest_route=\/wp\/v2\/users\/1"}],"replies":[{"embeddable":true,"href":"https:\/\/zamanturkmenistan.com.tm\/index.php?rest_route=%2Fwp%2Fv2%2Fcomments&post=37774"}],"version-history":[{"count":0,"href":"https:\/\/zamanturkmenistan.com.tm\/index.php?rest_route=\/wp\/v2\/posts\/37774\/revisions"}],"wp:featuredmedia":[{"embeddable":true,"href":"https:\/\/zamanturkmenistan.com.tm\/index.php?rest_route=\/wp\/v2\/media\/37778"}],"wp:attachment":[{"href":"https:\/\/zamanturkmenistan.com.tm\/index.php?rest_route=%2Fwp%2Fv2%2Fmedia&parent=37774"}],"wp:term":[{"taxonomy":"category","embeddable":true,"href":"https:\/\/zamanturkmenistan.com.tm\/index.php?rest_route=%2Fwp%2Fv2%2Fcategories&post=37774"},{"taxonomy":"post_tag","embeddable":true,"href":"https:\/\/zamanturkmenistan.com.tm\/index.php?rest_route=%2Fwp%2Fv2%2Ftags&post=37774"}],"curies":[{"name":"wp","href":"https:\/\/api.w.org\/{rel}","templated":true}]}}