{"id":37921,"date":"2021-01-13T09:22:41","date_gmt":"2021-01-13T04:22:41","guid":{"rendered":"https:\/\/zamanturkmenistan.com.tm\/?p=37921"},"modified":"2021-01-14T21:40:08","modified_gmt":"2021-01-14T16:40:08","slug":"dasary-yurtly-hyzmatdaslar-bilen-nobatdaky-wideodususyklar","status":"publish","type":"post","link":"https:\/\/zamanturkmenistan.com.tm\/?p=37921","title":{"rendered":"M\u00f6\u00adh\u00fcm tas\u00adla\u00adma\u00adlar \u00fcs\u00adt\u00fcn\u00adlik\u00adli ama\u00adla a\u015fy\u00adry\u00adlar"},"content":{"rendered":"<p>12-nji \u00fdanwarda \u00ddewropany\u0148 t\u00e4zeleni\u015f we \u00f6s\u00fc\u015f bankyny\u0148 (\u00ddT\u00d6B) wekilleri bilen ge\u00e7irilen wideodu\u015fu\u015fygy\u0148 g\u00fcn tertibine ikitarapla\u00fdyn hyzmatda\u015flygy \u00f6sd\u00fcrmek we onu\u0148 geljegi bilen baglany\u015fykly meseleler girizildi. Du\u015fu\u015fyga Mali\u00fde we ykdysady\u00fdet ministrlgiini\u0148, \u201cHalkbank\u201d pa\u00fddarlar t\u00e4jir\u00e7ilik bankyny\u0148 \u00fdolba\u015f\u00e7ylary hem-de h\u00fcn\u00e4rmenleri, \u00ddT\u00d6B-ni\u0148 T\u00fcrkmenistandaky wekilhanasyny\u0148 \u00fdolba\u015f\u00e7ysy gatna\u015fdylar.<\/p>\n<p>Du\u015fu\u015fyga gatna\u015fyjylar milli Liderimizi\u0148 \u00f6\u0148deng\u00f6r\u00fcjilikli sy\u00fdasaty netijesinde, T\u00fcrkmenistany\u0148 halkara mali\u00fde we ykdysady d\u00fcz\u00fcmleri, \u015fol sanda \u00ddT\u00d6B bilen gatna\u015fyklaryny ep-esli gi\u0148eldendigini bellediler. Bu bank bilen hyzmatda\u015flykda m\u00f6h\u00fcm taslamalary\u0148 birn\u00e4\u00e7esi \u00fcst\u00fcnlikli amala a\u015fyryldy.<\/p>\n<p>Du\u015fu\u015fyga gatna\u015fyjylar geljekki gatna\u015fyklary\u0148 \u00e7\u00e4klerinde g\u00f6z \u00f6\u0148\u00fcnde tutulan me\u00fdilnamalary ara alyp maslahatla\u015fmagy\u0148 bar\u015fynda, \u00fdurdumyzda milli ykdysady\u00fdetimizde amala a\u015fyryl\u00fdan \u00f6zgertmeler bilen baglylykda, gatna\u015fyklary \u00f6sd\u00fcrmegi\u0148 geljegi barada pikir aly\u015fdylar.<\/p>\n<p>Da\u015fary \u00fdurt ma\u00fdalaryny hem-de Di\u00fdarymyzy\u0148 teleke\u00e7ilik ulgamyny\u0148 seri\u015fdelerini \u00e7ekmek \u00fc\u00e7in \u00fdurdumyzda d\u00f6redilen amatly \u00fdagda\u00fdy\u0148 esasynda ma\u00fda go\u00fdum i\u015fini i\u015fje\u0148le\u015fdirmek bu \u00f6zgertmeleri\u0148 esasy ugurlaryny\u0148 biridir.<\/p>\n<p>\u015ee\u00fdle hem t\u00fcrkmen ykdysady\u00fdetini\u0148 hususy ulgamyny \u00f6sd\u00fcrmekde \u201cHalkbank\u201d pa\u00fddarlar t\u00e4jir\u00e7ilik bankyny\u0148 m\u00f6h\u00fcm orun e\u00fdele\u00fd\u00e4ndigi bellenildi. Du\u015fu\u015fyga gatna\u015fy\u00f6jylary\u0148 me\u00fdilanamalary h\u00e4zirki zaman i\u015few\u00fcrlik ugurlaryny hem-de bank ulgamynda dolandyry\u015f i\u015fini goldamak bo\u00fdun\u00e7a \u00e7\u00e4releri ge\u00e7irmegi g\u00f6z \u00f6\u0148\u00fcnde tut\u00fdar.<\/p>\n","protected":false},"excerpt":{"rendered":"<p>12-nji \u00fdanwarda \u00ddewropany\u0148 t\u00e4zeleni\u015f we \u00f6s\u00fc\u015f bankyny\u0148 (\u00ddT\u00d6B) wekilleri bilen ge\u00e7irilen wideodu\u015fu\u015fygy\u0148 g\u00fcn tertibine ikitarapla\u00fdyn hyzmatda\u015flygy \u00f6sd\u00fcrmek we onu\u0148 geljegi bilen baglany\u015fykly meseleler girizildi. Du\u015fu\u015fyga Mali\u00fde we ykdysady\u00fdet ministrlgiini\u0148, \u201cHalkbank\u201d pa\u00fddarlar t\u00e4jir\u00e7ilik bankyny\u0148 \u00fdolba\u015f\u00e7ylary hem-de h\u00fcn\u00e4rmenleri, \u00ddT\u00d6B-ni\u0148 T\u00fcrkmenistandaky wekilhanasyny\u0148 \u00fdolba\u015f\u00e7ysy gatna\u015fdylar. Du\u015fu\u015fyga gatna\u015fyjylar milli Liderimizi\u0148 \u00f6\u0148deng\u00f6r\u00fcjilikli sy\u00fdasaty netijesinde, T\u00fcrkmenistany\u0148 halkara mali\u00fde we ykdysady d\u00fcz\u00fcmleri, \u015fol [&hellip;]<\/p>\n","protected":false},"author":2,"featured_media":37922,"comment_status":"open","ping_status":"closed","sticky":false,"template":"","format":"standard","meta":{"footnotes":""},"categories":[3],"tags":[],"acf":[],"_links":{"self":[{"href":"https:\/\/zamanturkmenistan.com.tm\/index.php?rest_route=\/wp\/v2\/posts\/37921"}],"collection":[{"href":"https:\/\/zamanturkmenistan.com.tm\/index.php?rest_route=\/wp\/v2\/posts"}],"about":[{"href":"https:\/\/zamanturkmenistan.com.tm\/index.php?rest_route=\/wp\/v2\/types\/post"}],"author":[{"embeddable":true,"href":"https:\/\/zamanturkmenistan.com.tm\/index.php?rest_route=\/wp\/v2\/users\/2"}],"replies":[{"embeddable":true,"href":"https:\/\/zamanturkmenistan.com.tm\/index.php?rest_route=%2Fwp%2Fv2%2Fcomments&post=37921"}],"version-history":[{"count":0,"href":"https:\/\/zamanturkmenistan.com.tm\/index.php?rest_route=\/wp\/v2\/posts\/37921\/revisions"}],"wp:featuredmedia":[{"embeddable":true,"href":"https:\/\/zamanturkmenistan.com.tm\/index.php?rest_route=\/wp\/v2\/media\/37922"}],"wp:attachment":[{"href":"https:\/\/zamanturkmenistan.com.tm\/index.php?rest_route=%2Fwp%2Fv2%2Fmedia&parent=37921"}],"wp:term":[{"taxonomy":"category","embeddable":true,"href":"https:\/\/zamanturkmenistan.com.tm\/index.php?rest_route=%2Fwp%2Fv2%2Fcategories&post=37921"},{"taxonomy":"post_tag","embeddable":true,"href":"https:\/\/zamanturkmenistan.com.tm\/index.php?rest_route=%2Fwp%2Fv2%2Ftags&post=37921"}],"curies":[{"name":"wp","href":"https:\/\/api.w.org\/{rel}","templated":true}]}}