{"id":37995,"date":"2021-01-15T12:32:15","date_gmt":"2021-01-15T07:32:15","guid":{"rendered":"https:\/\/zamanturkmenistan.com.tm\/?p=37995"},"modified":"2021-01-15T17:58:55","modified_gmt":"2021-01-15T12:58:55","slug":"akina-andhoy-demir-yoly-ulanylmaga-berildi","status":"publish","type":"post","link":"https:\/\/zamanturkmenistan.com.tm\/?p=37995","title":{"rendered":"Akina-Andho\u00fd demir \u00fdoly ulanylmaga berildi"},"content":{"rendered":"<p>14-nji \u00fdanwarda Owganystan Yslam Respublikasyny\u0148 Akina-Andho\u00fd beketlerini\u0148 aralygynda uzynlygy 30 kilometr bolan demir \u00fdoluny\u0148 a\u00e7yly\u015f dabarasy ge\u00e7irildi.<\/p>\n<p>\u00c7\u00e4r\u00e4 T\u00fcrkmenistany\u0148 we Owganystan Yslam Respublikasyny\u0148 d\u00f6wlet Ba\u015ftutanlary, h\u00f6k\u00fcmet agzalary, iki \u00fdurdu\u0148 birn\u00e4\u00e7e ministrliklerini\u0148 we pudak edaralaryny\u0148 wekilleri, jemgy\u00fdet\u00e7ilik guramalaryny\u0148 wekilleri gatna\u015fdylar.<\/p>\n<p>\u00abT\u00fcrkmendemir\u00fdollary\u00bb agentligini\u0148 ba\u015flygy A.Atamyradow we Owganystany\u0148 Demir \u00fdol ulaglary edarasyny\u0148 \u00fdolba\u015f\u00e7ysy Mohammad \u00ddamma \u015eams dabara gatna\u015fyjylara gurlu\u015fyk i\u015fleri barada g\u00fcrr\u00fc\u0148 berdiler.<\/p>\n<p>\u00abT\u00fcrkmendemir\u00fdollary\u00bb agentligini\u0148 ba\u015flygy \u00f6z \u00e7yky\u015fynda T\u00fcrkmenistany\u0148 demir \u00fdol ulgamy bilen birik\u00fd\u00e4n Akina-Andho\u00fd demir \u00fdol \u015faham\u00e7asyny\u0148 Azi\u00fda halkara demir \u00fdol ulag ge\u00e7elgesini\u0148 bir b\u00f6legi bolup, Lazurit (Lapis-Lazuli) ge\u00e7elgesini\u0148 wajyp b\u00f6legi boljakdygyny belledi.<\/p>\n<p>Owganystany\u0148 Demir \u00fdol ulaglary edarasyny\u0148 \u00fdolba\u015f\u00e7ysy Akina-Andho\u00fd demir \u00fdoly Owganystany\u0148 ykdysady \u00f6s\u00fc\u015finde, ki\u00e7i we orta teleke\u00e7iligi\u0148 i\u015fje\u0148le\u015fdirilmeginde we t\u00e4ze i\u015f \u00fderlerini d\u00f6retmekde we Owganystany\u0148 ulag-\u00fcsta\u015fyr m\u00fcmkin\u00e7iliklerini gi\u0148eltmekde t\u00e4ze m\u00fcmkin\u00e7ilikleri a\u00e7ar di\u00fdip belledi.<\/p>\n<p>Dabarany\u0148 dowamynda T\u00fcrkmenistany\u0148 Prezidenti Gurbanguly Berdimuhamedow we Owganystan Yslam Respublikasyny\u0148 Prezidenti Mohammad A\u015fraf Gani Akina-Andho\u00fd demir \u00fdoluny\u0148 i\u015fe girizilmegine ak pata berdiler.<\/p>\n<p>Demir \u00fdol \u015faham\u00e7asyny\u0148 a\u00e7yly\u015fynda T\u00fcrkmenistany\u0148 eksport \u00f6n\u00fcmleri \u00fd\u00fcklenen 20 wagondan ybarat demir \u00fdol d\u00fcz\u00fcmi\u0148 Akina bekedinden Andho\u00fd \u015f\u00e4herine tarap ugrady.<\/p>\n","protected":false},"excerpt":{"rendered":"<p>14-nji \u00fdanwarda Owganystan Yslam Respublikasyny\u0148 Akina-Andho\u00fd beketlerini\u0148 aralygynda uzynlygy 30 kilometr bolan demir \u00fdoluny\u0148 a\u00e7yly\u015f dabarasy ge\u00e7irildi. \u00c7\u00e4r\u00e4 T\u00fcrkmenistany\u0148 we Owganystan Yslam Respublikasyny\u0148 d\u00f6wlet Ba\u015ftutanlary, h\u00f6k\u00fcmet agzalary, iki \u00fdurdu\u0148 birn\u00e4\u00e7e ministrliklerini\u0148 we pudak edaralaryny\u0148 wekilleri, jemgy\u00fdet\u00e7ilik guramalaryny\u0148 wekilleri gatna\u015fdylar. \u00abT\u00fcrkmendemir\u00fdollary\u00bb agentligini\u0148 ba\u015flygy A.Atamyradow we Owganystany\u0148 Demir \u00fdol ulaglary edarasyny\u0148 \u00fdolba\u015f\u00e7ysy Mohammad \u00ddamma \u015eams dabara gatna\u015fyjylara [&hellip;]<\/p>\n","protected":false},"author":2,"featured_media":37996,"comment_status":"open","ping_status":"closed","sticky":false,"template":"","format":"standard","meta":{"footnotes":""},"categories":[3],"tags":[],"acf":[],"_links":{"self":[{"href":"https:\/\/zamanturkmenistan.com.tm\/index.php?rest_route=\/wp\/v2\/posts\/37995"}],"collection":[{"href":"https:\/\/zamanturkmenistan.com.tm\/index.php?rest_route=\/wp\/v2\/posts"}],"about":[{"href":"https:\/\/zamanturkmenistan.com.tm\/index.php?rest_route=\/wp\/v2\/types\/post"}],"author":[{"embeddable":true,"href":"https:\/\/zamanturkmenistan.com.tm\/index.php?rest_route=\/wp\/v2\/users\/2"}],"replies":[{"embeddable":true,"href":"https:\/\/zamanturkmenistan.com.tm\/index.php?rest_route=%2Fwp%2Fv2%2Fcomments&post=37995"}],"version-history":[{"count":0,"href":"https:\/\/zamanturkmenistan.com.tm\/index.php?rest_route=\/wp\/v2\/posts\/37995\/revisions"}],"wp:featuredmedia":[{"embeddable":true,"href":"https:\/\/zamanturkmenistan.com.tm\/index.php?rest_route=\/wp\/v2\/media\/37996"}],"wp:attachment":[{"href":"https:\/\/zamanturkmenistan.com.tm\/index.php?rest_route=%2Fwp%2Fv2%2Fmedia&parent=37995"}],"wp:term":[{"taxonomy":"category","embeddable":true,"href":"https:\/\/zamanturkmenistan.com.tm\/index.php?rest_route=%2Fwp%2Fv2%2Fcategories&post=37995"},{"taxonomy":"post_tag","embeddable":true,"href":"https:\/\/zamanturkmenistan.com.tm\/index.php?rest_route=%2Fwp%2Fv2%2Ftags&post=37995"}],"curies":[{"name":"wp","href":"https:\/\/api.w.org\/{rel}","templated":true}]}}