{"id":38055,"date":"2021-01-15T14:01:55","date_gmt":"2021-01-15T09:01:55","guid":{"rendered":"https:\/\/zamanturkmenistan.com.tm\/?p=38055"},"modified":"2021-01-15T14:01:55","modified_gmt":"2021-01-15T09:01:55","slug":"germaniyanyn-kansleri-wezipesine-dalasgar","status":"publish","type":"post","link":"https:\/\/zamanturkmenistan.com.tm\/?p=38055","title":{"rendered":"Ger\u00adma\u00adni\u00ad\u00fda\u00adny\u0148 Kans\u00adle\u00adri we\u00adzi\u00adpe\u00adsi\u00adne da\u00adla\u015f\u00adg\u00e4r"},"content":{"rendered":"<p>D\u00fcn\u00ad\u00fd\u00e4\u00adde eme\u00adle ge\u00adlen \u00e7yl\u00ad\u015fy\u00adrym\u00adly \u00fdag\u00adda\u00fd\u00adlar\u00adda me\u015f\u00adhur\u00adly\u00adgy has-da art\u00ad\u00fdan Ger\u00adma\u00adni\u00ad\u00fda\u00adny\u0148 sag\u00adly\u00adgy go\u00adra\u00ad\u00fdy\u015f mi\u00adnist\u00adri \u00ddens \u015epan \u015fu \u00fdy\u00adly\u0148 sent\u00ad\u00fdabr a\u00fdyn\u00adda Ger\u00adma\u00adni\u00ad\u00fda\u00adny\u0148 Kans\u00adle\u00adri we\u00adzi\u00adpe\u00adsi\u00adne da\u00adla\u015f\u00adg\u00e4r bol\u00admak m\u00fcm\u00adkin\u00ad\u00e7i\u00adli\u00adgi\u00adni g\u00f6z \u00f6\u0148\u00fcn\u00adde tut\u00ad\u00fdar. Ozal ha\u00adbar ber\u00adli\u00ad\u015fi \u00fda\u00adly, 2021-nji \u00fdy\u00adly\u0148 sent\u00ad\u00fdabr a\u00fdyn\u00adda Ger\u00adma\u00adni\u00ad\u00fda\u00adda Parlament (Bundestag) sa\u00fd\u00adlaw\u00adla\u00adry ge\u00ad\u00e7i\u00adri\u00adler. \u00ddur\u00addu\u0148 h\u00e4\u00adzir\u00adki Kans\u00adle\u00adri An\u00adge\u00adla Mer\u00adkel umu\u00admy\u00adfe\u00adde\u00adral Par\u00adla\u00adment sa\u00fd\u00adlaw\u00adla\u00adryn\u00adda \u00f6z da\u00adla\u015f\u00adg\u00e4r\u00adli\u00adgi\u00adni h\u00f6\u00add\u00fcr\u00adle\u00adme\u00adjek\u00addi\u00adgi\u00adni m\u00e4\u00adlim et\u00addi. \u00dda\u00adkyn g\u00fcn\u00adler\u00adde ne\u00admes kon\u00adser\u00adwa\u00adtor\u00adla\u00adry\u00adny\u0148 \u2013 Hris\u00adti\u00adan De\u00admok\u00adra\u00adtik Bi\u00adle\u00adle\u00ad\u015fi\u00adgi\u00adni\u0148 (CDU) gu\u00adrul\u00adta\u00ad\u00fdy ge\u00ad\u00e7i\u00adri\u00adler. On\u00adda par\u00adti\u00ad\u00fda\u00adny\u0148 t\u00e4\u00adze ba\u015f\u00adly\u00adgy sa\u00fd\u00adla\u00adnar. Bu gu\u00adrul\u00adta\u00fd\u00adda \u00ddens \u015epan Ger\u00adma\u00adni\u00ad\u00fda\u00adny\u0148 Kans\u00adle\u00adri we\u00adzi\u00adpe\u00adsi\u00adne da\u00adla\u015f\u00adg\u00e4r bo\u00adlar. CDU-ny\u0148 ba\u015f\u00adly\u00adgy we\u00adzi\u00adpe\u00adsi\u00adne \u00fc\u00e7 da\u00adla\u015f\u00adg\u00e4r res\u00admi ta\u00fd\u00addan h\u00f6\u00add\u00fcr\u00adlen\u00ad\u00fd\u00e4r\u2013 i\u015fe\u00adw\u00fcr Frid\u00adrih Mers, De\u00admir\u00adga\u00adzyk Re\u00fdn fe\u00adde\u00adral se\u00adbi\u00adti\u00adni\u0148 Prem\u00ad\u00fder-mi\u00adnist\u00adri Ar\u00admin Las\u00ad\u015fet we Bun\u00addes\u00adta\u00adgy\u0148 hal\u00adka\u00adra gat\u00adna\u00ad\u015fyk\u00adlar bo\u00ad\u00fdun\u00ad\u00e7a ko\u00admi\u00adte\u00adti\u00adni\u0148 ba\u015f\u00adly\u00adgy Nor\u00adbert R\u00fdot\u00adgen.<br \/>\nSo\u0148\u00adky hep\u00adde\u00adler\u00adde sag\u00adly\u00adgy go\u00adra\u00ad\u00fdy\u015f mi\u00adnist\u00adri \u00ddens \u015epan par\u00adti\u00ad\u00fda\u00adny\u0148 we\u00adkil\u00adle\u00adri bi\u00adlen \u00f6z\u00fc\u00adni\u0148 sy\u00ad\u00fda\u00adsy m\u00fcm\u00adkin\u00ad\u00e7i\u00adlik\u00adle\u00adri\u00adni i\u015f\u00adje\u0148 ara alyp mas\u00adla\u00adhat\u00adla\u015f\u00ad\u00fdar. Ol mun\u00addan ozal Ar\u00admin La\u00ad\u015fe\u00adti\u0148 CDU-ny\u0148 ba\u015f\u00adly\u00adgy we\u00adzi\u00adpe\u00adsi\u00adne da\u00adla\u015f\u00adg\u00e4r\u00adli\u00adgi\u00adni gol\u00adda\u00ad\u00fdar\u00addy. \u00ddens \u015epan par\u00adti\u00ad\u00fda\u00adny\u0148 ba\u015f\u00adly\u00adgy we\u00adzi\u00adpe\u00adsi\u00adne bo\u00adlan b\u00e4s\u00adde\u015f\u00adli\u00adge gat\u00adna\u015f\u00adma\u00adsa-da, Kans\u00adler we\u00adzi\u00adpe\u00adsi\u00adne ge\u00e7\u00admek m\u00fcm\u00adkin\u00ad\u00e7i\u00adlik\u00adle\u00adri\u00adne ga\u00adra\u00ad\u00fdar. CDU-ny\u0148 bir\u00adn\u00e4\u00ad\u00e7e we\u00adki\u00adli\u00adni\u0148 tas\u00adsyk\u00adla\u00adma\u00adgy\u00adna g\u00f6\u00adr\u00e4, Ar\u00admin La\u00ad\u015fet CDU-ny\u0148 ba\u015f\u00adly\u00adgy we\u00adzi\u00adpe\u00adsi\u00adni e\u00fde\u00adl\u00e4n ha\u00adla\u00adtyn\u00adda-da \u00ddens \u015epan bu m\u00fcm\u00adkin\u00ad\u00e7i\u00adli\u00adgi g\u00f6z \u00f6\u0148\u00fcn\u00adde tut\u00adar.<br \/>\nGe\u00ad\u00e7en \u00fdy\u00adly\u0148 de\u00adkabr a\u00fdy\u00adny\u0148 ahy\u00adryn\u00adda \u00abKan\u00adtar\u00bb sel\u00adje\u00adri\u015f mer\u00adke\u00adzi ta\u00adra\u00adpyn\u00addan ge\u00ad\u00e7i\u00adri\u00adlen pi\u00adkir so\u00adra\u00adl\u00ad\u015fy\u00adgy\u0148 ne\u00adti\u00adje\u00adle\u00adri 2021-nji \u00fdyl\u00adda \u00ddens \u015epa\u00adny\u0148 Kans\u00adler we\u00adzi\u00adpe\u00adsi\u00adni e\u00fde\u00adle\u00adjek\u00addi\u00adgi\u00adni g\u00f6r\u00adkez\u00addi. \u015eol pi\u00adkir so\u00adral\u00ad\u015fyk\u00adda sag\u00adlyk mi\u00adnist\u00adri ses\u00adle\u00adri\u0148 51 g\u00f6\u00adte\u00adri\u00admi\u00adni ga\u00adza\u00adnyp, me\u015f\u00adhur\u00adly\u00adgy bo\u00ad\u00fdun\u00ad\u00e7a An\u00adge\u00adla Mer\u00adkel\u00adden \u00f6\u0148e ge\u00e7\u00addi.<\/p>\n","protected":false},"excerpt":{"rendered":"<p>D\u00fcn\u00ad\u00fd\u00e4\u00adde eme\u00adle ge\u00adlen \u00e7yl\u00ad\u015fy\u00adrym\u00adly \u00fdag\u00adda\u00fd\u00adlar\u00adda me\u015f\u00adhur\u00adly\u00adgy has-da art\u00ad\u00fdan Ger\u00adma\u00adni\u00ad\u00fda\u00adny\u0148 sag\u00adly\u00adgy go\u00adra\u00ad\u00fdy\u015f mi\u00adnist\u00adri \u00ddens \u015epan \u015fu \u00fdy\u00adly\u0148 sent\u00ad\u00fdabr a\u00fdyn\u00adda Ger\u00adma\u00adni\u00ad\u00fda\u00adny\u0148 Kans\u00adle\u00adri we\u00adzi\u00adpe\u00adsi\u00adne da\u00adla\u015f\u00adg\u00e4r bol\u00admak m\u00fcm\u00adkin\u00ad\u00e7i\u00adli\u00adgi\u00adni g\u00f6z \u00f6\u0148\u00fcn\u00adde tut\u00ad\u00fdar. Ozal ha\u00adbar ber\u00adli\u00ad\u015fi \u00fda\u00adly, 2021-nji \u00fdy\u00adly\u0148 sent\u00ad\u00fdabr a\u00fdyn\u00adda Ger\u00adma\u00adni\u00ad\u00fda\u00adda Parlament (Bundestag) sa\u00fd\u00adlaw\u00adla\u00adry ge\u00ad\u00e7i\u00adri\u00adler. \u00ddur\u00addu\u0148 h\u00e4\u00adzir\u00adki Kans\u00adle\u00adri An\u00adge\u00adla Mer\u00adkel umu\u00admy\u00adfe\u00adde\u00adral Par\u00adla\u00adment sa\u00fd\u00adlaw\u00adla\u00adryn\u00adda \u00f6z da\u00adla\u015f\u00adg\u00e4r\u00adli\u00adgi\u00adni h\u00f6\u00add\u00fcr\u00adle\u00adme\u00adjek\u00addi\u00adgi\u00adni m\u00e4\u00adlim et\u00addi. \u00dda\u00adkyn g\u00fcn\u00adler\u00adde [&hellip;]<\/p>\n","protected":false},"author":1,"featured_media":38056,"comment_status":"open","ping_status":"closed","sticky":false,"template":"","format":"standard","meta":{"footnotes":""},"categories":[5],"tags":[],"acf":[],"_links":{"self":[{"href":"https:\/\/zamanturkmenistan.com.tm\/index.php?rest_route=\/wp\/v2\/posts\/38055"}],"collection":[{"href":"https:\/\/zamanturkmenistan.com.tm\/index.php?rest_route=\/wp\/v2\/posts"}],"about":[{"href":"https:\/\/zamanturkmenistan.com.tm\/index.php?rest_route=\/wp\/v2\/types\/post"}],"author":[{"embeddable":true,"href":"https:\/\/zamanturkmenistan.com.tm\/index.php?rest_route=\/wp\/v2\/users\/1"}],"replies":[{"embeddable":true,"href":"https:\/\/zamanturkmenistan.com.tm\/index.php?rest_route=%2Fwp%2Fv2%2Fcomments&post=38055"}],"version-history":[{"count":0,"href":"https:\/\/zamanturkmenistan.com.tm\/index.php?rest_route=\/wp\/v2\/posts\/38055\/revisions"}],"wp:featuredmedia":[{"embeddable":true,"href":"https:\/\/zamanturkmenistan.com.tm\/index.php?rest_route=\/wp\/v2\/media\/38056"}],"wp:attachment":[{"href":"https:\/\/zamanturkmenistan.com.tm\/index.php?rest_route=%2Fwp%2Fv2%2Fmedia&parent=38055"}],"wp:term":[{"taxonomy":"category","embeddable":true,"href":"https:\/\/zamanturkmenistan.com.tm\/index.php?rest_route=%2Fwp%2Fv2%2Fcategories&post=38055"},{"taxonomy":"post_tag","embeddable":true,"href":"https:\/\/zamanturkmenistan.com.tm\/index.php?rest_route=%2Fwp%2Fv2%2Ftags&post=38055"}],"curies":[{"name":"wp","href":"https:\/\/api.w.org\/{rel}","templated":true}]}}