{"id":38064,"date":"2021-01-15T14:04:20","date_gmt":"2021-01-15T09:04:20","guid":{"rendered":"https:\/\/zamanturkmenistan.com.tm\/?p=38064"},"modified":"2021-01-15T14:04:20","modified_gmt":"2021-01-15T09:04:20","slug":"sonky-146-yylda-in-mayyl-yyl","status":"publish","type":"post","link":"https:\/\/zamanturkmenistan.com.tm\/?p=38064","title":{"rendered":"So\u0148\u00adky 146 \u00fdyl\u00adda i\u0148 ma\u00fdyl \u00fdyl"},"content":{"rendered":"<p>Da\u00adni\u00ad\u00fda\u00adny\u0148 me\u00adteo\u00adro\u00adlo\u00adgi\u00ad\u00fda ins\u00adti\u00adtu\u00adty\u00adny\u0148 t\u00e4\u00adze mag\u00adlu\u00admat\u00adla\u00adry\u00adna la\u00ad\u00fdyk\u00adlyk\u00adda, 2020-nji \u00fdyl ta\u00adry\u00adhy \u00e4h\u00admi\u00ad\u00fde\u00adte e\u00fde\u00addir. Ins\u00adti\u00adtut 1874-nji \u00fdyl\u00addan b\u00e4\u00adri tu\u00adtu\u015f \u00fdy\u00adly\u0148 do\u00adwa\u00admyn\u00adda bir ge\u00adzek hem \u00fdy\u00adly\u00adly\u00adgy\u0148 nol\u00addan a\u015fak d\u00fc\u015f\u00adm\u00e4n\u00addi\u00adgi\u00adni ha\u00adsa\u00adba al\u00addy. Bu \u00fdurt\u00adda ho\u00adwa \u00fdag\u00adda\u00ad\u00fdy\u00adny\u0148 de\u00adre\u00adje\u00adsi\u00adni \u00f6l\u00ad\u00e7e\u00adm\u00e4\u00adge 1874-nji \u00fdyl\u00adda ba\u015f\u00adlan\u00addy\u00adgy bel\u00adle\u00adnil\u00ad\u00fd\u00e4r. Bar\u00adlag ge\u00ad\u00e7i\u00adri\u00adji\u00adler 2019-2020-nji \u00fdyl\u00adla\u00adry\u0148 gy\u00ad\u015fy\u00adny\u0148 hem 1874-nji \u00fdyl\u00addan b\u00e4\u00adri i\u0148 ma\u00fd\u00adyl \u00fdyl\u00adlar bo\u00adlan\u00addy\u00adgy\u00adny bel\u00adle\u00ad\u00fd\u00e4r\u00adler.<br \/>\nSo\u0148\u00adky wagt\u00adlar ho\u00adwa \u00fdag\u00adda\u00ad\u00fdy\u00adny\u0148 \u00fc\u00fdt\u00adge\u00adme\u00adgi\u00adni\u0148 Skan\u00addi\u00adna\u00adwi\u00ad\u00fda \u00fdurt\u00adla\u00adryn\u00adda bar\u00adha art\u00ad\u00fdan\u00addy\u00adgy tas\u00adsyk\u00adlan\u00ad\u00fdar. De\u00admir\u00adga\u00adzyk se\u00adbi\u00adti\u0148 \u00fdurt\u00adla\u00adry yzy\u00adgi\u00adder\u00adli t\u00e4\u00adze tem\u00adpe\u00adra\u00adtu\u00adra re\u00adkord\u00adla\u00adry\u00adny yg\u00adlan ed\u00ad\u00fd\u00e4r\u00adler. On\u00addan \u00f6\u0148 go\u0148\u00ad\u015fy \u015ewe\u00adsi\u00ad\u00fdada 2020-nji \u00fdyl\u00adda \u00fdurt\u00adda or\u00adta\u00ad\u00e7a tem\u00adpe\u00adra\u00adtu\u00adra\u00adny\u0148 so\u0148\u00adky 160 \u00fdyl\u00ada garany\u0148da, has \u00fdo\u00adka\u00adry bo\u00adlan\u00addy\u00adgy m\u00e4\u00adlim e\u00addildi.<\/p>\n","protected":false},"excerpt":{"rendered":"<p>Da\u00adni\u00ad\u00fda\u00adny\u0148 me\u00adteo\u00adro\u00adlo\u00adgi\u00ad\u00fda ins\u00adti\u00adtu\u00adty\u00adny\u0148 t\u00e4\u00adze mag\u00adlu\u00admat\u00adla\u00adry\u00adna la\u00ad\u00fdyk\u00adlyk\u00adda, 2020-nji \u00fdyl ta\u00adry\u00adhy \u00e4h\u00admi\u00ad\u00fde\u00adte e\u00fde\u00addir. Ins\u00adti\u00adtut 1874-nji \u00fdyl\u00addan b\u00e4\u00adri tu\u00adtu\u015f \u00fdy\u00adly\u0148 do\u00adwa\u00admyn\u00adda bir ge\u00adzek hem \u00fdy\u00adly\u00adly\u00adgy\u0148 nol\u00addan a\u015fak d\u00fc\u015f\u00adm\u00e4n\u00addi\u00adgi\u00adni ha\u00adsa\u00adba al\u00addy. Bu \u00fdurt\u00adda ho\u00adwa \u00fdag\u00adda\u00ad\u00fdy\u00adny\u0148 de\u00adre\u00adje\u00adsi\u00adni \u00f6l\u00ad\u00e7e\u00adm\u00e4\u00adge 1874-nji \u00fdyl\u00adda ba\u015f\u00adlan\u00addy\u00adgy bel\u00adle\u00adnil\u00ad\u00fd\u00e4r. Bar\u00adlag ge\u00ad\u00e7i\u00adri\u00adji\u00adler 2019-2020-nji \u00fdyl\u00adla\u00adry\u0148 gy\u00ad\u015fy\u00adny\u0148 hem 1874-nji \u00fdyl\u00addan b\u00e4\u00adri i\u0148 ma\u00fd\u00adyl \u00fdyl\u00adlar bo\u00adlan\u00addy\u00adgy\u00adny bel\u00adle\u00ad\u00fd\u00e4r\u00adler. So\u0148\u00adky wagt\u00adlar ho\u00adwa \u00fdag\u00adda\u00ad\u00fdy\u00adny\u0148 [&hellip;]<\/p>\n","protected":false},"author":1,"featured_media":0,"comment_status":"open","ping_status":"closed","sticky":false,"template":"","format":"standard","meta":{"footnotes":""},"categories":[5],"tags":[],"acf":[],"_links":{"self":[{"href":"https:\/\/zamanturkmenistan.com.tm\/index.php?rest_route=\/wp\/v2\/posts\/38064"}],"collection":[{"href":"https:\/\/zamanturkmenistan.com.tm\/index.php?rest_route=\/wp\/v2\/posts"}],"about":[{"href":"https:\/\/zamanturkmenistan.com.tm\/index.php?rest_route=\/wp\/v2\/types\/post"}],"author":[{"embeddable":true,"href":"https:\/\/zamanturkmenistan.com.tm\/index.php?rest_route=\/wp\/v2\/users\/1"}],"replies":[{"embeddable":true,"href":"https:\/\/zamanturkmenistan.com.tm\/index.php?rest_route=%2Fwp%2Fv2%2Fcomments&post=38064"}],"version-history":[{"count":0,"href":"https:\/\/zamanturkmenistan.com.tm\/index.php?rest_route=\/wp\/v2\/posts\/38064\/revisions"}],"wp:attachment":[{"href":"https:\/\/zamanturkmenistan.com.tm\/index.php?rest_route=%2Fwp%2Fv2%2Fmedia&parent=38064"}],"wp:term":[{"taxonomy":"category","embeddable":true,"href":"https:\/\/zamanturkmenistan.com.tm\/index.php?rest_route=%2Fwp%2Fv2%2Fcategories&post=38064"},{"taxonomy":"post_tag","embeddable":true,"href":"https:\/\/zamanturkmenistan.com.tm\/index.php?rest_route=%2Fwp%2Fv2%2Ftags&post=38064"}],"curies":[{"name":"wp","href":"https:\/\/api.w.org\/{rel}","templated":true}]}}