{"id":38108,"date":"2021-01-15T14:20:14","date_gmt":"2021-01-15T09:20:14","guid":{"rendered":"https:\/\/zamanturkmenistan.com.tm\/?p=38108"},"modified":"2021-03-01T17:40:12","modified_gmt":"2021-03-01T12:40:12","slug":"dili-manysy-bilen-owrenin","status":"publish","type":"post","link":"https:\/\/zamanturkmenistan.com.tm\/?p=38108","title":{"rendered":"Dili manysy bilen \u00f6wreni\u0148!"},"content":{"rendered":"<p>T\u00fcrkmen hal\u00adky di\u00adle\u00adwar, \u015fa\u00adhan\u00addaz halk. Hal\u00adky\u00admyz asyr\u00adlar\u00adbo\u00ad\u00fdy \u00e7a\u00adga ter\u00adbi\u00ad\u00fde\u00adsin\u00adde ne\u00adsil\u00adba\u00ad\u015fy\u00admyz Oguz ha\u00adny\u0148 \u00ab\u00c7a\u00adga\u00ad\u0148a di\u00adli ma\u00adny\u00adsy bi\u00adlen \u00f6w\u00adret\u00bb di\u00ad\u00fden \u00fd\u00f6\u00adrel\u00adge\u00adsi\u00adne e\u00fder\u00ad\u00fd\u00e4r.<br \/>\n<em><strong>Ujuny d\u00fcwmez \u00fc\u00e7 \u00f6tir<\/strong><\/em><br \/>\nBu na\u00adkyl ene-ma\u00adma\u00adla\u00adry\u00admy\u00adzy\u0148 el i\u015f\u00adle\u00adrin\u00adden ugur al\u00adnyp d\u00f6\u00adre\u00addi\u00adlen. El i\u015f\u00adle\u00adrin\u00adde i\u0148\u00ad\u0148e\u00adden \u00f6t\u00fc\u00adri\u00adlen\u00adden so\u0148 sa\u00adpa\u00adgy\u0148 ujy d\u00fc\u00adw\u00fcl\u00ad\u00fd\u00e4r, \u015fe\u00fd\u00adle edil\u00adme\u00adse, sa\u00adpak i\u0148\u00ad\u0148\u00e4\u00adni\u0148 g\u00f6\u00adz\u00fcn\u00adden yzy\u00adna \u00e7yk\u00ad\u00fdar. Mu\u00adny bil\u00adme\u00ad\u00fd\u00e4n adam \u015fol bir i\u015fi te\u00adlim ge\u00adzek ga\u00fd\u00adta\u00adla\u00adma\u00adly bo\u00adlar. Bu g\u00f6\u00e7\u00adme ma\u00adny\u00adda\u00adky na\u00adkyl\u00adda \u00f6z i\u015fi\u00adni bil\u00adme\u00ad\u00fd\u00e4n ada\u00admy\u0148 emel\u00adsiz\u00adlik bi\u00adlen ne\u00adti\u00adje ga\u00adza\u00adnyp bil\u00adme\u00adjek\u00addi\u00adgi, her ki\u00admi\u0148 \u00f6z i\u015fi\u00adne j\u00fcr bol\u00adma\u00adly\u00addy\u00adgy nyg\u00adtal\u00ad\u00fdar.<\/p>\n","protected":false},"excerpt":{"rendered":"<p>T\u00fcrkmen hal\u00adky di\u00adle\u00adwar, \u015fa\u00adhan\u00addaz halk. Hal\u00adky\u00admyz asyr\u00adlar\u00adbo\u00ad\u00fdy \u00e7a\u00adga ter\u00adbi\u00ad\u00fde\u00adsin\u00adde ne\u00adsil\u00adba\u00ad\u015fy\u00admyz Oguz ha\u00adny\u0148 \u00ab\u00c7a\u00adga\u00ad\u0148a di\u00adli ma\u00adny\u00adsy bi\u00adlen \u00f6w\u00adret\u00bb di\u00ad\u00fden \u00fd\u00f6\u00adrel\u00adge\u00adsi\u00adne e\u00fder\u00ad\u00fd\u00e4r. Ujuny d\u00fcwmez \u00fc\u00e7 \u00f6tir Bu na\u00adkyl ene-ma\u00adma\u00adla\u00adry\u00admy\u00adzy\u0148 el i\u015f\u00adle\u00adrin\u00adden ugur al\u00adnyp d\u00f6\u00adre\u00addi\u00adlen. El i\u015f\u00adle\u00adrin\u00adde i\u0148\u00ad\u0148e\u00adden \u00f6t\u00fc\u00adri\u00adlen\u00adden so\u0148 sa\u00adpa\u00adgy\u0148 ujy d\u00fc\u00adw\u00fcl\u00ad\u00fd\u00e4r, \u015fe\u00fd\u00adle edil\u00adme\u00adse, sa\u00adpak i\u0148\u00ad\u0148\u00e4\u00adni\u0148 g\u00f6\u00adz\u00fcn\u00adden yzy\u00adna \u00e7yk\u00ad\u00fdar. Mu\u00adny bil\u00adme\u00ad\u00fd\u00e4n adam \u015fol bir i\u015fi te\u00adlim ge\u00adzek [&hellip;]<\/p>\n","protected":false},"author":1,"featured_media":0,"comment_status":"open","ping_status":"closed","sticky":false,"template":"","format":"standard","meta":{"footnotes":""},"categories":[9],"tags":[],"acf":[],"_links":{"self":[{"href":"https:\/\/zamanturkmenistan.com.tm\/index.php?rest_route=\/wp\/v2\/posts\/38108"}],"collection":[{"href":"https:\/\/zamanturkmenistan.com.tm\/index.php?rest_route=\/wp\/v2\/posts"}],"about":[{"href":"https:\/\/zamanturkmenistan.com.tm\/index.php?rest_route=\/wp\/v2\/types\/post"}],"author":[{"embeddable":true,"href":"https:\/\/zamanturkmenistan.com.tm\/index.php?rest_route=\/wp\/v2\/users\/1"}],"replies":[{"embeddable":true,"href":"https:\/\/zamanturkmenistan.com.tm\/index.php?rest_route=%2Fwp%2Fv2%2Fcomments&post=38108"}],"version-history":[{"count":0,"href":"https:\/\/zamanturkmenistan.com.tm\/index.php?rest_route=\/wp\/v2\/posts\/38108\/revisions"}],"wp:attachment":[{"href":"https:\/\/zamanturkmenistan.com.tm\/index.php?rest_route=%2Fwp%2Fv2%2Fmedia&parent=38108"}],"wp:term":[{"taxonomy":"category","embeddable":true,"href":"https:\/\/zamanturkmenistan.com.tm\/index.php?rest_route=%2Fwp%2Fv2%2Fcategories&post=38108"},{"taxonomy":"post_tag","embeddable":true,"href":"https:\/\/zamanturkmenistan.com.tm\/index.php?rest_route=%2Fwp%2Fv2%2Ftags&post=38108"}],"curies":[{"name":"wp","href":"https:\/\/api.w.org\/{rel}","templated":true}]}}