{"id":38209,"date":"2021-01-18T13:55:31","date_gmt":"2021-01-18T08:55:31","guid":{"rendered":"https:\/\/zamanturkmenistan.com.tm\/?p=38209"},"modified":"2021-01-18T13:55:31","modified_gmt":"2021-01-18T08:55:31","slug":"besiktas-we-ayaks-derbilerde-yenis-gazandy","status":"publish","type":"post","link":"https:\/\/zamanturkmenistan.com.tm\/?p=38209","title":{"rendered":"\u201cBe\u015fikta\u015f\u201d we \u201cA\u00fdaks\u201d derbilerde \u00fde\u0148i\u015f gazandy"},"content":{"rendered":"<p>\u00ddewropany\u0148 k\u00e4bir \u00e7empionatlarynda tamamlanan tapgyrda k\u00e4bir derbiler o\u00fdnaldy. \u015eolary\u0148 birinde \u201cBe\u015fikta\u015f\u201d \u00f6z me\u00fddan\u00e7asynda \u201cGalatasara\u00fdy\u201d 2-0 \u00fde\u0148di. So\u0148ky 12 minutda \u00f6\u0148e sa\u00fdlanan \u201cBe\u015fikta\u015fy\u0148\u201d gollaryny Souza bilen Nkudu derwez\u00e4 girizdi. Bu \u00fde\u0148i\u015fden so\u0148 sanawy\u0148 lideri \u201cBe\u015fikta\u015f\u201d utugyny 38-e \u00fdetirip, \u201cGalatasara\u00fddan\u201d 5 utuk \u00f6\u0148e sa\u00fdlandy.<\/p>\n<p>Niderlandlary\u0148 \u00e7empionatynda-da \u00f6\u0148d\u00e4ki orunlary kesgitle\u00fd\u00e4n \u201cA\u00fdaks\u201d\u2013\u201cFe\u00fdenoord\u201d du\u015fu\u015fygynda \u00fder e\u00fdeleri Grawenbergi\u0148 22-nji minutdaky \u00fdeke-t\u00e4k goly bilen 1-0 hasabynda \u00fde\u0148i\u015f gazandy.<\/p>\n<p>Portugali\u00fdada hem \u201cPorto\u201d bilen \u201cBenfika\u201d du\u015fu\u015fdy. O\u00fdun 1-1 (Marega 25 \u2013 Grimaldo 17) de\u0148likde tamamlandy.<\/p>\n","protected":false},"excerpt":{"rendered":"<p>\u00ddewropany\u0148 k\u00e4bir \u00e7empionatlarynda tamamlanan tapgyrda k\u00e4bir derbiler o\u00fdnaldy. \u015eolary\u0148 birinde \u201cBe\u015fikta\u015f\u201d \u00f6z me\u00fddan\u00e7asynda \u201cGalatasara\u00fdy\u201d 2-0 \u00fde\u0148di. So\u0148ky 12 minutda \u00f6\u0148e sa\u00fdlanan \u201cBe\u015fikta\u015fy\u0148\u201d gollaryny Souza bilen Nkudu derwez\u00e4 girizdi. Bu \u00fde\u0148i\u015fden so\u0148 sanawy\u0148 lideri \u201cBe\u015fikta\u015f\u201d utugyny 38-e \u00fdetirip, \u201cGalatasara\u00fddan\u201d 5 utuk \u00f6\u0148e sa\u00fdlandy. Niderlandlary\u0148 \u00e7empionatynda-da \u00f6\u0148d\u00e4ki orunlary kesgitle\u00fd\u00e4n \u201cA\u00fdaks\u201d\u2013\u201cFe\u00fdenoord\u201d du\u015fu\u015fygynda \u00fder e\u00fdeleri Grawenbergi\u0148 22-nji minutdaky \u00fdeke-t\u00e4k [&hellip;]<\/p>\n","protected":false},"author":2,"featured_media":38210,"comment_status":"open","ping_status":"closed","sticky":false,"template":"","format":"standard","meta":{"footnotes":""},"categories":[302],"tags":[],"acf":[],"_links":{"self":[{"href":"https:\/\/zamanturkmenistan.com.tm\/index.php?rest_route=\/wp\/v2\/posts\/38209"}],"collection":[{"href":"https:\/\/zamanturkmenistan.com.tm\/index.php?rest_route=\/wp\/v2\/posts"}],"about":[{"href":"https:\/\/zamanturkmenistan.com.tm\/index.php?rest_route=\/wp\/v2\/types\/post"}],"author":[{"embeddable":true,"href":"https:\/\/zamanturkmenistan.com.tm\/index.php?rest_route=\/wp\/v2\/users\/2"}],"replies":[{"embeddable":true,"href":"https:\/\/zamanturkmenistan.com.tm\/index.php?rest_route=%2Fwp%2Fv2%2Fcomments&post=38209"}],"version-history":[{"count":0,"href":"https:\/\/zamanturkmenistan.com.tm\/index.php?rest_route=\/wp\/v2\/posts\/38209\/revisions"}],"wp:featuredmedia":[{"embeddable":true,"href":"https:\/\/zamanturkmenistan.com.tm\/index.php?rest_route=\/wp\/v2\/media\/38210"}],"wp:attachment":[{"href":"https:\/\/zamanturkmenistan.com.tm\/index.php?rest_route=%2Fwp%2Fv2%2Fmedia&parent=38209"}],"wp:term":[{"taxonomy":"category","embeddable":true,"href":"https:\/\/zamanturkmenistan.com.tm\/index.php?rest_route=%2Fwp%2Fv2%2Fcategories&post=38209"},{"taxonomy":"post_tag","embeddable":true,"href":"https:\/\/zamanturkmenistan.com.tm\/index.php?rest_route=%2Fwp%2Fv2%2Ftags&post=38209"}],"curies":[{"name":"wp","href":"https:\/\/api.w.org\/{rel}","templated":true}]}}