{"id":38514,"date":"2021-01-25T18:09:29","date_gmt":"2021-01-25T13:09:29","guid":{"rendered":"https:\/\/zamanturkmenistan.com.tm\/?p=38514"},"modified":"2021-01-25T20:02:11","modified_gmt":"2021-01-25T15:02:11","slug":"rebelo-di-souza-yenis-gazandy","status":"publish","type":"post","link":"https:\/\/zamanturkmenistan.com.tm\/?p=38514","title":{"rendered":"Rebelo di Souza \u00fde\u0148i\u015f gazandy"},"content":{"rendered":"<p>Portugali\u00fdany\u0148 h\u00e4zirki lideri Marselo Rebelo di Souza Prezident sa\u00fdlawlaryny\u0148 birinji tapgyrynda \u00fde\u0148i\u015f gazandy. Sa\u00fdlawy\u0148 netijelerine g\u00f6r\u00e4, Rebelo di Souza 60,7 g\u00f6terim sese e\u00fde boldy. Ikinji orunda, sa\u00fdlaw\u00e7ylary\u0148 12,9 g\u00f6terimi tarapyndan goldanan Sosialistik parti\u00fdadan dala\u015fg\u00e4r, ozalky \u00fdewro wekil Anna Gome\u015f, \u00fc\u00e7\u00fcnji orny sag\u00e7y parti\u00fda &#8220;Chega!&#8221;-ny\u0148 lideri Andre Wentura e\u00fdeledi. Dala\u015fg\u00e4rleri\u0148 galan b\u00f6legi 5 g\u00f6terimden az ses aldy. \u00ddurtda prezident sa\u00fdlawlary 24-nji \u00fdanwarda ge\u00e7irildi. \u00ddurtda hereket ed\u00fd\u00e4n kanun\u00e7ylyga g\u00f6r\u00e4, sa\u00fdlawy\u0148 birinji tapgyrynda 50 g\u00f6terimden k\u00f6p ses alan dala\u015fg\u00e4r, onu\u0148 ikinji tapgyry bolmazdan \u00fde\u0148i\u015f gazan\u00fdar. Eger-de dala\u015fg\u00e4rleri\u0148 hi\u00e7 biri 50 g\u00f6terimden k\u00f6p ses alyp bilmese, sa\u00fdlawy\u0148 ikinji tapgyry i\u0148 k\u00f6p ses alan iki dala\u015fg\u00e4ri\u0148 arasynda ge\u00e7iril\u00fd\u00e4r. Sa\u00fdlawda Prezidentlige jemi \u00fdedi adam dala\u015f etdi. Marselo Rebelo di Souza 2016-njy \u00fdyldaky sa\u00fdlawda \u00fde\u0148i\u015f gazanyp, bu wezip\u00e4\u00a0 giri\u015fipdi. Rebelo Di Souza gazanan \u00fde\u0148\u015finden so\u0148 sa\u00fdlaw\u00e7ylara bildiren ynamlary \u00fc\u00e7in ho\u015fallyk bildirdi we ozaly bilen, koronawirus pandemi\u00fdasyna gar\u015fy g\u00f6re\u015fi\u0148 \u00f6zi we tutu\u015f \u00fdurt \u00fc\u00e7in esasy wezipe hasapla\u00fdandygyny a\u00fdtdy. Portugali\u00fdany\u0148 Prezidenti her b\u00e4\u015f \u00fdyldan bir gezek sa\u00fdlan\u00fdar.<\/p>\n","protected":false},"excerpt":{"rendered":"<p>Portugali\u00fdany\u0148 h\u00e4zirki lideri Marselo Rebelo di Souza Prezident sa\u00fdlawlaryny\u0148 birinji tapgyrynda \u00fde\u0148i\u015f gazandy. Sa\u00fdlawy\u0148 netijelerine g\u00f6r\u00e4, Rebelo di Souza 60,7 g\u00f6terim sese e\u00fde boldy. Ikinji orunda, sa\u00fdlaw\u00e7ylary\u0148 12,9 g\u00f6terimi tarapyndan goldanan Sosialistik parti\u00fdadan dala\u015fg\u00e4r, ozalky \u00fdewro wekil Anna Gome\u015f, \u00fc\u00e7\u00fcnji orny sag\u00e7y parti\u00fda &#8220;Chega!&#8221;-ny\u0148 lideri Andre Wentura e\u00fdeledi. Dala\u015fg\u00e4rleri\u0148 galan b\u00f6legi 5 g\u00f6terimden az ses [&hellip;]<\/p>\n","protected":false},"author":2,"featured_media":38515,"comment_status":"open","ping_status":"closed","sticky":false,"template":"","format":"standard","meta":{"footnotes":""},"categories":[5],"tags":[],"acf":[],"_links":{"self":[{"href":"https:\/\/zamanturkmenistan.com.tm\/index.php?rest_route=\/wp\/v2\/posts\/38514"}],"collection":[{"href":"https:\/\/zamanturkmenistan.com.tm\/index.php?rest_route=\/wp\/v2\/posts"}],"about":[{"href":"https:\/\/zamanturkmenistan.com.tm\/index.php?rest_route=\/wp\/v2\/types\/post"}],"author":[{"embeddable":true,"href":"https:\/\/zamanturkmenistan.com.tm\/index.php?rest_route=\/wp\/v2\/users\/2"}],"replies":[{"embeddable":true,"href":"https:\/\/zamanturkmenistan.com.tm\/index.php?rest_route=%2Fwp%2Fv2%2Fcomments&post=38514"}],"version-history":[{"count":0,"href":"https:\/\/zamanturkmenistan.com.tm\/index.php?rest_route=\/wp\/v2\/posts\/38514\/revisions"}],"wp:featuredmedia":[{"embeddable":true,"href":"https:\/\/zamanturkmenistan.com.tm\/index.php?rest_route=\/wp\/v2\/media\/38515"}],"wp:attachment":[{"href":"https:\/\/zamanturkmenistan.com.tm\/index.php?rest_route=%2Fwp%2Fv2%2Fmedia&parent=38514"}],"wp:term":[{"taxonomy":"category","embeddable":true,"href":"https:\/\/zamanturkmenistan.com.tm\/index.php?rest_route=%2Fwp%2Fv2%2Fcategories&post=38514"},{"taxonomy":"post_tag","embeddable":true,"href":"https:\/\/zamanturkmenistan.com.tm\/index.php?rest_route=%2Fwp%2Fv2%2Ftags&post=38514"}],"curies":[{"name":"wp","href":"https:\/\/api.w.org\/{rel}","templated":true}]}}