{"id":38521,"date":"2021-01-26T10:22:02","date_gmt":"2021-01-26T05:22:02","guid":{"rendered":"https:\/\/zamanturkmenistan.com.tm\/?p=38521"},"modified":"2021-01-26T14:47:36","modified_gmt":"2021-01-26T09:47:36","slug":"turkmen-alabay-itlerinin-bayramy-bellener","status":"publish","type":"post","link":"https:\/\/zamanturkmenistan.com.tm\/?p=38521","title":{"rendered":"T\u00fcrkmen alaba\u00fd itlerini\u0148 ba\u00fdramy bellener"},"content":{"rendered":"<p>25-nji \u00fdanwarda hormatly Prezidentimiz Halkara t\u00fcrkmen alaba\u00fd itleri assosiasi\u00fdasyny\u0148 bu\u00fdurmasy esasynda K\u00f6petdagy\u0148 etegind\u00e4ki aja\u00fdyp k\u00fcnjeklerini\u0148 birinde gurul\u00fdan desgalar toplumynda alnyp baryl\u00fdan i\u015fler bilen tany\u015fdy.<\/p>\n<p>Bu \u00fderde hormatly Prezidentimizi\u0148 garamagyna Halkara t\u00fcrkmen alaba\u00fd itleri assosiasi\u00fdasyny\u0148 toplumyny\u0148 ba\u015f me\u00fdilnamasy, onu\u0148 \u015fekil taslamasy, toplumy\u0148 ba\u015f girelgesini\u0148 g\u00f6rn\u00fc\u015flerini\u0148 taslamalary, bu \u00fderde oturdylmagy me\u00fdille\u015fdiril\u00fd\u00e4n alaba\u00fdlary\u0148 \u015fekilleri, toma\u015fa\u00e7ylar m\u00fcnberini\u0148 g\u00f6rn\u00fc\u015flerini\u0148, alaba\u00fd itlerini\u0148 sergi me\u00fddan\u00e7asyny\u0148, p\u00e4sgel\u00e7ilikleri\u0148 g\u00f6rn\u00fc\u015flerini\u0148 taslamalary we toplumy\u0148 desgalarynda ulanyl\u00fdan bezeg seri\u015fdelerini\u0148 g\u00f6rn\u00fc\u015fleri h\u00f6d\u00fcrlenildi.<\/p>\n<p>D\u00f6wlet Ba\u015ftutanymyz g\u00f6rkezilen taslamalar bilen i\u00e7gin tan\u015fyp, olara birn\u00e4\u00e7e bellikleri a\u00fdtdy we degi\u015fli d\u00fczedi\u015fleri girizdi. Gurul\u00fdan desgalary\u0148 taslamalary ta\u00fd\u00fdarlananda we olary\u0148 gurlu\u015fygynda \u00fdokary hil derejesine m\u00f6h\u00fcm \u00e4hmi\u00fdet bermelidigini, olary\u0148 halkymyzy\u0148 asyrlar a\u015fyp gel\u00fd\u00e4n milli binag\u00e4rlik \u00fd\u00f6relgelerine kybap gelmelidigini belledi.<\/p>\n<p>D\u00f6wlet Ba\u015ftutanymyz T\u00fcrkmen alaba\u00fd itlerini\u0148 ba\u00fdramyny\u0148 T\u00fcrkmen bedewini\u0148 milli ba\u00fdramy bilen utga\u015fdyryp ge\u00e7irilmegini\u0148 maksadala\u00fdyk boljakdygyny belledi we \u00fdurdumyzy\u0148 hem-de halkymyzy\u0148 durmu\u015fynda m\u00f6h\u00fcm \u00e4hmi\u00fdeti bolan \u015fanly sene mynasybetli me\u00fdille\u015fdirilen \u00e7\u00e4releri\u0148 \u00fdokary gurama\u00e7ylyk derejesini \u00fcpj\u00fcn etmegi tab\u015fyrdy.<\/p>\n<p>Halkara t\u00fcrkmen alaba\u00fd itleri assosiasi\u00fdasyny\u0148 \u00fdolba\u015f\u00e7ysy S.Berdimuhamedow ba\u00fdram\u00e7ylyk g\u00fcn\u00fcnde ge\u00e7iriljek \u00e7\u00e4reler barada hasabat berdi. Bellenili\u015fi \u00fdaly, onu\u0148 \u00e7\u00e4klerinde alaba\u00fd itlerini\u0148 g\u00f6zellik b\u00e4sle\u015figi, degi\u015fli p\u00e4sgel\u00e7iliklerden ge\u00e7mek bo\u00fdun\u00e7a \u00fdary\u015flar guralar.<\/p>\n<p>Hormatly Prezidentimiz \u015fanly sene mynasybetli alaba\u00fd itlerini\u0148 b\u00e4sle\u015figini\u0148 netijeleri bo\u00fdun\u00e7a \u00fde\u0148ijini kesgitle\u00fd\u00e4n eminler toparyny\u0148 d\u00f6redilmegini\u0148, onu\u0148 d\u00fcz\u00fcminde bu ugurda \u00fdeterlik tejribesi we bilim derejesi bolan h\u00fcn\u00e4rmenleri\u0148 bolmagyny\u0148 wajypdygyna \u00fcnsi \u00e7ekip, bu babatda anyk tab\u015fyryklary berdi. \u015ee\u00fdle hem dabarany\u0148 dowamynda he\u00fdkeltara\u015flary\u0148, suratke\u015fleri\u0148 we zerg\u00e4rleri\u0148 alaba\u00fd itlerine bagy\u015flanan eserlerinden gural\u00fdan sergide alaba\u00fd itlerini\u0148 \u00f6zbolu\u015flylygy, wepadarlygy, ga\u00fdduwsyzlygy \u00f6z be\u00fdanyny tapmalydyr.<\/p>\n<p>Milli Liderimiz bu baradaky g\u00fcrr\u00fc\u0148i dowam edip, g\u00f6zellik b\u00e4sle\u015figini\u0148 jemleri bo\u00fdun\u00e7a \u00fde\u0148iji di\u00fdlip yglan edilen alaba\u00fda \u201c\u00ddyly\u0148 t\u00fcrkmen edermen alaba\u00fdy\u201d di\u00fden derej\u00e4ni\u0148 berilmegini\u0148 maksadala\u00fdyk boljakdygyny, bu j\u00fcmlede alaba\u00fdlara mahsus h\u00e4si\u00fdetleri\u0148 jemlenendigini belledi.<\/p>\n","protected":false},"excerpt":{"rendered":"<p>25-nji \u00fdanwarda hormatly Prezidentimiz Halkara t\u00fcrkmen alaba\u00fd itleri assosiasi\u00fdasyny\u0148 bu\u00fdurmasy esasynda K\u00f6petdagy\u0148 etegind\u00e4ki aja\u00fdyp k\u00fcnjeklerini\u0148 birinde gurul\u00fdan desgalar toplumynda alnyp baryl\u00fdan i\u015fler bilen tany\u015fdy. Bu \u00fderde hormatly Prezidentimizi\u0148 garamagyna Halkara t\u00fcrkmen alaba\u00fd itleri assosiasi\u00fdasyny\u0148 toplumyny\u0148 ba\u015f me\u00fdilnamasy, onu\u0148 \u015fekil taslamasy, toplumy\u0148 ba\u015f girelgesini\u0148 g\u00f6rn\u00fc\u015flerini\u0148 taslamalary, bu \u00fderde oturdylmagy me\u00fdille\u015fdiril\u00fd\u00e4n alaba\u00fdlary\u0148 \u015fekilleri, toma\u015fa\u00e7ylar m\u00fcnberini\u0148 g\u00f6rn\u00fc\u015flerini\u0148, alaba\u00fd [&hellip;]<\/p>\n","protected":false},"author":2,"featured_media":38522,"comment_status":"open","ping_status":"closed","sticky":false,"template":"","format":"standard","meta":{"footnotes":""},"categories":[4],"tags":[],"acf":[],"_links":{"self":[{"href":"https:\/\/zamanturkmenistan.com.tm\/index.php?rest_route=\/wp\/v2\/posts\/38521"}],"collection":[{"href":"https:\/\/zamanturkmenistan.com.tm\/index.php?rest_route=\/wp\/v2\/posts"}],"about":[{"href":"https:\/\/zamanturkmenistan.com.tm\/index.php?rest_route=\/wp\/v2\/types\/post"}],"author":[{"embeddable":true,"href":"https:\/\/zamanturkmenistan.com.tm\/index.php?rest_route=\/wp\/v2\/users\/2"}],"replies":[{"embeddable":true,"href":"https:\/\/zamanturkmenistan.com.tm\/index.php?rest_route=%2Fwp%2Fv2%2Fcomments&post=38521"}],"version-history":[{"count":0,"href":"https:\/\/zamanturkmenistan.com.tm\/index.php?rest_route=\/wp\/v2\/posts\/38521\/revisions"}],"wp:featuredmedia":[{"embeddable":true,"href":"https:\/\/zamanturkmenistan.com.tm\/index.php?rest_route=\/wp\/v2\/media\/38522"}],"wp:attachment":[{"href":"https:\/\/zamanturkmenistan.com.tm\/index.php?rest_route=%2Fwp%2Fv2%2Fmedia&parent=38521"}],"wp:term":[{"taxonomy":"category","embeddable":true,"href":"https:\/\/zamanturkmenistan.com.tm\/index.php?rest_route=%2Fwp%2Fv2%2Fcategories&post=38521"},{"taxonomy":"post_tag","embeddable":true,"href":"https:\/\/zamanturkmenistan.com.tm\/index.php?rest_route=%2Fwp%2Fv2%2Ftags&post=38521"}],"curies":[{"name":"wp","href":"https:\/\/api.w.org\/{rel}","templated":true}]}}