{"id":38527,"date":"2021-01-26T10:52:09","date_gmt":"2021-01-26T05:52:09","guid":{"rendered":"https:\/\/zamanturkmenistan.com.tm\/?p=38527"},"modified":"2021-01-26T10:55:15","modified_gmt":"2021-01-26T05:55:15","slug":"paytagtymyzyn-esaslandyrylmagynyn-140-yyllygyna-mynasyp-sowgat","status":"publish","type":"post","link":"https:\/\/zamanturkmenistan.com.tm\/?p=38527","title":{"rendered":"Pa\u00fdtagtymyzy\u0148 esaslandyrylmagyny\u0148 140 \u00fdyllygyna mynasyp sowgat"},"content":{"rendered":"<p>25-nji \u00fdanwarda hormatly Prezidentimiz pa\u00fdtagtymyzy\u0148 g\u00f6zel k\u00fcnjeklerini\u0148 birinde bina edil\u00fd\u00e4n we Watanymyzy\u0148 mukaddes Gara\u015fsyzlygyny\u0148 30 \u00fdyllyk ba\u00fdramy mynasybetli ulanylmaga berilmegi me\u00fdille\u015fdiril\u00fd\u00e4n S\u00f6wda we dyn\u00e7 aly\u015f merkezli desgalar toplumyny\u0148 gurlu\u015fygyny\u0148 alnyp baryl\u00fdan \u00fderine geldi.<\/p>\n<p>D\u00f6wlet Ba\u015ftutanymyz toplumy\u0148 \u00e7\u00e4ginde gurul\u00fdan sebitde iri S\u00f6wda we dyn\u00e7 aly\u015f merkezini\u0148 gurlu\u015fygynda alnyp baryl\u00fdan i\u015fler bilen tany\u015fdy. Bu \u00fderde milli Liderimizi\u0148 garamagyna merkezde gurul\u00fdan binalary\u0148 a\u00fdratynlyklaryna, olary\u0148 i\u00e7ki we da\u015fky bezeg i\u015flerine, ulanyl\u00fdan gurlu\u015fyk seri\u015fdelerine degi\u015fli taslamalar g\u00f6rkezildi.<\/p>\n<p>Hormatly Prezidentimiz t\u00e4ze toplumda iri s\u00f6wda merkezlerini\u0148 i\u015fini guramagy\u0148 \u00f6\u0148debaryjy \u00e7\u00f6zg\u00fctlerini\u0148 hem-de d\u00f6wrebap bezeg pikirlerini\u0148 \u00f6z be\u00fdanyny tapmalydygyna \u00fcnsi \u00e7ekdi we toplumy\u0148 i\u00e7ki bezeginde g\u00fcndogar nagy\u015flaryny\u0148 g\u00f6rn\u00fc\u015flerini\u0148 ulanylmalydygyny belledi.<\/p>\n<p>D\u00f6wlet Ba\u015ftutanymyz bu toplumy\u0148 ady bilen baglany\u015fykly degi\u015fli ny\u015fany ta\u00fd\u00fdarlamak, onu\u0148 g\u00f6zellik, ykjamlylyk we amatlylyk \u00fdaly ugurlary \u00f6z\u00fcnde jemlemegi bilen baglany\u015fykly meseleleri g\u00f6z \u00f6\u0148\u00fcnde tutmak babatda degi\u015fli \u00fdolba\u015f\u00e7ylara birn\u00e4\u00e7e tab\u015fyryklary berdi.<\/p>\n<p>Ak mermerli pa\u00fdtagtymyz \u00f6z\u00fcni\u0148 binag\u00e4rlik a\u00fdratynlygy, sazla\u015fykly \u00f6s\u00fc\u015fi bilen ha\u00fdran galdyr\u00fdar. D\u00fcn\u00fd\u00e4ni\u0148 owadan we \u00fda\u015fa\u00fdy\u015f \u00fc\u00e7in amatly \u015fertleri \u00f6z\u00fcnde jemle\u00fd\u00e4n \u015f\u00e4herlerini\u0148 hatarynda ornuny barha pugtalandyr\u00fdan A\u015fgabat t\u00e4sin binag\u00e4rlik \u00e7\u00f6zg\u00fctlere e\u00fde bolan \u00f6zbolu\u015fly desgalary bilen birn\u00e4\u00e7e gezek Ginnesi\u0148 b\u00fctind\u00fcn\u00fd\u00e4 rekordlar kitabyna girizildi. Munu\u0148 \u00f6zi \u00fdurdumyzy\u0148 ba\u015f \u015f\u00e4herinde alnyp baryl\u00fdan i\u015fleri\u0148 d\u00fcn\u00fd\u00e4 nusgalykdygyny\u0148 a\u00fddy\u0148 ny\u015fany bolup dur\u00fdar di\u00fdip, d\u00f6wlet Ba\u015ftutanymyz belledi.<\/p>\n<p>Milli Liderimiz bu baradaky g\u00fcrr\u00fc\u0148i dowam edip, A\u015fgabady\u0148 d\u00fcrli d\u00f6w\u00fcrlerde d\u00f6redijilik i\u015fg\u00e4rlerini\u0148, a\u00fddym\u00e7ylary\u0148 we kompozitorlary\u0148 t\u00e4ze eserleri d\u00f6retm\u00e4ge ruhlandyrandygyny, \u015fe\u00fdlelikde, pa\u00fdtagtymyz hakyndaky birn\u00e4\u00e7e \u00e7eper eserleri\u0148, a\u00fddymlary\u0148 d\u00f6redilendigini belledi.<\/p>\n<p>Hormatly Prezidentimiz \u015fu \u00fdagda\u00fdlardan ugur alyp, \u015f\u00e4heri\u0148 g\u00f6zel k\u00fcnjeklerini\u0148 birinde bina edil\u00fd\u00e4n we birn\u00e4\u00e7e durmu\u015f maksatly desgalary \u00f6z\u00fcnde jemle\u00fd\u00e4n bu toplumy\u0148 \u201cA\u015fgabat\u201d di\u00fdlip atlandyrylmagyny\u0148 maksadala\u00fdyk boljakdygyny belledi, munu\u0148 pa\u00fdtagtymyzy\u0148 esaslandyrylmagyny\u0148 140 \u00fdyllygyna mynasyp sowgat boljakdygyny a\u00fddyp \u015f\u00e4her h\u00e4kimine degi\u015fli tab\u015fyryklary berdi.<\/p>\n<p>D\u00f6wlet Ba\u015ftutanymyz \u201cT\u00fcrkmenistan \u2013parahat\u00e7ylygy\u0148 we ynany\u015fmagy\u0148 Watany\u201d \u015fygary astynda ge\u00e7\u00fd\u00e4n mukaddes Gara\u015fsyzlygymyzy\u0148 30 \u00fdyllygyny\u0148 we A\u015fgabat \u015f\u00e4herini\u0148 esaslandyrylmagyny\u0148 140 \u00fdyllygy bilen gabat gel\u00fd\u00e4ndigini, onu\u0148 gi\u0148den ba\u00fdram ediljekdigini bell\u00e4p, bu \u015fanly sene mynasybetli medeni\u00fdet we sungat i\u015fg\u00e4rlerini\u0148 arasynda d\u00f6redijilik b\u00e4sle\u015figini\u0148 guralmagyny\u0148 maksadala\u00fdyk boljakdygyny a\u00fdtdy.<\/p>\n<p>Milli Liderimiz A\u015fgabat hakynda d\u00f6rediljek a\u00fddymlar pa\u00fdtagtymyzy\u0148 g\u00f6zel ke\u015fbini suratlandyr\u00fdan \u015fekiller bilen utga\u015fdyrylmalydygyny, b\u00e4sle\u015figi\u0148 \u00fde\u0148ijilerini\u0148 T\u00fcrkmenistany\u0148 Prezidentini\u0148 \u201cT\u00fcrkmeni\u0148 Altyn asyry\u201d d\u00f6redijilik b\u00e4sle\u015figini\u0148 \u00fde\u0148ijisi h\u00f6km\u00fcnde yglan edip, \u00fdurdumyzy\u0148 Senagat\u00e7ylar we teleke\u00e7iler birle\u015fmesi tarapyndan sylaglanmalydygyny belledi we bu babatda anyk tab\u015fyryklary berdi.<\/p>\n","protected":false},"excerpt":{"rendered":"<p>25-nji \u00fdanwarda hormatly Prezidentimiz pa\u00fdtagtymyzy\u0148 g\u00f6zel k\u00fcnjeklerini\u0148 birinde bina edil\u00fd\u00e4n we Watanymyzy\u0148 mukaddes Gara\u015fsyzlygyny\u0148 30 \u00fdyllyk ba\u00fdramy mynasybetli ulanylmaga berilmegi me\u00fdille\u015fdiril\u00fd\u00e4n S\u00f6wda we dyn\u00e7 aly\u015f merkezli desgalar toplumyny\u0148 gurlu\u015fygyny\u0148 alnyp baryl\u00fdan \u00fderine geldi. D\u00f6wlet Ba\u015ftutanymyz toplumy\u0148 \u00e7\u00e4ginde gurul\u00fdan sebitde iri S\u00f6wda we dyn\u00e7 aly\u015f merkezini\u0148 gurlu\u015fygynda alnyp baryl\u00fdan i\u015fler bilen tany\u015fdy. Bu \u00fderde milli Liderimizi\u0148 [&hellip;]<\/p>\n","protected":false},"author":2,"featured_media":38531,"comment_status":"open","ping_status":"closed","sticky":false,"template":"","format":"standard","meta":{"footnotes":""},"categories":[3],"tags":[],"acf":[],"_links":{"self":[{"href":"https:\/\/zamanturkmenistan.com.tm\/index.php?rest_route=\/wp\/v2\/posts\/38527"}],"collection":[{"href":"https:\/\/zamanturkmenistan.com.tm\/index.php?rest_route=\/wp\/v2\/posts"}],"about":[{"href":"https:\/\/zamanturkmenistan.com.tm\/index.php?rest_route=\/wp\/v2\/types\/post"}],"author":[{"embeddable":true,"href":"https:\/\/zamanturkmenistan.com.tm\/index.php?rest_route=\/wp\/v2\/users\/2"}],"replies":[{"embeddable":true,"href":"https:\/\/zamanturkmenistan.com.tm\/index.php?rest_route=%2Fwp%2Fv2%2Fcomments&post=38527"}],"version-history":[{"count":0,"href":"https:\/\/zamanturkmenistan.com.tm\/index.php?rest_route=\/wp\/v2\/posts\/38527\/revisions"}],"wp:featuredmedia":[{"embeddable":true,"href":"https:\/\/zamanturkmenistan.com.tm\/index.php?rest_route=\/wp\/v2\/media\/38531"}],"wp:attachment":[{"href":"https:\/\/zamanturkmenistan.com.tm\/index.php?rest_route=%2Fwp%2Fv2%2Fmedia&parent=38527"}],"wp:term":[{"taxonomy":"category","embeddable":true,"href":"https:\/\/zamanturkmenistan.com.tm\/index.php?rest_route=%2Fwp%2Fv2%2Fcategories&post=38527"},{"taxonomy":"post_tag","embeddable":true,"href":"https:\/\/zamanturkmenistan.com.tm\/index.php?rest_route=%2Fwp%2Fv2%2Ftags&post=38527"}],"curies":[{"name":"wp","href":"https:\/\/api.w.org\/{rel}","templated":true}]}}