{"id":38669,"date":"2021-01-29T09:33:21","date_gmt":"2021-01-29T04:33:21","guid":{"rendered":"https:\/\/zamanturkmenistan.com.tm\/?p=38669"},"modified":"2021-01-29T09:33:21","modified_gmt":"2021-01-29T04:33:21","slug":"hazirki-prezident-yenis-gazandy","status":"publish","type":"post","link":"https:\/\/zamanturkmenistan.com.tm\/?p=38669","title":{"rendered":"H\u00e4\u00adzir\u00adki Pre\u00adzi\u00adden\u00adt \u00fde\u00ad\u0148i\u015f ga\u00adzan\u00addy"},"content":{"rendered":"<p>Por\u00adtu\u00adga\u00adli\u00ad\u00fda\u00adny\u0148 h\u00e4\u00adzir\u00adki Li\u00adde\u00adri Mar\u00adse\u00adlo Re\u00adbe\u00adlo di Sou\u00adza \u00fdurt\u00adda ge\u00ad\u00e7i\u00adri\u00adlen Pre\u00adzi\u00addent sa\u00fd\u00adlaw\u00adla\u00adry\u00adny\u0148 bi\u00adrin\u00adji tap\u00adgy\u00adryn\u00adda 60,7 g\u00f6\u00adte\u00adrim ses bi\u00adlen \u00fde\u00ad\u0148i\u015f ga\u00adzan\u00addy. Ikin\u00adji orun\u00adda sa\u00fd\u00adlaw\u00ad\u00e7y\u00adla\u00adry\u0148 12,9 g\u00f6\u00adte\u00adri\u00admi ta\u00adra\u00adpyn\u00addan gol\u00adda\u00adnan So\u00adsia\u00adlis\u00adtik par\u00adti\u00ad\u00fda\u00addan da\u00adla\u015f\u00adg\u00e4r, ozal\u00adky \u00fdew\u00adro we\u00adkil An\u00adna Go\u00adme\u015f, \u00fc\u00e7\u00fcn\u00adji or\u00adny sag\u00ad\u00e7y par\u00adti\u00ad\u00fda \u00abChe\u00adga!\u00bb-ny\u0148 li\u00adde\u00adri And\u00adre Wen\u00adtu\u00adra e\u00fde\u00adle\u00addi. Da\u00adla\u015f\u00adg\u00e4r\u00adle\u00adri\u0148 ga\u00adlan b\u00f6\u00adle\u00adgi\u00adni\u0148 ga\u00adza\u00adnan ses\u00adle\u00adri 5 g\u00f6\u00adte\u00adrim\u00adden az bol\u00addy.<br \/>\nPor\u00adtu\u00adga\u00adli\u00ad\u00fda\u00adda Pre\u00adzi\u00addent sa\u00fd\u00adlaw\u00adla\u00adry 24-nji \u00fdan\u00adwar\u00adda ge\u00ad\u00e7i\u00adril\u00addi. Da\u00adla\u015f\u00adg\u00e4r \u00fde\u00ad\u0148i\u015f ga\u00adzan\u00admak \u00fc\u00e7in bel\u00adle\u00adnen 50 g\u00f6\u00adte\u00adrim\u00adden gow\u00adrak se\u00adse e\u00fde bo\u00adlan\u00adly\u00adgy \u00fc\u00e7in sa\u00fd\u00adlaw\u00adla\u00adry\u0148 ikin\u00adji tap\u00adgy\u00adry ge\u00ad\u00e7i\u00adril\u00adme\u00ad\u00fd\u00e4r. Pre\u00adzi\u00addent\u00adli\u00adge je\u00admi \u00fde\u00addi adam da\u00adla\u015f et\u00addi. 2016-njy \u00fdyl\u00adda Pre\u00adzi\u00addent we\u00adzi\u00adpe\u00adsi\u00adne gi\u00adri\u00ad\u015fen Por\u00adtu\u00adga\u00adli\u00ad\u00fda\u00adny\u0148 h\u00e4\u00adzir\u00adki Li\u00adde\u00adri, 72 \u00fda\u015f\u00adly Mar\u00adse\u00adlo Re\u00adbe\u00adlo di Sou\u00adza ga\u00adza\u00adnan \u00fde\u0148\u00ad\u015fin\u00adden so\u0148 sa\u00fd\u00adlaw\u00ad\u00e7y\u00adla\u00adry\u0148 \u00f6z\u00fc\u00adne bil\u00addi\u00adren yna\u00admy \u00fc\u00e7in ho\u00ad\u015fal\u00adlyk bil\u00addir\u00addi we oza\u00adly bi\u00adlen ko\u00adro\u00adna\u00adwi\u00adrus pan\u00adde\u00admi\u00ad\u00fda\u00adsy\u00adna gar\u00ad\u015fy g\u00f6\u00adre\u00ad\u015fi \u00f6z\u00fc\u00adni\u0148 esa\u00adsy we\u00adzi\u00adpe\u00adsi ha\u00adsap\u00adla\u00ad\u00fdan\u00addy\u00adgy\u00adny a\u00fdt\u00addy.<br \/>\nPor\u00adtu\u00adga\u00adli\u00ad\u00fda\u00adny\u0148 Pre\u00adzi\u00adden\u00adti her b\u00e4\u015f \u00fdyl\u00addan bir ge\u00adzek sa\u00fd\u00adla\u00adnyp, gi\u0148 yg\u00adty\u00ad\u00fdar\u00adlyk\u00adla\u00adra e\u00fde\u00addir. Pre\u00adzi\u00adden\u00adti\u0148 Par\u00adla\u00adment ta\u00adra\u00adpyn\u00addan ka\u00adbul edi\u00adlen ka\u00adrar\u00adla\u00adra we\u00adto go\u00fd\u00adma\u00adga hu\u00adku\u00adgy bo\u00adlup, par\u00adti\u00ad\u00fda \u00fdol\u00adba\u015f\u00ad\u00e7y\u00adsy\u00adna h\u00f6\u00adk\u00fc\u00admet gur\u00adma\u00adgy tab\u00ad\u015fyr\u00ad\u00fdar, mas\u00adla\u00adha\u00adta \u00e7a\u00adgy\u00adryp \u00fda-da Par\u00adla\u00admen\u00adti \u00fda\u00adty\u00adryp bil\u00ad\u00fd\u00e4r.<\/p>\n","protected":false},"excerpt":{"rendered":"<p>Por\u00adtu\u00adga\u00adli\u00ad\u00fda\u00adny\u0148 h\u00e4\u00adzir\u00adki Li\u00adde\u00adri Mar\u00adse\u00adlo Re\u00adbe\u00adlo di Sou\u00adza \u00fdurt\u00adda ge\u00ad\u00e7i\u00adri\u00adlen Pre\u00adzi\u00addent sa\u00fd\u00adlaw\u00adla\u00adry\u00adny\u0148 bi\u00adrin\u00adji tap\u00adgy\u00adryn\u00adda 60,7 g\u00f6\u00adte\u00adrim ses bi\u00adlen \u00fde\u00ad\u0148i\u015f ga\u00adzan\u00addy. Ikin\u00adji orun\u00adda sa\u00fd\u00adlaw\u00ad\u00e7y\u00adla\u00adry\u0148 12,9 g\u00f6\u00adte\u00adri\u00admi ta\u00adra\u00adpyn\u00addan gol\u00adda\u00adnan So\u00adsia\u00adlis\u00adtik par\u00adti\u00ad\u00fda\u00addan da\u00adla\u015f\u00adg\u00e4r, ozal\u00adky \u00fdew\u00adro we\u00adkil An\u00adna Go\u00adme\u015f, \u00fc\u00e7\u00fcn\u00adji or\u00adny sag\u00ad\u00e7y par\u00adti\u00ad\u00fda \u00abChe\u00adga!\u00bb-ny\u0148 li\u00adde\u00adri And\u00adre Wen\u00adtu\u00adra e\u00fde\u00adle\u00addi. Da\u00adla\u015f\u00adg\u00e4r\u00adle\u00adri\u0148 ga\u00adlan b\u00f6\u00adle\u00adgi\u00adni\u0148 ga\u00adza\u00adnan ses\u00adle\u00adri 5 g\u00f6\u00adte\u00adrim\u00adden az bol\u00addy. Por\u00adtu\u00adga\u00adli\u00ad\u00fda\u00adda Pre\u00adzi\u00addent sa\u00fd\u00adlaw\u00adla\u00adry [&hellip;]<\/p>\n","protected":false},"author":1,"featured_media":38670,"comment_status":"open","ping_status":"closed","sticky":false,"template":"","format":"standard","meta":{"footnotes":""},"categories":[5],"tags":[],"acf":[],"_links":{"self":[{"href":"https:\/\/zamanturkmenistan.com.tm\/index.php?rest_route=\/wp\/v2\/posts\/38669"}],"collection":[{"href":"https:\/\/zamanturkmenistan.com.tm\/index.php?rest_route=\/wp\/v2\/posts"}],"about":[{"href":"https:\/\/zamanturkmenistan.com.tm\/index.php?rest_route=\/wp\/v2\/types\/post"}],"author":[{"embeddable":true,"href":"https:\/\/zamanturkmenistan.com.tm\/index.php?rest_route=\/wp\/v2\/users\/1"}],"replies":[{"embeddable":true,"href":"https:\/\/zamanturkmenistan.com.tm\/index.php?rest_route=%2Fwp%2Fv2%2Fcomments&post=38669"}],"version-history":[{"count":0,"href":"https:\/\/zamanturkmenistan.com.tm\/index.php?rest_route=\/wp\/v2\/posts\/38669\/revisions"}],"wp:featuredmedia":[{"embeddable":true,"href":"https:\/\/zamanturkmenistan.com.tm\/index.php?rest_route=\/wp\/v2\/media\/38670"}],"wp:attachment":[{"href":"https:\/\/zamanturkmenistan.com.tm\/index.php?rest_route=%2Fwp%2Fv2%2Fmedia&parent=38669"}],"wp:term":[{"taxonomy":"category","embeddable":true,"href":"https:\/\/zamanturkmenistan.com.tm\/index.php?rest_route=%2Fwp%2Fv2%2Fcategories&post=38669"},{"taxonomy":"post_tag","embeddable":true,"href":"https:\/\/zamanturkmenistan.com.tm\/index.php?rest_route=%2Fwp%2Fv2%2Ftags&post=38669"}],"curies":[{"name":"wp","href":"https:\/\/api.w.org\/{rel}","templated":true}]}}