{"id":38761,"date":"2021-01-29T16:42:18","date_gmt":"2021-01-29T11:42:18","guid":{"rendered":"https:\/\/zamanturkmenistan.com.tm\/?p=38761"},"modified":"2021-01-29T18:16:50","modified_gmt":"2021-01-29T13:16:50","slug":"35-yyldan-son-gar-yagdy","status":"publish","type":"post","link":"https:\/\/zamanturkmenistan.com.tm\/?p=38761","title":{"rendered":"35 \u00fdyldan so\u0148 gar \u00fdagdy"},"content":{"rendered":"<p>T\u00fcrki\u00fd\u00e4ni\u0148 d\u00fcn\u00fd\u00e4 belli dyn\u00e7 aly\u015f-sy\u00fdahat\u00e7ylyk merkezi hasaplan\u00fdan Bodruma 35 \u00fdyla gola\u00fd wagtdan so\u0148 ilkinji gezek gar \u00fdagdy. Ir bilen g\u00fc\u00fd\u00e7li \u015femal \u00f6ws\u00fcp \u00fdagy\u015f \u00fdagdy. G\u00fcnortan wagtlarynda G\u00fcn \u00e7yksa-da, ag\u015famara ilki \u00fdagy\u015f, doly, so\u0148ra gar \u00fdagdy. \u015e\u00e4heri\u0148 merkezi etraplaryny\u0148 biri bolan Biteze hem Milasa \u00fdagan gar halky ha\u00fdran galdyrdy. Bu gar olar \u00fc\u00e7in \u00fdatdan \u00e7ykmajak wakalary\u0148 birine \u00f6wr\u00fcldi. \u00dda\u015fa\u00fdjylar, esasan hem, \u00e7agalar \u00fdagan garda d\u00fcrli o\u00fdunlar o\u00fdnadylar. Ilkinji gezek gar g\u00f6ren \u00e7agalar gardan adam \u00fdasadylar. \u00dderi halk bu \u00fderlere so\u0148ky gezek 1987-nji \u00fdylda gary\u0148 \u00fdagandygyny belle\u00fd\u00e4rer.<\/p>\n","protected":false},"excerpt":{"rendered":"<p>T\u00fcrki\u00fd\u00e4ni\u0148 d\u00fcn\u00fd\u00e4 belli dyn\u00e7 aly\u015f-sy\u00fdahat\u00e7ylyk merkezi hasaplan\u00fdan Bodruma 35 \u00fdyla gola\u00fd wagtdan so\u0148 ilkinji gezek gar \u00fdagdy. Ir bilen g\u00fc\u00fd\u00e7li \u015femal \u00f6ws\u00fcp \u00fdagy\u015f \u00fdagdy. G\u00fcnortan wagtlarynda G\u00fcn \u00e7yksa-da, ag\u015famara ilki \u00fdagy\u015f, doly, so\u0148ra gar \u00fdagdy. \u015e\u00e4heri\u0148 merkezi etraplaryny\u0148 biri bolan Biteze hem Milasa \u00fdagan gar halky ha\u00fdran galdyrdy. Bu gar olar \u00fc\u00e7in \u00fdatdan \u00e7ykmajak wakalary\u0148 [&hellip;]<\/p>\n","protected":false},"author":2,"featured_media":38762,"comment_status":"open","ping_status":"closed","sticky":false,"template":"","format":"standard","meta":{"footnotes":""},"categories":[5],"tags":[],"acf":[],"_links":{"self":[{"href":"https:\/\/zamanturkmenistan.com.tm\/index.php?rest_route=\/wp\/v2\/posts\/38761"}],"collection":[{"href":"https:\/\/zamanturkmenistan.com.tm\/index.php?rest_route=\/wp\/v2\/posts"}],"about":[{"href":"https:\/\/zamanturkmenistan.com.tm\/index.php?rest_route=\/wp\/v2\/types\/post"}],"author":[{"embeddable":true,"href":"https:\/\/zamanturkmenistan.com.tm\/index.php?rest_route=\/wp\/v2\/users\/2"}],"replies":[{"embeddable":true,"href":"https:\/\/zamanturkmenistan.com.tm\/index.php?rest_route=%2Fwp%2Fv2%2Fcomments&post=38761"}],"version-history":[{"count":0,"href":"https:\/\/zamanturkmenistan.com.tm\/index.php?rest_route=\/wp\/v2\/posts\/38761\/revisions"}],"wp:featuredmedia":[{"embeddable":true,"href":"https:\/\/zamanturkmenistan.com.tm\/index.php?rest_route=\/wp\/v2\/media\/38762"}],"wp:attachment":[{"href":"https:\/\/zamanturkmenistan.com.tm\/index.php?rest_route=%2Fwp%2Fv2%2Fmedia&parent=38761"}],"wp:term":[{"taxonomy":"category","embeddable":true,"href":"https:\/\/zamanturkmenistan.com.tm\/index.php?rest_route=%2Fwp%2Fv2%2Fcategories&post=38761"},{"taxonomy":"post_tag","embeddable":true,"href":"https:\/\/zamanturkmenistan.com.tm\/index.php?rest_route=%2Fwp%2Fv2%2Ftags&post=38761"}],"curies":[{"name":"wp","href":"https:\/\/api.w.org\/{rel}","templated":true}]}}