{"id":38854,"date":"2021-02-02T15:51:12","date_gmt":"2021-02-02T10:51:12","guid":{"rendered":"https:\/\/zamanturkmenistan.com.tm\/?p=38854"},"modified":"2021-02-02T15:51:12","modified_gmt":"2021-02-02T10:51:12","slug":"ilkinji-rayat-ucusy-su-yyl-amala-asyrylar","status":"publish","type":"post","link":"https:\/\/zamanturkmenistan.com.tm\/?p=38854","title":{"rendered":"Ilkinji ra\u00fdat u\u00e7u\u015fy \u015fu \u00fdyl amala a\u015fyrylar"},"content":{"rendered":"<p>\u201cSpaceX\u201d kompani\u00fdasyny\u0148 ra\u00fdatlary kosmosa \u00e4kitjek ilkinji u\u00e7u\u015fyny\u0148 \u015fu \u00fdyl amala a\u015fyrylmagy maksat edinil\u00fd\u00e4r. Bu u\u00e7u\u015fa d\u00f6rt adam gatna\u015fyp, h\u00e4zirlik\u00e7e olary\u0148 di\u0148e birini\u0148 kimdigi belli boldy \u2013 Je\u00fdred A\u00fdzaakman. \u00ddyly\u0148 so\u0148ky \u00e7\u00e4r\u00fdeginde amala a\u015fyryljak u\u00e7u\u015fda \u201cCrew Dragon\u201d kosmos g\u00e4misi ulanylar. \u201cInspiration 4\u201d atly maksatnamany\u0148 \u00e7\u00e4klerinde amala a\u015fyrylmagy g\u00f6z \u00f6\u0148\u00fcnde tutul\u00fdan u\u00e7u\u015fa gatna\u015fjak be\u00fdleki \u00fc\u00e7 adamy\u0148 kimlerdigi geljek hepdeleri\u0148 dowamynda belli bolar. \u201cInspiration 4\u201d maksatnamasyna gatna\u015fjaklara \u00fd\u00f6rite h\u00fcn\u00e4rmenler tarapyndan astronawt sapagy beriljekdigi malim edildi. Kosmos g\u00e4misi i\u015few\u00fcr A\u00fdzaakman tarapyndan dolandyrylar.<\/p>\n","protected":false},"excerpt":{"rendered":"<p>\u201cSpaceX\u201d kompani\u00fdasyny\u0148 ra\u00fdatlary kosmosa \u00e4kitjek ilkinji u\u00e7u\u015fyny\u0148 \u015fu \u00fdyl amala a\u015fyrylmagy maksat edinil\u00fd\u00e4r. Bu u\u00e7u\u015fa d\u00f6rt adam gatna\u015fyp, h\u00e4zirlik\u00e7e olary\u0148 di\u0148e birini\u0148 kimdigi belli boldy \u2013 Je\u00fdred A\u00fdzaakman. \u00ddyly\u0148 so\u0148ky \u00e7\u00e4r\u00fdeginde amala a\u015fyryljak u\u00e7u\u015fda \u201cCrew Dragon\u201d kosmos g\u00e4misi ulanylar. \u201cInspiration 4\u201d atly maksatnamany\u0148 \u00e7\u00e4klerinde amala a\u015fyrylmagy g\u00f6z \u00f6\u0148\u00fcnde tutul\u00fdan u\u00e7u\u015fa gatna\u015fjak be\u00fdleki \u00fc\u00e7 adamy\u0148 kimlerdigi [&hellip;]<\/p>\n","protected":false},"author":2,"featured_media":38855,"comment_status":"open","ping_status":"closed","sticky":false,"template":"","format":"standard","meta":{"footnotes":""},"categories":[8],"tags":[],"_links":{"self":[{"href":"https:\/\/zamanturkmenistan.com.tm\/index.php?rest_route=\/wp\/v2\/posts\/38854"}],"collection":[{"href":"https:\/\/zamanturkmenistan.com.tm\/index.php?rest_route=\/wp\/v2\/posts"}],"about":[{"href":"https:\/\/zamanturkmenistan.com.tm\/index.php?rest_route=\/wp\/v2\/types\/post"}],"author":[{"embeddable":true,"href":"https:\/\/zamanturkmenistan.com.tm\/index.php?rest_route=\/wp\/v2\/users\/2"}],"replies":[{"embeddable":true,"href":"https:\/\/zamanturkmenistan.com.tm\/index.php?rest_route=%2Fwp%2Fv2%2Fcomments&post=38854"}],"version-history":[{"count":0,"href":"https:\/\/zamanturkmenistan.com.tm\/index.php?rest_route=\/wp\/v2\/posts\/38854\/revisions"}],"wp:featuredmedia":[{"embeddable":true,"href":"https:\/\/zamanturkmenistan.com.tm\/index.php?rest_route=\/wp\/v2\/media\/38855"}],"wp:attachment":[{"href":"https:\/\/zamanturkmenistan.com.tm\/index.php?rest_route=%2Fwp%2Fv2%2Fmedia&parent=38854"}],"wp:term":[{"taxonomy":"category","embeddable":true,"href":"https:\/\/zamanturkmenistan.com.tm\/index.php?rest_route=%2Fwp%2Fv2%2Fcategories&post=38854"},{"taxonomy":"post_tag","embeddable":true,"href":"https:\/\/zamanturkmenistan.com.tm\/index.php?rest_route=%2Fwp%2Fv2%2Ftags&post=38854"}],"curies":[{"name":"wp","href":"https:\/\/api.w.org\/{rel}","templated":true}]}}