{"id":39041,"date":"2021-02-05T16:00:57","date_gmt":"2021-02-05T11:00:57","guid":{"rendered":"https:\/\/zamanturkmenistan.com.tm\/?p=39041"},"modified":"2021-02-05T16:00:57","modified_gmt":"2021-02-05T11:00:57","slug":"jozef-bayden-abs-nyn-dasary-syyasatyny-malim-etdi","status":"publish","type":"post","link":"https:\/\/zamanturkmenistan.com.tm\/?p=39041","title":{"rendered":"Jozef Ba\u00fdden AB\u015e-ny\u0148 da\u015fary sy\u00fdasatyny m\u00e4lim etdi"},"content":{"rendered":"<p>5-nji fewralda AB\u015e-ny\u0148 Prezidenti Jozef Ba\u00fdden \u00fdurdu\u0148 da\u015fary sy\u00fdasatyny\u0148 ileri tutul\u00fdan ugurlary barada ilkinji maksatlaryny m\u00e4lim etdi. Ol \u00f6z \u00e7yky\u015fynda Amerikany\u0148 da\u015fary sy\u00fdasatynda diplomati\u00fdany\u0148 a\u00fdratyn orun e\u00fdelejekdigini tassyklady. Ol d\u00fcn\u00fd\u00e4de emele gelen \u00e7yl\u015fyrymly \u00fdagda\u00fdlardan ba\u015flap, howany\u0148 \u00fc\u00fdtgemegi \u00fdaramaz netijelerine \u00e7enli barha art\u00fdan global kyn\u00e7ylyklary\u0148 di\u0148e bilelikde i\u015fle\u00fd\u00e4n \u00fdurtlar tarapyndan \u00e7\u00f6z\u00fclip bilinjekdigini belledi.<\/p>\n<p>\u2013 AB\u015e-ny\u0148 d\u00fcn\u00fd\u00e4 \u00fdurtlary bilen hyzmatda\u015flygy Wa\u015fingtony\u0148 i\u0148 uly ba\u00fdlygydyr. Diplomati\u00fda hyzmatda\u015flarymyz bilen egin-egne bermek di\u00fdmekdir. Biz ygtybarlylygymyzy we abra\u00fdymyzy berkitmek ugrundaky tagallalarymyzy ga\u00fdgyrmaly d\u00e4ldiris \u2013 di\u00fdip, Jozef Ba\u00fdden belledi. Onu\u0148 pikiri\u00e7e, Amerikany\u0148 t\u00e4ze h\u00e4kimi\u00fdeti halkara gatna\u015fyklaryny we \u00fdurdu\u0148 halkara derejesind\u00e4ki ornuny has-da berkitm\u00e4ge giri\u015fdi. Mundan ba\u015fga-da, Prezident Ba\u00fdden Amerikany howany\u0148 \u00fc\u00fdtgemegini\u0148 \u00fdaramaz netijelerine gar\u015fy g\u00f6re\u015fde \u00f6\u0148debaryjy bolmaga \u00e7agyrdy. Pandemi\u00fda meselelerinde bol\u015fy \u00fdaly, bu hem global hyzmatda\u015flygy talap ed\u00fd\u00e4r di\u00fdip, amerikan administrasi\u00fdasyny\u0148 ba\u015flygy belledi.<\/p>\n","protected":false},"excerpt":{"rendered":"<p>5-nji fewralda AB\u015e-ny\u0148 Prezidenti Jozef Ba\u00fdden \u00fdurdu\u0148 da\u015fary sy\u00fdasatyny\u0148 ileri tutul\u00fdan ugurlary barada ilkinji maksatlaryny m\u00e4lim etdi. Ol \u00f6z \u00e7yky\u015fynda Amerikany\u0148 da\u015fary sy\u00fdasatynda diplomati\u00fdany\u0148 a\u00fdratyn orun e\u00fdelejekdigini tassyklady. Ol d\u00fcn\u00fd\u00e4de emele gelen \u00e7yl\u015fyrymly \u00fdagda\u00fdlardan ba\u015flap, howany\u0148 \u00fc\u00fdtgemegi \u00fdaramaz netijelerine \u00e7enli barha art\u00fdan global kyn\u00e7ylyklary\u0148 di\u0148e bilelikde i\u015fle\u00fd\u00e4n \u00fdurtlar tarapyndan \u00e7\u00f6z\u00fclip bilinjekdigini belledi. \u2013 AB\u015e-ny\u0148 d\u00fcn\u00fd\u00e4 [&hellip;]<\/p>\n","protected":false},"author":2,"featured_media":39042,"comment_status":"open","ping_status":"closed","sticky":false,"template":"","format":"standard","meta":{"footnotes":""},"categories":[5],"tags":[],"acf":[],"_links":{"self":[{"href":"https:\/\/zamanturkmenistan.com.tm\/index.php?rest_route=\/wp\/v2\/posts\/39041"}],"collection":[{"href":"https:\/\/zamanturkmenistan.com.tm\/index.php?rest_route=\/wp\/v2\/posts"}],"about":[{"href":"https:\/\/zamanturkmenistan.com.tm\/index.php?rest_route=\/wp\/v2\/types\/post"}],"author":[{"embeddable":true,"href":"https:\/\/zamanturkmenistan.com.tm\/index.php?rest_route=\/wp\/v2\/users\/2"}],"replies":[{"embeddable":true,"href":"https:\/\/zamanturkmenistan.com.tm\/index.php?rest_route=%2Fwp%2Fv2%2Fcomments&post=39041"}],"version-history":[{"count":0,"href":"https:\/\/zamanturkmenistan.com.tm\/index.php?rest_route=\/wp\/v2\/posts\/39041\/revisions"}],"wp:featuredmedia":[{"embeddable":true,"href":"https:\/\/zamanturkmenistan.com.tm\/index.php?rest_route=\/wp\/v2\/media\/39042"}],"wp:attachment":[{"href":"https:\/\/zamanturkmenistan.com.tm\/index.php?rest_route=%2Fwp%2Fv2%2Fmedia&parent=39041"}],"wp:term":[{"taxonomy":"category","embeddable":true,"href":"https:\/\/zamanturkmenistan.com.tm\/index.php?rest_route=%2Fwp%2Fv2%2Fcategories&post=39041"},{"taxonomy":"post_tag","embeddable":true,"href":"https:\/\/zamanturkmenistan.com.tm\/index.php?rest_route=%2Fwp%2Fv2%2Ftags&post=39041"}],"curies":[{"name":"wp","href":"https:\/\/api.w.org\/{rel}","templated":true}]}}