{"id":39116,"date":"2021-02-08T17:11:12","date_gmt":"2021-02-08T12:11:12","guid":{"rendered":"https:\/\/zamanturkmenistan.com.tm\/?p=39116"},"modified":"2021-02-08T17:11:12","modified_gmt":"2021-02-08T12:11:12","slug":"yewropa-mamisi-renkli-gar-yagdy","status":"publish","type":"post","link":"https:\/\/zamanturkmenistan.com.tm\/?p=39116","title":{"rendered":"\u00ddewropa m\u00e4mi\u015fi re\u0148kli gar \u00fdagdy"},"content":{"rendered":"<p style=\"text-align: left;\">\u00ddewropany\u0148 birn\u00e4\u00e7e \u00fdurduna sarymtyl m\u00e4mi\u015fi re\u0148kli gar \u00fdagdy. Sahara \u00e7\u00f6l\u00fcni\u0148 demirgazygyndan gel\u00fd\u00e4n tozan seb\u00e4pli gary\u0148 re\u0148kini\u0148 re\u0148ki m\u00e4mi\u015f\u00e4 <img decoding=\"async\" loading=\"lazy\" class=\"size-medium wp-image-39118 alignright\" src=\"https:\/\/zamanturkmenistan.com.tm\/wp-content\/uploads\/2021\/02\/5184-300x200.jpg\" alt=\"\" width=\"300\" height=\"200\" srcset=\"https:\/\/zamanturkmenistan.com.tm\/wp-content\/uploads\/2021\/02\/5184-300x200.jpg 300w, https:\/\/zamanturkmenistan.com.tm\/wp-content\/uploads\/2021\/02\/5184-768x512.jpg 768w, https:\/\/zamanturkmenistan.com.tm\/wp-content\/uploads\/2021\/02\/5184-1024x683.jpg 1024w, https:\/\/zamanturkmenistan.com.tm\/wp-content\/uploads\/2021\/02\/5184-696x464.jpg 696w, https:\/\/zamanturkmenistan.com.tm\/wp-content\/uploads\/2021\/02\/5184-1068x712.jpg 1068w, https:\/\/zamanturkmenistan.com.tm\/wp-content\/uploads\/2021\/02\/5184-630x420.jpg 630w, https:\/\/zamanturkmenistan.com.tm\/wp-content\/uploads\/2021\/02\/5184.jpg 1920w\" sizes=\"(max-width: 300px) 100vw, 300px\" \/>\u00f6wr\u00fclendigi habar berildi. Esasan hem Fransi\u00fdany\u0148, Andorrany\u0148, \u015ewe\u00fdsari\u00fdany\u0148 hem-de Ispani\u00fdany\u0148 k\u00e4bir sebitlerine, \u015fol sanda Alp daglaryna \u00fdagan m\u00e4mi\u015fi gary\u0148 re\u0148ki g\u00f6renleri ge\u0148 galdyrdy. \u015ee\u00fdle-de di\u0148e bir \u00fdagan gary\u0148 re\u0148ki \u00fc\u00fdtgem\u00e4n, asmany\u0148 re\u0148ki hem sarymtyl m\u00e4mi\u015fi boldy. Alp dagyna typmaga gidenler m\u00e4mi\u015fi re\u0148kli garda\u00a0 typdylar. K\u00e4bir adamlar bolsa \u00fdatdan \u00e7ykmajak bu pursatlary surata d\u00fc\u015f\u00fcrip, sosial media ulgamlarynda pa\u00fdla\u015fdylar.<\/p>\n","protected":false},"excerpt":{"rendered":"<p>\u00ddewropany\u0148 birn\u00e4\u00e7e \u00fdurduna sarymtyl m\u00e4mi\u015fi re\u0148kli gar \u00fdagdy. Sahara \u00e7\u00f6l\u00fcni\u0148 demirgazygyndan gel\u00fd\u00e4n tozan seb\u00e4pli gary\u0148 re\u0148kini\u0148 re\u0148ki m\u00e4mi\u015f\u00e4 \u00f6wr\u00fclendigi habar berildi. Esasan hem Fransi\u00fdany\u0148, Andorrany\u0148, \u015ewe\u00fdsari\u00fdany\u0148 hem-de Ispani\u00fdany\u0148 k\u00e4bir sebitlerine, \u015fol sanda Alp daglaryna \u00fdagan m\u00e4mi\u015fi gary\u0148 re\u0148ki g\u00f6renleri ge\u0148 galdyrdy. \u015ee\u00fdle-de di\u0148e bir \u00fdagan gary\u0148 re\u0148ki \u00fc\u00fdtgem\u00e4n, asmany\u0148 re\u0148ki hem sarymtyl m\u00e4mi\u015fi boldy. Alp [&hellip;]<\/p>\n","protected":false},"author":2,"featured_media":39117,"comment_status":"open","ping_status":"closed","sticky":false,"template":"","format":"standard","meta":{"footnotes":""},"categories":[5],"tags":[],"acf":[],"_links":{"self":[{"href":"https:\/\/zamanturkmenistan.com.tm\/index.php?rest_route=\/wp\/v2\/posts\/39116"}],"collection":[{"href":"https:\/\/zamanturkmenistan.com.tm\/index.php?rest_route=\/wp\/v2\/posts"}],"about":[{"href":"https:\/\/zamanturkmenistan.com.tm\/index.php?rest_route=\/wp\/v2\/types\/post"}],"author":[{"embeddable":true,"href":"https:\/\/zamanturkmenistan.com.tm\/index.php?rest_route=\/wp\/v2\/users\/2"}],"replies":[{"embeddable":true,"href":"https:\/\/zamanturkmenistan.com.tm\/index.php?rest_route=%2Fwp%2Fv2%2Fcomments&post=39116"}],"version-history":[{"count":0,"href":"https:\/\/zamanturkmenistan.com.tm\/index.php?rest_route=\/wp\/v2\/posts\/39116\/revisions"}],"wp:featuredmedia":[{"embeddable":true,"href":"https:\/\/zamanturkmenistan.com.tm\/index.php?rest_route=\/wp\/v2\/media\/39117"}],"wp:attachment":[{"href":"https:\/\/zamanturkmenistan.com.tm\/index.php?rest_route=%2Fwp%2Fv2%2Fmedia&parent=39116"}],"wp:term":[{"taxonomy":"category","embeddable":true,"href":"https:\/\/zamanturkmenistan.com.tm\/index.php?rest_route=%2Fwp%2Fv2%2Fcategories&post=39116"},{"taxonomy":"post_tag","embeddable":true,"href":"https:\/\/zamanturkmenistan.com.tm\/index.php?rest_route=%2Fwp%2Fv2%2Ftags&post=39116"}],"curies":[{"name":"wp","href":"https:\/\/api.w.org\/{rel}","templated":true}]}}