{"id":39129,"date":"2021-02-08T17:55:49","date_gmt":"2021-02-08T12:55:49","guid":{"rendered":"https:\/\/zamanturkmenistan.com.tm\/?p=39129"},"modified":"2021-02-08T17:59:47","modified_gmt":"2021-02-08T12:59:47","slug":"140-yyllyk-gus-bazary-yapylyar","status":"publish","type":"post","link":"https:\/\/zamanturkmenistan.com.tm\/?p=39129","title":{"rendered":"140 \u00fdyllyk gu\u015f bazary \u00fdapyl\u00fdar"},"content":{"rendered":"<p>Fransi\u00fdany\u0148 pa\u00fdtagty Pari\u017ed\u00e4ki 140 \u00fdyllyk taryhy gu\u015f bazaryny\u0148 \u00fdapyljakdygy m\u00e4lim edildi. Pari\u017ei\u0148 h\u00e4kimini\u0148 orunbasary Kristof Najowski \u00f6z be\u00fdanatynda bazary \u00fdapmak kararyna gelendiklerini belledi. \u015e\u00e4her ge\u0148e\u015fi taryhy bazary\u0148 \u201cgarrylyk d\u00f6wr\u00fcndedigini\u201d \u00fdagny, taryhy bazar h\u00f6km\u00fcnde \u00fdatlanjakdygyny a\u00fdd\u00fdar. Her \u00fdyl d\u00fcn\u00fd\u00e4ni\u0148 i\u0148 k\u00f6p sy\u00fdahat\u00e7y kabul ed\u00fd\u00e4n \u015f\u00e4heri bolan Pari\u017ee gel\u00fd\u00e4n jahanke\u015fdeler bu bazara baryp g\u00f6r\u00fd\u00e4rler. Pari\u017ei\u0148 gu\u015f bazary 1808-nji \u00fdylda g\u00fcl bazary ady bilen d\u00f6redilipdir. Bu \u00fderde h\u00e4zirki wagtda g\u00fcl we janly balyk satyl\u00fdar.<\/p>\n","protected":false},"excerpt":{"rendered":"<p>Fransi\u00fdany\u0148 pa\u00fdtagty Pari\u017ed\u00e4ki 140 \u00fdyllyk taryhy gu\u015f bazaryny\u0148 \u00fdapyljakdygy m\u00e4lim edildi. Pari\u017ei\u0148 h\u00e4kimini\u0148 orunbasary Kristof Najowski \u00f6z be\u00fdanatynda bazary \u00fdapmak kararyna gelendiklerini belledi. \u015e\u00e4her ge\u0148e\u015fi taryhy bazary\u0148 \u201cgarrylyk d\u00f6wr\u00fcndedigini\u201d \u00fdagny, taryhy bazar h\u00f6km\u00fcnde \u00fdatlanjakdygyny a\u00fdd\u00fdar. Her \u00fdyl d\u00fcn\u00fd\u00e4ni\u0148 i\u0148 k\u00f6p sy\u00fdahat\u00e7y kabul ed\u00fd\u00e4n \u015f\u00e4heri bolan Pari\u017ee gel\u00fd\u00e4n jahanke\u015fdeler bu bazara baryp g\u00f6r\u00fd\u00e4rler. Pari\u017ei\u0148 gu\u015f bazary [&hellip;]<\/p>\n","protected":false},"author":2,"featured_media":39130,"comment_status":"open","ping_status":"closed","sticky":false,"template":"","format":"standard","meta":{"footnotes":""},"categories":[5],"tags":[],"acf":[],"_links":{"self":[{"href":"https:\/\/zamanturkmenistan.com.tm\/index.php?rest_route=\/wp\/v2\/posts\/39129"}],"collection":[{"href":"https:\/\/zamanturkmenistan.com.tm\/index.php?rest_route=\/wp\/v2\/posts"}],"about":[{"href":"https:\/\/zamanturkmenistan.com.tm\/index.php?rest_route=\/wp\/v2\/types\/post"}],"author":[{"embeddable":true,"href":"https:\/\/zamanturkmenistan.com.tm\/index.php?rest_route=\/wp\/v2\/users\/2"}],"replies":[{"embeddable":true,"href":"https:\/\/zamanturkmenistan.com.tm\/index.php?rest_route=%2Fwp%2Fv2%2Fcomments&post=39129"}],"version-history":[{"count":0,"href":"https:\/\/zamanturkmenistan.com.tm\/index.php?rest_route=\/wp\/v2\/posts\/39129\/revisions"}],"wp:featuredmedia":[{"embeddable":true,"href":"https:\/\/zamanturkmenistan.com.tm\/index.php?rest_route=\/wp\/v2\/media\/39130"}],"wp:attachment":[{"href":"https:\/\/zamanturkmenistan.com.tm\/index.php?rest_route=%2Fwp%2Fv2%2Fmedia&parent=39129"}],"wp:term":[{"taxonomy":"category","embeddable":true,"href":"https:\/\/zamanturkmenistan.com.tm\/index.php?rest_route=%2Fwp%2Fv2%2Fcategories&post=39129"},{"taxonomy":"post_tag","embeddable":true,"href":"https:\/\/zamanturkmenistan.com.tm\/index.php?rest_route=%2Fwp%2Fv2%2Ftags&post=39129"}],"curies":[{"name":"wp","href":"https:\/\/api.w.org\/{rel}","templated":true}]}}