{"id":39363,"date":"2021-02-15T18:57:36","date_gmt":"2021-02-15T13:57:36","guid":{"rendered":"https:\/\/zamanturkmenistan.com.tm\/?p=39363"},"modified":"2021-02-15T18:57:36","modified_gmt":"2021-02-15T13:57:36","slug":"elli-yasly-heykel","status":"publish","type":"post","link":"https:\/\/zamanturkmenistan.com.tm\/?p=39363","title":{"rendered":"ELLI \u00ddA\u015eLY HE\u00ddKEL"},"content":{"rendered":"<p>Adamlar her g\u00fcn i\u015fe, \u00f6\u00fde \u00fda-da i\u015fi \u00e7ykyp pa\u00fdtagtymyzy\u0148 Magtymguly \u015fa\u00fdolundan ge\u00e7enlerinde olary\u0148 \u00fcns\u00fcni bir he\u00fdkel \u00f6z\u00fcne \u00e7ek\u00fd\u00e4r. Ol G\u00fcndogary\u0148 be\u00fdik s\u00f6z ussady, akyldar Magtymguly Pyragyny\u0148 belent \u00fdadyg\u00e4rligi. Bu \u00fdadyg\u00e4rligi\u0148 \u00f6zbolu\u015fly taryhy bar. 1960-njy \u00fdylda be\u00fdik \u015fahyry\u0148 \u00fdadyg\u00e4rligini d\u00f6retmek \u00fc\u00e7in arhitektorlardyr he\u00fdkeltara\u015flary\u0148 arasynda b\u00e4sle\u015fik yglan edil\u00fd\u00e4r. B\u00e4sle\u015fige onlar\u00e7a sungat ussady gatna\u015f\u00fdar. B\u00e4sle\u015fikde arhitektorlar W.N.Wysotini\u0148, W.G.Kutumowy\u0148 hem-de he\u00fdkeltara\u015f W.G.Popowy\u0148 i\u015fi kabul edilip, olary\u0148 yhlasly z\u00e4hmeti netijesinde d\u00f6r\u00e4n Magtymguly Pyragyny\u0148 he\u00fdkeli 1971-nji \u00fdylda A\u015fgabady\u0148 i\u0148 g\u00f6zel \u00fderinde \u2013\u00a0 h\u00e4zirki Magtymguly \u015fa\u00fdoluny\u0148 ugrunda \u015fahyra bagy\u015flanan memorial ansambl a\u00e7yl\u00fdar.<\/p>\n<p>Bagy\u0148 i\u00e7inde, howzu\u0148 ortasynda \u00fc\u00fd\u015f\u00fcrilen da\u015flary\u0148 \u00fcst\u00fcnde oturan \u015fahyry\u0148 gabarasy t\u00f6werege nur \u00e7a\u00fd\u00fdar. Talaba la\u00fdyk me\u00fdille\u015fdirilen bagy\u0148 \u00f6sg\u00fcn \u00f6s\u00fcmlikleri, howzu\u0148 a\u00fdna \u00fdaly tekiz dury \u00fd\u00fczi, suwu\u0148 \u00fd\u00fcz\u00fcne \u00e7ykyp duran da\u015flar \u00a0sintetik ansambly emele getir\u00fd\u00e4r. Magtymgulyny\u0148 salyhatly, o\u00fda \u00e7\u00fcm\u00fcp oturan gabarasyny\u0148 \u015fekili howzu\u0148 suwuna d\u00fc\u015f\u00fcp, kompozisi\u00fdasy bo\u00fdun\u00e7a tutu\u015f t\u00f6werek ansamblyny\u0148 umumy t\u00e4sirini g\u00fc\u00fd\u00e7lendir\u00fd\u00e4r.<\/p>\n<p>Bu t\u00e4sirli he\u00fdkeli\u0148 dikeldilenine elli \u00fdyl ge\u00e7di. Berkarar d\u00f6wletimizi\u0148 bagty\u00fdarlyk d\u00f6wr\u00fcnde hormatly Prezidentimizi\u0148 hema\u00fdat-goldawy netijesinde be\u00fdik akyldary\u0148 doglan g\u00fcn\u00fcni\u0148 290 \u00fdyllygyna gabatlap \u015fahyry\u0148 he\u00fdkelini\u0148 b\u00fctin t\u00f6weregi t\u00e4ze ke\u015fbe girdi. Ol \u00fderde sa\u00fdaly aga\u00e7lar oturdylyp, memorial ansambly\u0148 me\u00fddan\u00e7asyna t\u00e4ze da\u015flar d\u00fc\u015feldi. Gyra-\u00fdany altynsow re\u0148kli ha\u015famly a\u00fdnaly \u00f6rtg\u00fcler bilen \u00f6rt\u00fclen me\u00fddan\u00e7a t\u00e4ze ke\u015fbe girdi.<\/p>\n<p style=\"text-align: left;\">Magtymguly Pyragyny\u0148 \u00fdadyg\u00e4rligini\u0148 \u00f6\u0148i \u2013 \u00fdurdumyzda medeni \u00e7\u00e4releri\u0148 ge\u00e7iril\u00fd\u00e4n \u00fderi h\u00f6km\u00fcnde hem kalplarymyza yhlas pa\u00fdla\u00fdar. Hormatly Prezidentimizi\u0148 ba\u015flangyjy bilen her \u00fdyly\u0148 i\u00fdun a\u00fdynda bellenil\u00fd\u00e4n Medeni\u00fdet we sungat i\u015fg\u00e4rlerini\u0148 hem-de Magtymguly Pyragyny\u0148 \u015fygry\u00fdet g\u00fcn\u00fcni\u0148 bellenil\u00fd\u00e4n g\u00fcnleri bu \u00fderi \u00f6zbolu\u015fly ba\u00fdram\u00e7ylyk me\u00fddan\u00e7asyna beslen\u00fd\u00e4r. Ol \u00fderde \u00fdurdumyzy\u0148 tanymal \u00fdazyjy-\u015fahyrlary, ussat a\u00fddym\u00e7ylary \u00e7yky\u015f edip, be\u00fdik akyldary\u0148 ismini jahana \u00fda\u00fd\u00fdarlar.<\/p>\n<p style=\"text-align: left;\">Magtymguly Pyragyny\u0148 \u00fdadyg\u00e4rligini\u0148 dikeldilenine \u015fu \u00fdyl elli \u00fdyl doldy. Sungaty\u0148 ga\u00fdtalanmajak nusgasy bolan bu he\u00fdkel halkymyzy\u0148 be\u00fdik \u015fahsy\u00fdetine go\u00fd\u00fdan \u00e7\u00e4ksiz hormatyny\u0148 ny\u015fanydyr. \u015eahyry\u0148 da\u015fa si\u0148en ke\u015fbini n\u00e4\u00e7e synlasa\u0148-da, ol her sapar adamlary\u0148 kalbynda t\u00e4ze t\u00e4sirleri o\u00fdar\u00fdar.<\/p>\n<p style=\"text-align: right;\"><strong>A\u00fdyt ANNA\u00ddEW<\/strong><strong>,<\/strong><\/p>\n<p style=\"text-align: right;\"><strong>S.A.Ny\u00fdazow adyndaky T\u00fcrkmen oba hojalyk uniwersitetini\u0148 mugallymy.<\/strong><\/p>\n","protected":false},"excerpt":{"rendered":"<p>Adamlar her g\u00fcn i\u015fe, \u00f6\u00fde \u00fda-da i\u015fi \u00e7ykyp pa\u00fdtagtymyzy\u0148 Magtymguly \u015fa\u00fdolundan ge\u00e7enlerinde olary\u0148 \u00fcns\u00fcni bir he\u00fdkel \u00f6z\u00fcne \u00e7ek\u00fd\u00e4r. Ol G\u00fcndogary\u0148 be\u00fdik s\u00f6z ussady, akyldar Magtymguly Pyragyny\u0148 belent \u00fdadyg\u00e4rligi. Bu \u00fdadyg\u00e4rligi\u0148 \u00f6zbolu\u015fly taryhy bar. 1960-njy \u00fdylda be\u00fdik \u015fahyry\u0148 \u00fdadyg\u00e4rligini d\u00f6retmek \u00fc\u00e7in arhitektorlardyr he\u00fdkeltara\u015flary\u0148 arasynda b\u00e4sle\u015fik yglan edil\u00fd\u00e4r. B\u00e4sle\u015fige onlar\u00e7a sungat ussady gatna\u015f\u00fdar. B\u00e4sle\u015fikde arhitektorlar W.N.Wysotini\u0148, W.G.Kutumowy\u0148 [&hellip;]<\/p>\n","protected":false},"author":2,"featured_media":39364,"comment_status":"open","ping_status":"closed","sticky":false,"template":"","format":"standard","meta":{"footnotes":""},"categories":[4],"tags":[],"acf":[],"_links":{"self":[{"href":"https:\/\/zamanturkmenistan.com.tm\/index.php?rest_route=\/wp\/v2\/posts\/39363"}],"collection":[{"href":"https:\/\/zamanturkmenistan.com.tm\/index.php?rest_route=\/wp\/v2\/posts"}],"about":[{"href":"https:\/\/zamanturkmenistan.com.tm\/index.php?rest_route=\/wp\/v2\/types\/post"}],"author":[{"embeddable":true,"href":"https:\/\/zamanturkmenistan.com.tm\/index.php?rest_route=\/wp\/v2\/users\/2"}],"replies":[{"embeddable":true,"href":"https:\/\/zamanturkmenistan.com.tm\/index.php?rest_route=%2Fwp%2Fv2%2Fcomments&post=39363"}],"version-history":[{"count":0,"href":"https:\/\/zamanturkmenistan.com.tm\/index.php?rest_route=\/wp\/v2\/posts\/39363\/revisions"}],"wp:featuredmedia":[{"embeddable":true,"href":"https:\/\/zamanturkmenistan.com.tm\/index.php?rest_route=\/wp\/v2\/media\/39364"}],"wp:attachment":[{"href":"https:\/\/zamanturkmenistan.com.tm\/index.php?rest_route=%2Fwp%2Fv2%2Fmedia&parent=39363"}],"wp:term":[{"taxonomy":"category","embeddable":true,"href":"https:\/\/zamanturkmenistan.com.tm\/index.php?rest_route=%2Fwp%2Fv2%2Fcategories&post=39363"},{"taxonomy":"post_tag","embeddable":true,"href":"https:\/\/zamanturkmenistan.com.tm\/index.php?rest_route=%2Fwp%2Fv2%2Ftags&post=39363"}],"curies":[{"name":"wp","href":"https:\/\/api.w.org\/{rel}","templated":true}]}}