{"id":39662,"date":"2021-02-23T10:27:24","date_gmt":"2021-02-23T05:27:24","guid":{"rendered":"https:\/\/zamanturkmenistan.com.tm\/?p=39662"},"modified":"2021-02-23T16:48:39","modified_gmt":"2021-02-23T11:48:39","slug":"gruziyanyn-taze-hokumeti-tassyklady","status":"publish","type":"post","link":"https:\/\/zamanturkmenistan.com.tm\/?p=39662","title":{"rendered":"Gruzi\u00fdany\u0148 t\u00e4ze h\u00f6k\u00fcmeti tassyklandy"},"content":{"rendered":"<p>22-nji fewralda Gruzi\u00fdany\u0148 Parlamenti Irakli Gariba\u015fwilini\u0148 \u00fdolba\u015f\u00e7ylygyndaky t\u00e4ze h\u00f6k\u00fcmeti tassyklady. \u201cSes berli\u015fikde Parlament t\u00e4ze h\u00f6k\u00fcmete ynam bildirdi\u201d di\u00fdip, Parlamenti\u0148 s\u00f6z\u00e7\u00fcsi Ar\u00e7il Talakwadze a\u00fdtdy. Prezident Salome Zurabi\u015fwili \u00fdurdu\u0148 Konstitusi\u00fda la\u00fdyklykda, 2013-2015-nji \u00fdyllarda Prem\u00fder-ministr bolup i\u015fl\u00e4n Irakli Gariba\u015fwilini h\u00f6k\u00fcmet ba\u015flygy wezipesine belledi. 18-nji fewralda Prem\u00fder-ministr Georgi\u00fd Gahari\u00fda i\u015finden \u00e7ekilenden so\u0148, bu wezipe bo\u015f durdy.<\/p>\n","protected":false},"excerpt":{"rendered":"<p>22-nji fewralda Gruzi\u00fdany\u0148 Parlamenti Irakli Gariba\u015fwilini\u0148 \u00fdolba\u015f\u00e7ylygyndaky t\u00e4ze h\u00f6k\u00fcmeti tassyklady. \u201cSes berli\u015fikde Parlament t\u00e4ze h\u00f6k\u00fcmete ynam bildirdi\u201d di\u00fdip, Parlamenti\u0148 s\u00f6z\u00e7\u00fcsi Ar\u00e7il Talakwadze a\u00fdtdy. Prezident Salome Zurabi\u015fwili \u00fdurdu\u0148 Konstitusi\u00fda la\u00fdyklykda, 2013-2015-nji \u00fdyllarda Prem\u00fder-ministr bolup i\u015fl\u00e4n Irakli Gariba\u015fwilini h\u00f6k\u00fcmet ba\u015flygy wezipesine belledi. 18-nji fewralda Prem\u00fder-ministr Georgi\u00fd Gahari\u00fda i\u015finden \u00e7ekilenden so\u0148, bu wezipe bo\u015f durdy.<\/p>\n","protected":false},"author":2,"featured_media":39663,"comment_status":"open","ping_status":"closed","sticky":false,"template":"","format":"standard","meta":{"footnotes":""},"categories":[5],"tags":[475,476],"acf":[],"_links":{"self":[{"href":"https:\/\/zamanturkmenistan.com.tm\/index.php?rest_route=\/wp\/v2\/posts\/39662"}],"collection":[{"href":"https:\/\/zamanturkmenistan.com.tm\/index.php?rest_route=\/wp\/v2\/posts"}],"about":[{"href":"https:\/\/zamanturkmenistan.com.tm\/index.php?rest_route=\/wp\/v2\/types\/post"}],"author":[{"embeddable":true,"href":"https:\/\/zamanturkmenistan.com.tm\/index.php?rest_route=\/wp\/v2\/users\/2"}],"replies":[{"embeddable":true,"href":"https:\/\/zamanturkmenistan.com.tm\/index.php?rest_route=%2Fwp%2Fv2%2Fcomments&post=39662"}],"version-history":[{"count":0,"href":"https:\/\/zamanturkmenistan.com.tm\/index.php?rest_route=\/wp\/v2\/posts\/39662\/revisions"}],"wp:featuredmedia":[{"embeddable":true,"href":"https:\/\/zamanturkmenistan.com.tm\/index.php?rest_route=\/wp\/v2\/media\/39663"}],"wp:attachment":[{"href":"https:\/\/zamanturkmenistan.com.tm\/index.php?rest_route=%2Fwp%2Fv2%2Fmedia&parent=39662"}],"wp:term":[{"taxonomy":"category","embeddable":true,"href":"https:\/\/zamanturkmenistan.com.tm\/index.php?rest_route=%2Fwp%2Fv2%2Fcategories&post=39662"},{"taxonomy":"post_tag","embeddable":true,"href":"https:\/\/zamanturkmenistan.com.tm\/index.php?rest_route=%2Fwp%2Fv2%2Ftags&post=39662"}],"curies":[{"name":"wp","href":"https:\/\/api.w.org\/{rel}","templated":true}]}}