{"id":40128,"date":"2021-03-04T23:27:54","date_gmt":"2021-03-04T18:27:54","guid":{"rendered":"https:\/\/zamanturkmenistan.com.tm\/?p=40128"},"modified":"2021-03-04T23:27:54","modified_gmt":"2021-03-04T18:27:54","slug":"basdeslerinden-ozdurar","status":"publish","type":"post","link":"https:\/\/zamanturkmenistan.com.tm\/?p=40128","title":{"rendered":"B\u00e4s\u00adde\u015f\u00adle\u00adrin\u00adden ozdurar"},"content":{"rendered":"<p>Aw\u00adtou\u00adlag \u00f6n\u00fcm\u00ad\u00e7i\u00adli\u00adgin\u00adde d\u00fcn\u00ad\u00fd\u00e4\u00adni\u0148 \u00f6\u0148\u00adde\u00adba\u00adry\u00adjy kom\u00adpa\u00adni\u00ad\u00fda\u00adsy \u00abVolvo\u00bb 2030-njy \u00fdyl\u00addan ba\u015f\u00adlap ne\u00adbit \u00fdan\u00adgy\u00e7\u00adly ulag\u00adla\u00adry\u0148 \u00f6n\u00fcm\u00ad\u00e7i\u00adli\u00adgi\u00adni do\u00adlu\u00adly\u00adgy\u00adna \u00fda\u00adtyr\u00admak ka\u00adra\u00adry\u00adna gel\u00addi. \u015ewed kom\u00adpa\u00adni\u00ad\u00fda\u00adsy\u00adny\u0148 \u00f6n\u00add\u00fcr\u00ad\u00fd\u00e4n ulag\u00adla\u00adry\u00adny\u0148 50 g\u00f6\u00adte\u00adri\u00admi 2025-nji \u00fdyl\u00addan ba\u015f\u00adlap elekt\u00adrik ener\u00adgi\u00ad\u00fda\u00adsy bi\u00adlen i\u015f\u00adl\u00e4r. \u00dda\u00adpon, ne\u00admes we ame\u00adri\u00adkan kom\u00adpa\u00adni\u00ad\u00fda\u00adla\u00adry ada\u00adty \u00fdan\u00adgy\u00e7\u00adly ulag \u00f6n\u00fcm\u00ad\u00e7i\u00adli\u00adgi\u00adni 2035-nji \u00fdyl\u00adda \u00fda\u00adtyr\u00adma\u00adgy mak\u00adsat edin\u00ad\u00fd\u00e4r\u00adler. \u00abVolvo\u00bb-ny\u0148 \u00fdol\u00adba\u015f\u00ad\u00e7y\u00adsy Ha\u00adkan Sa\u00admu\u00adel\u00adson ne\u00adbit \u00fdan\u00adgy\u00e7\u00adly ulag\u00adla\u00adry\u0148 m\u00fc\u015f\u00adde\u00adri\u00adsi\u00adni\u0148 bol\u00adjak\u00addy\u00adgy\u00adna ynan\u00adma\u00ad\u00fdan\u00addy\u00adgy\u00adny, m\u00fc\u015f\u00adde\u00adri\u00adle\u00adri\u0148 elekt\u00adrou\u00adlag\u00adlar bi\u00adlen has k\u00f6p gy\u00adzyk\u00adlan\u00ad\u00fdan\u00addy\u00adgy\u00adny bel\u00adle\u00addi. Hy\u00adta\u00ad\u00fdy\u0148 \u00abGee\u00adly Grup\u00bb kom\u00adpa\u00adni\u00ad\u00fda\u00adsy\u00adny\u0148 e\u00fde\u00ad\u00e7i\u00adlik ed\u00ad\u00fd\u00e4n \u00abVolvo\u00bb bren\u00addi elekt\u00adrou\u00adlag mo\u00addel\u00adle\u00adri\u00adni\u0148 sa\u00adny\u00adny art\u00addyr\u00adma\u00adgy hem g\u00f6z \u00f6\u0148\u00fcn\u00adde tu\u00adt\u00ad\u00fdar.<br \/>\n\u00d6n\u00fcm\u00ad\u00e7i\u00adlik ba\u00adbat\u00adda elekt\u00adrou\u00adlag\u00adla\u00adra ge\u00ad\u00e7i\u015f d\u00fcn\u00ad\u00fd\u00e4 \u00fdurt\u00adla\u00adryn\u00adda hem art\u00ad\u00fdar. Go\u00adla\u00fd\u00adda AB\u015e-ny\u0148 \u00abFord\u00bb kom\u00adpa\u00adni\u00ad\u00fda\u00adsy 2030-njy \u00fdy\u00adla \u00e7en\u00adli \u00ddew\u00adro\u00adpa \u00fc\u00e7in ni\u00ad\u00fdet\u00adle\u00adnen ulag\u00adla\u00adry\u00adny\u0148 \u00e4h\u00adli\u00adsi\u00adni\u0148 elek\u00adtrik ener\u00adgi\u00ad\u00fda\u00adsy bi\u00adlen i\u015f\u00adle\u00adjek\u00addi\u00adgi\u00adni m\u00e4\u00adlim et\u00addi. \u00abJa\u00adgu\u00adar Land Rover\u00bb 2025-nji \u00fdy\u00adla \u00e7en\u00adli \u00e4h\u00adli \u00abJa\u00adgu\u00adar\u00bb ky\u00adsym\u00adly ulag\u00adla\u00adry\u00adny\u0148, 2030-njy \u00fdy\u00adla \u00e7en\u00adli bol\u00adsa be\u00fd\u00adle\u00adki mo\u00addel\u00adle\u00adri\u00adni\u0148 elekt\u00adrik ener\u00adgi\u00ad\u00fda\u00adly bol\u00adjak\u00addy\u00adgy\u00adny m\u00e4\u00adlim edip\u00addi. Ger\u00adma\u00adni\u00ad\u00fda\u00adny\u0148 \u00abVolks\u00adwa\u00adgen\u00bb kom\u00adpa\u00adni\u00ad\u00fda\u00adsy\u00adny\u0148 e\u00fde\u00ad\u00e7i\u00adli\u00adgin\u00add\u00e4\u00adki \u00abBent\u00adley\u00bb bren\u00addi hem \u015fe\u00fd\u00adle mak\u00adsa\u00adda 2030-njy \u00fdyl\u00adda \u00fdet\u00adme\u00adgi g\u00f6z \u00f6\u0148\u00fcn\u00adde tut\u00ad\u00fdar.<\/p>\n<p style=\"text-align: right;\"><strong>S\u00f6\u00ad\u00fd\u00fcn\u00admy\u00adrat RE\u00adJEP\u00adGEL\u00adDI\u00ad\u00ddEW, <\/strong><br \/>\n<strong>S.A.Ny\u00ad\u00fda\u00adzow adyn\u00adda\u00adky T\u00fcrk\u00admen oba ho\u00adja\u00adlyk uni\u00adwer\u00adsi\u00adte\u00adti\u00adni\u0148 ta\u00adly\u00adby.<\/strong><\/p>\n","protected":false},"excerpt":{"rendered":"<p>Aw\u00adtou\u00adlag \u00f6n\u00fcm\u00ad\u00e7i\u00adli\u00adgin\u00adde d\u00fcn\u00ad\u00fd\u00e4\u00adni\u0148 \u00f6\u0148\u00adde\u00adba\u00adry\u00adjy kom\u00adpa\u00adni\u00ad\u00fda\u00adsy \u00abVolvo\u00bb 2030-njy \u00fdyl\u00addan ba\u015f\u00adlap ne\u00adbit \u00fdan\u00adgy\u00e7\u00adly ulag\u00adla\u00adry\u0148 \u00f6n\u00fcm\u00ad\u00e7i\u00adli\u00adgi\u00adni do\u00adlu\u00adly\u00adgy\u00adna \u00fda\u00adtyr\u00admak ka\u00adra\u00adry\u00adna gel\u00addi. \u015ewed kom\u00adpa\u00adni\u00ad\u00fda\u00adsy\u00adny\u0148 \u00f6n\u00add\u00fcr\u00ad\u00fd\u00e4n ulag\u00adla\u00adry\u00adny\u0148 50 g\u00f6\u00adte\u00adri\u00admi 2025-nji \u00fdyl\u00addan ba\u015f\u00adlap elekt\u00adrik ener\u00adgi\u00ad\u00fda\u00adsy bi\u00adlen i\u015f\u00adl\u00e4r. \u00dda\u00adpon, ne\u00admes we ame\u00adri\u00adkan kom\u00adpa\u00adni\u00ad\u00fda\u00adla\u00adry ada\u00adty \u00fdan\u00adgy\u00e7\u00adly ulag \u00f6n\u00fcm\u00ad\u00e7i\u00adli\u00adgi\u00adni 2035-nji \u00fdyl\u00adda \u00fda\u00adtyr\u00adma\u00adgy mak\u00adsat edin\u00ad\u00fd\u00e4r\u00adler. \u00abVolvo\u00bb-ny\u0148 \u00fdol\u00adba\u015f\u00ad\u00e7y\u00adsy Ha\u00adkan Sa\u00admu\u00adel\u00adson ne\u00adbit \u00fdan\u00adgy\u00e7\u00adly ulag\u00adla\u00adry\u0148 m\u00fc\u015f\u00adde\u00adri\u00adsi\u00adni\u0148 bol\u00adjak\u00addy\u00adgy\u00adna ynan\u00adma\u00ad\u00fdan\u00addy\u00adgy\u00adny, m\u00fc\u015f\u00adde\u00adri\u00adle\u00adri\u0148 [&hellip;]<\/p>\n","protected":false},"author":2,"featured_media":40129,"comment_status":"open","ping_status":"closed","sticky":false,"template":"","format":"status","meta":{"footnotes":""},"categories":[8],"tags":[],"_links":{"self":[{"href":"https:\/\/zamanturkmenistan.com.tm\/index.php?rest_route=\/wp\/v2\/posts\/40128"}],"collection":[{"href":"https:\/\/zamanturkmenistan.com.tm\/index.php?rest_route=\/wp\/v2\/posts"}],"about":[{"href":"https:\/\/zamanturkmenistan.com.tm\/index.php?rest_route=\/wp\/v2\/types\/post"}],"author":[{"embeddable":true,"href":"https:\/\/zamanturkmenistan.com.tm\/index.php?rest_route=\/wp\/v2\/users\/2"}],"replies":[{"embeddable":true,"href":"https:\/\/zamanturkmenistan.com.tm\/index.php?rest_route=%2Fwp%2Fv2%2Fcomments&post=40128"}],"version-history":[{"count":0,"href":"https:\/\/zamanturkmenistan.com.tm\/index.php?rest_route=\/wp\/v2\/posts\/40128\/revisions"}],"wp:featuredmedia":[{"embeddable":true,"href":"https:\/\/zamanturkmenistan.com.tm\/index.php?rest_route=\/wp\/v2\/media\/40129"}],"wp:attachment":[{"href":"https:\/\/zamanturkmenistan.com.tm\/index.php?rest_route=%2Fwp%2Fv2%2Fmedia&parent=40128"}],"wp:term":[{"taxonomy":"category","embeddable":true,"href":"https:\/\/zamanturkmenistan.com.tm\/index.php?rest_route=%2Fwp%2Fv2%2Fcategories&post=40128"},{"taxonomy":"post_tag","embeddable":true,"href":"https:\/\/zamanturkmenistan.com.tm\/index.php?rest_route=%2Fwp%2Fv2%2Ftags&post=40128"}],"curies":[{"name":"wp","href":"https:\/\/api.w.org\/{rel}","templated":true}]}}