{"id":40343,"date":"2021-03-12T08:55:03","date_gmt":"2021-03-12T03:55:03","guid":{"rendered":"https:\/\/zamanturkmenistan.com.tm\/?p=40343"},"modified":"2021-03-12T08:55:03","modified_gmt":"2021-03-12T03:55:03","slug":"sport-ussatlaryny-sylaglamak-dabarasy-gecirildi","status":"publish","type":"post","link":"https:\/\/zamanturkmenistan.com.tm\/?p=40343","title":{"rendered":"Sport ussatlaryny sylaglamak dabarasy ge\u00e7irildi"},"content":{"rendered":"<p>10-njy martda pa\u00fdtagtymyzdaky Olimpi\u00fda \u015f\u00e4her\u00e7esini\u0148 \u00abSport\u00bb myhmanhanasynda halkara sport \u00fdary\u015fynda T\u00fcrkmenistana wekil\u00e7ilik edip, \u00fdurdumyzy\u0148 d\u00fcn\u00fd\u00e4d\u00e4ki sport abra\u00fdyny\u0148 belende galmagyna mynasyp go\u015fant go\u015fan t\u00fcrkmen t\u00fcrgenini, onu\u0148 t\u00e4lim\u00e7isini we T\u00fcrkmenistany\u0148 Agyr atletika federasi\u00fdasyny\u0148 \u00fdolba\u015f\u00e7ysyny sylaglamak dabarasy ge\u00e7irildi.<\/p>\n<p>\u00abSport\u00bb myh\u00adman\u00adha\u00adna\u00adsy\u00adny\u0148 e\u00fd\u00adwa\u00adnyn\u00adda \u00fdur\u00addu\u00admy\u00adzy\u0148 \u00fdo\u00adka\u00adry de\u00adre\u00adje\u00adli spor\u00adty \u00f6s\u00add\u00fcr\u00admek\u00adde ga\u00adza\u00adnan\u00adla\u00adry, t\u00fcrk\u00admen t\u00fcr\u00adgen\u00adle\u00adri\u00adni\u0148 hal\u00adka\u00adra we d\u00fcn\u00ad\u00fd\u00e4 \u00fda\u00adry\u015f\u00adla\u00adryn\u00adda my\u00adna\u00adsyp bo\u00adlan ab\u00adra\u00fd\u00adly ba\u00fd\u00adrak\u00adla\u00adry ba\u00adra\u00adda g\u00fcr\u00adr\u00fc\u0148 ber\u00ad\u00fd\u00e4n gi\u00ad\u0148i\u015f\u00adle\u00ad\u00fdin ser\u00adgi, \u015fe\u00fd\u00adle hem \u015fe\u00adkil\u00adlen\u00addi\u00adri\u015f we ama\u00adly-ha\u00ad\u015fam sun\u00adga\u00adty\u00adny\u0148 eser\u00adle\u00adri\u00adni\u0148 ser\u00adgi\u00adsi \u00fda\u00fd\u00adba\u0148\u00adlan\u00addy\u00adryl\u00addy.<br \/>\nDa\u00adba\u00adra\u00adny\u0148 do\u00adwa\u00admyn\u00adda hor\u00admatly Pre\u00adzi\u00adden\u00adti\u00admi\u00adzi\u0148 de\u00adgi\u015f\u00adli Per\u00adma\u00adny okal\u00addy. O\u0148a la\u00ad\u00fdyk\u00adlyk\u00adda, T\u00fcrk\u00admen d\u00f6w\u00adlet be\u00adden\u00adter\u00adbi\u00ad\u00fde we sport ins\u00adti\u00adtu\u00adty\u00adny\u0148 ta\u00adly\u00adby \u00ddul\u00adduz Ju\u00adma\u00adba\u00ad\u00fde\u00adwa \u00fdur\u00addu\u00admyz\u00adda \u00fdo\u00adka\u00adry ne\u00adti\u00adje\u00adli spor\u00adty \u00f6s\u00add\u00fcr\u00adm\u00e4\u00adge go\u00ad\u015fan \u015fah\u00adsy go\u00ad\u015fan\u00addy, hal\u00adka\u00adra \u00fda\u00adry\u015f\u00adla\u00adryn\u00adda m\u00e4h\u00adri\u00adban Wa\u00adta\u00adny\u00admy\u00adzy\u0148 sport ab\u00adra\u00ad\u00fdy\u00adny go\u00adra\u00admak\u00adda uly \u00fcs\u00adt\u00fcn\u00adlik\u00adle\u00adri ga\u00adza\u00adnan\u00addy\u00adgy \u00fc\u00e7in T\u00fcrk\u00adme\u00adnis\u00adta\u00adny\u0148 \u00abWa\u00adta\u00adna bo\u00adlan s\u00f6\u00fd\u00adg\u00fc\u00adsi \u00fc\u00e7in\u00bb di\u00ad\u00fden me\u00adda\u00adly bi\u00adlen sy\u00adlag\u00adlan\u00addy. D\u00f6w\u00adlet Ba\u015ftutany\u00admy\u00adzy\u0148 Bu\u00fd\u00adru\u00adgy\u00adna la\u00ad\u00fdyk\u00adlyk\u00adda, o\u0148a 2020-nji \u00fdyl\u00adda go\u00fd\u00adbe\u00adri\u00adlen, ak re\u0148k\u00adli \u00abLexus LX 570 Sport Plus\u00bb ky\u00adsym\u00adly \u00fde\u00ad\u0148il aw\u00adtou\u00adla\u00adgy sow\u00adgat be\u00adril\u00addi.<br \/>\nDa\u00adba\u00adra\u00adny\u0148 do\u00adwa\u00admyn\u00adda T\u00fcrk\u00adme\u00adnis\u00adta\u00adny\u0148 Pre\u00adzi\u00adden\u00adti\u00adni\u0148 \u00fdur\u00addu\u00admy\u00adzy\u0148 Sport we \u00fda\u015f\u00adlar sy\u00ad\u00fda\u00adsa\u00adty mi\u00adnistr\u00adli\u00adgi\u00adni\u0148 \u00fdo\u00adka\u00adry sport us\u00adsat\u00adly\u00adgy mek\u00adde\u00adbi\u00adni\u0148 agyr at\u00adle\u00adti\u00adka b\u00f6\u00adl\u00fc\u00admi\u00adni\u0148 t\u00e4\u00adlim\u00ad\u00e7i-mu\u00adgal\u00adly\u00admy M.S\u00e4\u00adhet\u00admy\u00adra\u00addo\u00adwy \u00abWa\u00adta\u00adna bo\u00adlan s\u00f6\u00fd\u00adg\u00fc\u00adsi \u00fc\u00e7in\u00bb me\u00adda\u00adly bi\u00adlen sy\u00adlag\u00adla\u00admak ha\u00adkyn\u00adda\u00adky Per\u00adma\u00adny okal\u00addy. Bel\u00adle\u00adni\u00adli\u00ad\u015fi \u00fda\u00adly, bu sy\u00adlag t\u00e4\u00adlim\u00ad\u00e7i\u00adni has-da ne\u00adti\u00adje\u00adli i\u015f\u00adle\u00adm\u00e4\u00adge we \u00fdo\u00adka\u00adry ta\u00fd\u00ad\u00fdar\u00adlyk\u00adly us\u00adsat t\u00fcr\u00adgen\u00adle\u00adri\u0148 sa\u00adny\u00adny art\u00addyr\u00admak ug\u00adrun\u00adda ze\u00adrur ta\u00adgal\u00adla\u00adla\u00adry et\u00adm\u00e4\u00adge ruh\u00adlan\u00addyr\u00ad\u00fdar.<br \/>\n\u015ee\u00fd\u00adle hem T\u00fcrk\u00adme\u00adnis\u00adta\u00adny\u0148 Pre\u00adzi\u00adden\u00adti\u00adni\u0148 Bu\u00fd\u00adru\u00adgy bi\u00adlen, t\u00e4\u00adlim\u00ad\u00e7i mu\u00adgal\u00adlym M.S\u00e4\u00adhet\u00admy\u00adra\u00addo\u00adwa hal\u00adka\u00adra \u00fda\u00adry\u015f\u00adla\u00adryn\u00adda ba\u00fd\u00adrak\u00adly orun\u00adla\u00adry e\u00fde\u00adle\u00ad\u00fd\u00e4n t\u00fcr\u00adgen\u00adle\u00adri ta\u00fd\u00ad\u00fdar\u00adlan\u00addy\u00adgy \u00fc\u00e7in t\u00e4\u00adze \u00fda\u00ad\u015fa\u00ad\u00fdy\u015f ja\u00ad\u00fdy\u00adny\u0148 a\u00e7a\u00adry gow\u00ad\u015fu\u00adryl\u00addy.<br \/>\n\u00abSport\u00bb myh\u00adman\u00adha\u00adna\u00adsyn\u00adda ge\u00ad\u00e7i\u00adri\u00adlen da\u00adba\u00adra\u00adly \u00e7\u00e4\u00adre\u00adde d\u00f6w\u00adlet we jem\u00adgy\u00ad\u00fdet\u00ad\u00e7i\u00adlik i\u015fin\u00adde ga\u00adza\u00adnan uly z\u00e4h\u00admet \u00fcs\u00adt\u00fcn\u00adlik\u00adle\u00adri \u00fc\u00e7in \u00fdur\u00addu\u00admy\u00adzy\u0148 da\u00ad\u015fa\u00adry i\u015f\u00adler mi\u00adnist\u00adri\u00adni\u0148 orun\u00adba\u00adsa\u00adry B.M\u00e4\u00adti\u00ad\u00fde\u00adwi T\u00fcrk\u00adme\u00adnis\u00adta\u00adny\u0148 \u00abGa\u00fd\u00adrat\u00bb me\u00adda\u00adly bi\u00adlen sy\u00adlag\u00adla\u00admak ha\u00adkyn\u00adda T\u00fcrk\u00adme\u00adnis\u00adta\u00adny\u0148 Prezidentini\u0148<br \/>\nPer\u00adma\u00adny okal\u00addy.<\/p>\n","protected":false},"excerpt":{"rendered":"<p>10-njy martda pa\u00fdtagtymyzdaky Olimpi\u00fda \u015f\u00e4her\u00e7esini\u0148 \u00abSport\u00bb myhmanhanasynda halkara sport \u00fdary\u015fynda T\u00fcrkmenistana wekil\u00e7ilik edip, \u00fdurdumyzy\u0148 d\u00fcn\u00fd\u00e4d\u00e4ki sport abra\u00fdyny\u0148 belende galmagyna mynasyp go\u015fant go\u015fan t\u00fcrkmen t\u00fcrgenini, onu\u0148 t\u00e4lim\u00e7isini we T\u00fcrkmenistany\u0148 Agyr atletika federasi\u00fdasyny\u0148 \u00fdolba\u015f\u00e7ysyny sylaglamak dabarasy ge\u00e7irildi. \u00abSport\u00bb myh\u00adman\u00adha\u00adna\u00adsy\u00adny\u0148 e\u00fd\u00adwa\u00adnyn\u00adda \u00fdur\u00addu\u00admy\u00adzy\u0148 \u00fdo\u00adka\u00adry de\u00adre\u00adje\u00adli spor\u00adty \u00f6s\u00add\u00fcr\u00admek\u00adde ga\u00adza\u00adnan\u00adla\u00adry, t\u00fcrk\u00admen t\u00fcr\u00adgen\u00adle\u00adri\u00adni\u0148 hal\u00adka\u00adra we d\u00fcn\u00ad\u00fd\u00e4 \u00fda\u00adry\u015f\u00adla\u00adryn\u00adda my\u00adna\u00adsyp bo\u00adlan ab\u00adra\u00fd\u00adly ba\u00fd\u00adrak\u00adla\u00adry ba\u00adra\u00adda [&hellip;]<\/p>\n","protected":false},"author":2,"featured_media":40344,"comment_status":"open","ping_status":"closed","sticky":false,"template":"","format":"standard","meta":{"footnotes":""},"categories":[3],"tags":[],"acf":[],"_links":{"self":[{"href":"https:\/\/zamanturkmenistan.com.tm\/index.php?rest_route=\/wp\/v2\/posts\/40343"}],"collection":[{"href":"https:\/\/zamanturkmenistan.com.tm\/index.php?rest_route=\/wp\/v2\/posts"}],"about":[{"href":"https:\/\/zamanturkmenistan.com.tm\/index.php?rest_route=\/wp\/v2\/types\/post"}],"author":[{"embeddable":true,"href":"https:\/\/zamanturkmenistan.com.tm\/index.php?rest_route=\/wp\/v2\/users\/2"}],"replies":[{"embeddable":true,"href":"https:\/\/zamanturkmenistan.com.tm\/index.php?rest_route=%2Fwp%2Fv2%2Fcomments&post=40343"}],"version-history":[{"count":0,"href":"https:\/\/zamanturkmenistan.com.tm\/index.php?rest_route=\/wp\/v2\/posts\/40343\/revisions"}],"wp:featuredmedia":[{"embeddable":true,"href":"https:\/\/zamanturkmenistan.com.tm\/index.php?rest_route=\/wp\/v2\/media\/40344"}],"wp:attachment":[{"href":"https:\/\/zamanturkmenistan.com.tm\/index.php?rest_route=%2Fwp%2Fv2%2Fmedia&parent=40343"}],"wp:term":[{"taxonomy":"category","embeddable":true,"href":"https:\/\/zamanturkmenistan.com.tm\/index.php?rest_route=%2Fwp%2Fv2%2Fcategories&post=40343"},{"taxonomy":"post_tag","embeddable":true,"href":"https:\/\/zamanturkmenistan.com.tm\/index.php?rest_route=%2Fwp%2Fv2%2Ftags&post=40343"}],"curies":[{"name":"wp","href":"https:\/\/api.w.org\/{rel}","templated":true}]}}