{"id":40354,"date":"2021-03-12T09:17:30","date_gmt":"2021-03-12T04:17:30","guid":{"rendered":"https:\/\/zamanturkmenistan.com.tm\/?p=40354"},"modified":"2021-03-12T09:17:30","modified_gmt":"2021-03-12T04:17:30","slug":"elektroulag-satuwyny-artdyryar","status":"publish","type":"post","link":"https:\/\/zamanturkmenistan.com.tm\/?p=40354","title":{"rendered":"Elektrou\u00adlag  satuwyny artdyr\u00fdar"},"content":{"rendered":"<p>BMW kom\u00adpa\u00adni\u00ad\u00fda\u00adsy Hy\u00adta\u00fd\u00adda\u00adky s\u00f6w\u00adda\u00adsy\u00adny \u00fdo\u00adkar\u00adlan\u00addyr\u00addy. Ge\u00ad\u00e7en \u00fdyl ne\u00admes bren\u00addi\u00adni\u0148 bu \u00fdurt\u00adda\u00adky aw\u00adtou\u00adlag s\u00f6w\u00adda\u00adsy 7,4 g\u00f6\u00adte\u00adrim art\u00addy. Kom\u00adpa\u00adni\u00ad\u00fda hy\u00adta\u00fd\u00adly m\u00fc\u015f\u00adde\u00adri\u00adle\u00adri\u00adne 777 m\u00fc\u0148 379 sa\u00adny BMW hem-de \u00abMi\u00adni\u00bb ky\u00adsym\u00adly ulag\u00adla\u00adry\u00adny sat\u00addy. \u015ee\u00fd\u00adle\u00adlik\u00adde, ge\u00ad\u00e7en \u00fdyl d\u00fcn\u00ad\u00fd\u00e4\u00adde sa\u00adty\u00adlan 2,3 mil\u00adli\u00adon BMW ulag\u00adla\u00adry\u00adny\u0148 \u00fc\u00e7\u00adden bi\u00adri hy\u00adta\u00fd\u00adly m\u00fc\u015f\u00adde\u00adri\u00adle\u00adre \u00fde\u00adti\u00adril\u00addi.<br \/>\n\u00abVolks\u00adwa\u00adgen\u00bb kom\u00adpa\u00adni\u00ad\u00fda\u00adsy 2030-njy \u00fdyl\u00adda d\u00fcn\u00ad\u00fd\u00e4\u00adde i\u0148 k\u00f6p elekt\u00adroulag sa\u00adtan kom\u00adpa\u00adni\u00ad\u00fda\u00adny\u0148 bi\u00adri\u00adne \u00f6w\u00adr\u00fc\u00adler. Kom\u00adpa\u00adni\u00ad\u00fda bu ugur\u00adda bi\u00adrin\u00adji\u00adli\u00adgi e\u00fde\u00adle\u00adme\u00adgi mak\u00adsat edin\u00ad\u00fd\u00e4r. 2030-njy \u00fdy\u00adla \u00e7en\u00adli kom\u00adpa\u00adni\u00ad\u00fda\u00adny\u0148 \u00f6n\u00add\u00fcr\u00ad\u00fd\u00e4n ulag\u00adla\u00adry\u00adny\u0148 70 g\u00f6\u00adte\u00adri\u00admi elekt\u00adrik ener\u00adgi\u00ad\u00fda\u00adsy bi\u00adlen i\u015f\u00adl\u00e4p, elekt\u00adrou\u00adlag sa\u00adtu\u00adwyn\u00adda \u00abTes\u00adla\u00bb-dan \u00f6\u0148e ge\u00e7\u00adme\u00adgi mak\u00adsat edin\u00ad\u00fd\u00e4r.<\/p>\n<p style=\"text-align: right;\"><strong>Nur\u00adje\u00admal ME\u00adRE\u00adDO\u00adWA, <\/strong><br \/>\n<strong>T\u00fcrk\u00admen d\u00f6w\u00adlet bi\u00adna\u00adg\u00e4r\u00adlik-gur\u00adlu\u00ad\u015fyk ins\u00adti\u00adtu\u00adty\u00adny\u0148 ta\u00adly\u00adby.<\/strong><\/p>\n","protected":false},"excerpt":{"rendered":"<p>BMW kom\u00adpa\u00adni\u00ad\u00fda\u00adsy Hy\u00adta\u00fd\u00adda\u00adky s\u00f6w\u00adda\u00adsy\u00adny \u00fdo\u00adkar\u00adlan\u00addyr\u00addy. Ge\u00ad\u00e7en \u00fdyl ne\u00admes bren\u00addi\u00adni\u0148 bu \u00fdurt\u00adda\u00adky aw\u00adtou\u00adlag s\u00f6w\u00adda\u00adsy 7,4 g\u00f6\u00adte\u00adrim art\u00addy. Kom\u00adpa\u00adni\u00ad\u00fda hy\u00adta\u00fd\u00adly m\u00fc\u015f\u00adde\u00adri\u00adle\u00adri\u00adne 777 m\u00fc\u0148 379 sa\u00adny BMW hem-de \u00abMi\u00adni\u00bb ky\u00adsym\u00adly ulag\u00adla\u00adry\u00adny sat\u00addy. \u015ee\u00fd\u00adle\u00adlik\u00adde, ge\u00ad\u00e7en \u00fdyl d\u00fcn\u00ad\u00fd\u00e4\u00adde sa\u00adty\u00adlan 2,3 mil\u00adli\u00adon BMW ulag\u00adla\u00adry\u00adny\u0148 \u00fc\u00e7\u00adden bi\u00adri hy\u00adta\u00fd\u00adly m\u00fc\u015f\u00adde\u00adri\u00adle\u00adre \u00fde\u00adti\u00adril\u00addi. \u00abVolks\u00adwa\u00adgen\u00bb kom\u00adpa\u00adni\u00ad\u00fda\u00adsy 2030-njy \u00fdyl\u00adda d\u00fcn\u00ad\u00fd\u00e4\u00adde i\u0148 k\u00f6p elekt\u00adroulag sa\u00adtan kom\u00adpa\u00adni\u00ad\u00fda\u00adny\u0148 bi\u00adri\u00adne \u00f6w\u00adr\u00fc\u00adler. [&hellip;]<\/p>\n","protected":false},"author":2,"featured_media":40355,"comment_status":"open","ping_status":"closed","sticky":false,"template":"","format":"status","meta":{"footnotes":""},"categories":[8],"tags":[],"acf":[],"_links":{"self":[{"href":"https:\/\/zamanturkmenistan.com.tm\/index.php?rest_route=\/wp\/v2\/posts\/40354"}],"collection":[{"href":"https:\/\/zamanturkmenistan.com.tm\/index.php?rest_route=\/wp\/v2\/posts"}],"about":[{"href":"https:\/\/zamanturkmenistan.com.tm\/index.php?rest_route=\/wp\/v2\/types\/post"}],"author":[{"embeddable":true,"href":"https:\/\/zamanturkmenistan.com.tm\/index.php?rest_route=\/wp\/v2\/users\/2"}],"replies":[{"embeddable":true,"href":"https:\/\/zamanturkmenistan.com.tm\/index.php?rest_route=%2Fwp%2Fv2%2Fcomments&post=40354"}],"version-history":[{"count":0,"href":"https:\/\/zamanturkmenistan.com.tm\/index.php?rest_route=\/wp\/v2\/posts\/40354\/revisions"}],"wp:featuredmedia":[{"embeddable":true,"href":"https:\/\/zamanturkmenistan.com.tm\/index.php?rest_route=\/wp\/v2\/media\/40355"}],"wp:attachment":[{"href":"https:\/\/zamanturkmenistan.com.tm\/index.php?rest_route=%2Fwp%2Fv2%2Fmedia&parent=40354"}],"wp:term":[{"taxonomy":"category","embeddable":true,"href":"https:\/\/zamanturkmenistan.com.tm\/index.php?rest_route=%2Fwp%2Fv2%2Fcategories&post=40354"},{"taxonomy":"post_tag","embeddable":true,"href":"https:\/\/zamanturkmenistan.com.tm\/index.php?rest_route=%2Fwp%2Fv2%2Ftags&post=40354"}],"curies":[{"name":"wp","href":"https:\/\/api.w.org\/{rel}","templated":true}]}}