{"id":40450,"date":"2021-03-12T16:58:24","date_gmt":"2021-03-12T11:58:24","guid":{"rendered":"https:\/\/zamanturkmenistan.com.tm\/?p=40450"},"modified":"2021-03-12T16:58:24","modified_gmt":"2021-03-12T11:58:24","slug":"apple-germaniyada-taze-merkez-gurar","status":"publish","type":"post","link":"https:\/\/zamanturkmenistan.com.tm\/?p=40450","title":{"rendered":"\u201cApple\u201d Germani\u00fdada t\u00e4ze merkez gurar"},"content":{"rendered":"<p>\u201cApple\u201d kompani\u00fdasy Germani\u00fdany\u0148 M\u00fdunhen \u015f\u00e4herinde \u00e7ip diza\u00fdn merkezini gurmagy me\u00fdille\u015fdir\u00fd\u00e4r. \u201cApple\u201d bu merkezde, esasan, simsiz tehnologi\u00fdany \u00f6sd\u00fcrm\u00e4ge \u00fcns berer. M\u00fdunhen \u015f\u00e4heri e\u00fd\u00fd\u00e4m \u201cApple\u201d-i\u0148 \u00ddewropadaky i\u0148 uly in\u017eener\u00e7ilik merkezine \u00f6wr\u00fcldi. Bu \u00fderde prosessorlary we energi\u00fda dolandyryjylary hasaba alany\u0148da 1500 t\u00f6weregi adam z\u00e4hmet \u00e7ek\u00fd\u00e4r. Kompani\u00fda bu \u00fderd\u00e4ki biznesini gi\u0148eltmek \u00fc\u00e7in geljek \u00fc\u00e7 \u00fdyly\u0148 dowamynda 1 milliard dollardan gowrak seri\u015fde go\u00fdbermegi maksat edin\u00fd\u00e4r. Bu mukdar g\u00f6zleg i\u015flerine go\u015fma\u00e7a ma\u00fda go\u00fdumlary \u00f6z i\u00e7ine al\u00fdar. Kompani\u00fdany\u0148 esasy maksady dikeldil\u00fd\u00e4n \u00e7e\u015fmelerden \u00f6nd\u00fcrilen elektrik energi\u00fdasyny ga\u00fdtadan i\u015flemek bolup dur\u00fdar. Me\u00fdilnama g\u00f6r\u00e4, t\u00e4ze merkez 2022-nji \u00fdyly\u0148 ahyrynda a\u00e7ylar.<\/p>\n","protected":false},"excerpt":{"rendered":"<p>\u201cApple\u201d kompani\u00fdasy Germani\u00fdany\u0148 M\u00fdunhen \u015f\u00e4herinde \u00e7ip diza\u00fdn merkezini gurmagy me\u00fdille\u015fdir\u00fd\u00e4r. \u201cApple\u201d bu merkezde, esasan, simsiz tehnologi\u00fdany \u00f6sd\u00fcrm\u00e4ge \u00fcns berer. M\u00fdunhen \u015f\u00e4heri e\u00fd\u00fd\u00e4m \u201cApple\u201d-i\u0148 \u00ddewropadaky i\u0148 uly in\u017eener\u00e7ilik merkezine \u00f6wr\u00fcldi. Bu \u00fderde prosessorlary we energi\u00fda dolandyryjylary hasaba alany\u0148da 1500 t\u00f6weregi adam z\u00e4hmet \u00e7ek\u00fd\u00e4r. Kompani\u00fda bu \u00fderd\u00e4ki biznesini gi\u0148eltmek \u00fc\u00e7in geljek \u00fc\u00e7 \u00fdyly\u0148 dowamynda 1 milliard dollardan [&hellip;]<\/p>\n","protected":false},"author":2,"featured_media":40451,"comment_status":"open","ping_status":"closed","sticky":false,"template":"","format":"standard","meta":{"footnotes":""},"categories":[8],"tags":[],"acf":[],"_links":{"self":[{"href":"https:\/\/zamanturkmenistan.com.tm\/index.php?rest_route=\/wp\/v2\/posts\/40450"}],"collection":[{"href":"https:\/\/zamanturkmenistan.com.tm\/index.php?rest_route=\/wp\/v2\/posts"}],"about":[{"href":"https:\/\/zamanturkmenistan.com.tm\/index.php?rest_route=\/wp\/v2\/types\/post"}],"author":[{"embeddable":true,"href":"https:\/\/zamanturkmenistan.com.tm\/index.php?rest_route=\/wp\/v2\/users\/2"}],"replies":[{"embeddable":true,"href":"https:\/\/zamanturkmenistan.com.tm\/index.php?rest_route=%2Fwp%2Fv2%2Fcomments&post=40450"}],"version-history":[{"count":0,"href":"https:\/\/zamanturkmenistan.com.tm\/index.php?rest_route=\/wp\/v2\/posts\/40450\/revisions"}],"wp:featuredmedia":[{"embeddable":true,"href":"https:\/\/zamanturkmenistan.com.tm\/index.php?rest_route=\/wp\/v2\/media\/40451"}],"wp:attachment":[{"href":"https:\/\/zamanturkmenistan.com.tm\/index.php?rest_route=%2Fwp%2Fv2%2Fmedia&parent=40450"}],"wp:term":[{"taxonomy":"category","embeddable":true,"href":"https:\/\/zamanturkmenistan.com.tm\/index.php?rest_route=%2Fwp%2Fv2%2Fcategories&post=40450"},{"taxonomy":"post_tag","embeddable":true,"href":"https:\/\/zamanturkmenistan.com.tm\/index.php?rest_route=%2Fwp%2Fv2%2Ftags&post=40450"}],"curies":[{"name":"wp","href":"https:\/\/api.w.org\/{rel}","templated":true}]}}