{"id":40478,"date":"2021-03-15T11:41:26","date_gmt":"2021-03-15T06:41:26","guid":{"rendered":"https:\/\/zamanturkmenistan.com.tm\/?p=40478"},"modified":"2021-03-15T11:41:26","modified_gmt":"2021-03-15T06:41:26","slug":"2022-nji-yylyndaky-logosyny-uytgetdi","status":"publish","type":"post","link":"https:\/\/zamanturkmenistan.com.tm\/?p=40478","title":{"rendered":"2022-nji \u00fdylyndaky logosyny \u00fc\u00fdtgetdi"},"content":{"rendered":"<p>Fransi\u00fdany\u0148 \u201cRenault\u201d kompani\u00fdasy 2022-nji \u00fdyldan ba\u015flap ulanjak t\u00e4ze logosyny tany\u015fdyrdy. T\u00e4ze logo birn\u00e4\u00e7e a\u00fd ozal tany\u015fdyrylan \u201cRenault 5\u201d atly nusgalyk ulagda g\u00f6rkezilipdi. Emma \u015fol tany\u015fdyryly\u015fda t\u00e4ze logo barada agzalmandy. Bu logo 2024-nji \u00fdyldan ba\u015flap \u00e4hli \u201cRenault\u201d ma\u015fynlarda pe\u00fdda bolar. T\u00e4ze logony\u0148 ilkinji ha\u00fdsy modelde ulanyljakdygy m\u00e4lim edilmedi. So\u0148ky \u00fdyllarda awtoulag \u00f6nd\u00fcriji kompani\u00fdalar elektroulag \u00f6n\u00fcm\u00e7iligini artdyryp ba\u015fladylar. \u015eol seb\u00e4pli birn\u00e4\u00e7e \u00fdyldan b\u00e4ri d\u00e4p bolup gel\u00fd\u00e4n ny\u015fanlaryna \u201celektron\u201d \u00f6w\u00fc\u015fgin berdiler. Mundan ozal \u201cKia\u201d, \u201cNissan\u201d, \u201cMaserati\u201d, \u201cOpel\u201d, \u201cPeugeot\u201d we \u201cVolkswagen\u201d \u00f6z logolaryny t\u00e4zeledi. \u201cRenault\u201d kompani\u00fdasy d\u00f6redilen wagtyndan b\u00e4ri logosyny 9-njy gezek \u00fc\u00fdtged\u00fd\u00e4r. Kompani\u00fdany\u0148 h\u00e4zirki logosy 1992-nji \u00fdylda d\u00f6redilipdi. Bu logo 2015-nji \u00fdylda azda-k\u00e4nde \u00fc\u00fdtgedilipdi.<\/p>\n","protected":false},"excerpt":{"rendered":"<p>Fransi\u00fdany\u0148 \u201cRenault\u201d kompani\u00fdasy 2022-nji \u00fdyldan ba\u015flap ulanjak t\u00e4ze logosyny tany\u015fdyrdy. T\u00e4ze logo birn\u00e4\u00e7e a\u00fd ozal tany\u015fdyrylan \u201cRenault 5\u201d atly nusgalyk ulagda g\u00f6rkezilipdi. Emma \u015fol tany\u015fdyryly\u015fda t\u00e4ze logo barada agzalmandy. Bu logo 2024-nji \u00fdyldan ba\u015flap \u00e4hli \u201cRenault\u201d ma\u015fynlarda pe\u00fdda bolar. T\u00e4ze logony\u0148 ilkinji ha\u00fdsy modelde ulanyljakdygy m\u00e4lim edilmedi. So\u0148ky \u00fdyllarda awtoulag \u00f6nd\u00fcriji kompani\u00fdalar elektroulag \u00f6n\u00fcm\u00e7iligini artdyryp [&hellip;]<\/p>\n","protected":false},"author":2,"featured_media":40479,"comment_status":"open","ping_status":"closed","sticky":false,"template":"","format":"standard","meta":{"footnotes":""},"categories":[8],"tags":[],"acf":[],"_links":{"self":[{"href":"https:\/\/zamanturkmenistan.com.tm\/index.php?rest_route=\/wp\/v2\/posts\/40478"}],"collection":[{"href":"https:\/\/zamanturkmenistan.com.tm\/index.php?rest_route=\/wp\/v2\/posts"}],"about":[{"href":"https:\/\/zamanturkmenistan.com.tm\/index.php?rest_route=\/wp\/v2\/types\/post"}],"author":[{"embeddable":true,"href":"https:\/\/zamanturkmenistan.com.tm\/index.php?rest_route=\/wp\/v2\/users\/2"}],"replies":[{"embeddable":true,"href":"https:\/\/zamanturkmenistan.com.tm\/index.php?rest_route=%2Fwp%2Fv2%2Fcomments&post=40478"}],"version-history":[{"count":0,"href":"https:\/\/zamanturkmenistan.com.tm\/index.php?rest_route=\/wp\/v2\/posts\/40478\/revisions"}],"wp:featuredmedia":[{"embeddable":true,"href":"https:\/\/zamanturkmenistan.com.tm\/index.php?rest_route=\/wp\/v2\/media\/40479"}],"wp:attachment":[{"href":"https:\/\/zamanturkmenistan.com.tm\/index.php?rest_route=%2Fwp%2Fv2%2Fmedia&parent=40478"}],"wp:term":[{"taxonomy":"category","embeddable":true,"href":"https:\/\/zamanturkmenistan.com.tm\/index.php?rest_route=%2Fwp%2Fv2%2Fcategories&post=40478"},{"taxonomy":"post_tag","embeddable":true,"href":"https:\/\/zamanturkmenistan.com.tm\/index.php?rest_route=%2Fwp%2Fv2%2Ftags&post=40478"}],"curies":[{"name":"wp","href":"https:\/\/api.w.org\/{rel}","templated":true}]}}