{"id":40533,"date":"2021-03-16T10:43:53","date_gmt":"2021-03-16T05:43:53","guid":{"rendered":"https:\/\/zamanturkmenistan.com.tm\/?p=40533"},"modified":"2021-03-16T10:43:53","modified_gmt":"2021-03-16T05:43:53","slug":"turkmen-we-azerbayjan-onlayn-konserti","status":"publish","type":"post","link":"https:\/\/zamanturkmenistan.com.tm\/?p=40533","title":{"rendered":"T\u00fcrkmen we azerba\u00fdjan onla\u00fdn-konserti"},"content":{"rendered":"<p>T\u00fcrkmen milli konserwatori\u00fdasynda T\u00fcrkmenistany\u0148 Da\u015fary i\u015fler ministrligi we Azerba\u00fdjany\u0148 A\u015fgabatdaky Il\u00e7ihanasy T\u00fcrkmenistany\u0148 Gara\u015fsyzlygyny\u0148 30 \u00fdyllygyna hem-de 2021-nji \u00fdyly\u0148 Halkara parahat\u00e7ylyk we ynany\u015fmak \u00fdyly di\u00fdlip yglan edilmegine bagy\u015flanan onla\u00fdn-konsert guradylar. O\u0148a Bakuwy\u0148 Uzeir Gajibekow adyndaky saz akademi\u00fdasyny\u0148 wekilleri gatna\u015fdylar.<\/p>\n<p>Konsert t\u00fcrkmen sazandalaryny\u0148 Gara Gara\u00fdewi\u0148, Nury Halm\u00e4mmedowy\u0148, \u00c7ary Nurymowy\u0148 eserlerini \u00fderine \u00fdetirmegi bilen a\u00e7yldy. Wokal h\u00fcn\u00e4rinden 4-nji \u00fdyl talyby Aziza Agamyradowa Da\u0148atar \u00d6wezow bilen Adrian \u015eapo\u015fnikowy\u0148 \u00ab\u015easenem-Garyp\u00bb operasyndan \u015easenemi\u0148 ari\u00fdasyny ussatlar\u00e7a a\u00fdtdy.<\/p>\n<p>Bakuwy\u0148 saz akademi\u00fdasyny\u0148 magistraturasyny\u0148 2-nji \u00fdyl talyby, halkara b\u00e4sle\u015fiklerini\u0148 laureaty Medine Aga\u00fdewa aja\u00fdyp t\u00fcrkmen kompozitory Nury Halm\u00e4mmedowy\u0148 \u00abBalladasyny\u00bb \u00e7eper tilsimlerde \u00e7aldy. Pianino\u00e7y gyz saz leksikasyny\u0148 ba\u00fd r\u00f6w\u00fc\u015flerini, Halm\u00e4mmedowa mahsus ekspress\u00fdany, aja\u00fdyp sazy \u00e7eper usulda \u00fderine \u00fdetirdi.<\/p>\n<p>T\u00fcrkmen we azerba\u00fdjan sazandalaryny hem di\u0148le\u00fdjilerini birle\u015fdiren d\u00f6redijilik wideok\u00f6pr\u00fcsi iki dostlukly \u00fdurdu\u0148 saz sungatyny\u0148 taryhyny we h\u00e4zirki zaman \u00f6s\u00fc\u015fini\u0148 \u00a0ugurlaryny, onu\u0148 \u00f6zbolu\u015fly d\u00e4plerini saklap galmak we ba\u00fdla\u015fdyrmak bo\u00fdun\u00e7a alnyp baryl\u00fdan uly m\u00f6\u00e7berli i\u015fleri \u00e7eper saz dilinde \u00a0be\u00fdan etm\u00e4ge m\u00fcmkin\u00e7ilik berdi.<\/p>\n","protected":false},"excerpt":{"rendered":"<p>T\u00fcrkmen milli konserwatori\u00fdasynda T\u00fcrkmenistany\u0148 Da\u015fary i\u015fler ministrligi we Azerba\u00fdjany\u0148 A\u015fgabatdaky Il\u00e7ihanasy T\u00fcrkmenistany\u0148 Gara\u015fsyzlygyny\u0148 30 \u00fdyllygyna hem-de 2021-nji \u00fdyly\u0148 Halkara parahat\u00e7ylyk we ynany\u015fmak \u00fdyly di\u00fdlip yglan edilmegine bagy\u015flanan onla\u00fdn-konsert guradylar. O\u0148a Bakuwy\u0148 Uzeir Gajibekow adyndaky saz akademi\u00fdasyny\u0148 wekilleri gatna\u015fdylar. Konsert t\u00fcrkmen sazandalaryny\u0148 Gara Gara\u00fdewi\u0148, Nury Halm\u00e4mmedowy\u0148, \u00c7ary Nurymowy\u0148 eserlerini \u00fderine \u00fdetirmegi bilen a\u00e7yldy. Wokal h\u00fcn\u00e4rinden 4-nji [&hellip;]<\/p>\n","protected":false},"author":2,"featured_media":40534,"comment_status":"open","ping_status":"closed","sticky":false,"template":"","format":"standard","meta":{"footnotes":""},"categories":[3],"tags":[],"acf":[],"_links":{"self":[{"href":"https:\/\/zamanturkmenistan.com.tm\/index.php?rest_route=\/wp\/v2\/posts\/40533"}],"collection":[{"href":"https:\/\/zamanturkmenistan.com.tm\/index.php?rest_route=\/wp\/v2\/posts"}],"about":[{"href":"https:\/\/zamanturkmenistan.com.tm\/index.php?rest_route=\/wp\/v2\/types\/post"}],"author":[{"embeddable":true,"href":"https:\/\/zamanturkmenistan.com.tm\/index.php?rest_route=\/wp\/v2\/users\/2"}],"replies":[{"embeddable":true,"href":"https:\/\/zamanturkmenistan.com.tm\/index.php?rest_route=%2Fwp%2Fv2%2Fcomments&post=40533"}],"version-history":[{"count":0,"href":"https:\/\/zamanturkmenistan.com.tm\/index.php?rest_route=\/wp\/v2\/posts\/40533\/revisions"}],"wp:featuredmedia":[{"embeddable":true,"href":"https:\/\/zamanturkmenistan.com.tm\/index.php?rest_route=\/wp\/v2\/media\/40534"}],"wp:attachment":[{"href":"https:\/\/zamanturkmenistan.com.tm\/index.php?rest_route=%2Fwp%2Fv2%2Fmedia&parent=40533"}],"wp:term":[{"taxonomy":"category","embeddable":true,"href":"https:\/\/zamanturkmenistan.com.tm\/index.php?rest_route=%2Fwp%2Fv2%2Fcategories&post=40533"},{"taxonomy":"post_tag","embeddable":true,"href":"https:\/\/zamanturkmenistan.com.tm\/index.php?rest_route=%2Fwp%2Fv2%2Ftags&post=40533"}],"curies":[{"name":"wp","href":"https:\/\/api.w.org\/{rel}","templated":true}]}}