{"id":40536,"date":"2021-03-16T16:56:50","date_gmt":"2021-03-16T11:56:50","guid":{"rendered":"https:\/\/zamanturkmenistan.com.tm\/?p=40536"},"modified":"2021-03-16T17:17:04","modified_gmt":"2021-03-16T12:17:04","slug":"16-yyldan-son-ilkinji-gezek-mowsumi-kuboksyz-tamamlar","status":"publish","type":"post","link":"https:\/\/zamanturkmenistan.com.tm\/?p=40536","title":{"rendered":"16 \u00fdyldan so\u0148 ilkinji gezek m\u00f6ws\u00fcmi kuboksyz tamamlar"},"content":{"rendered":"<p>H\u00e4zirki wagta \u00e7enli kar\u00fderasy bo\u00fdun\u00e7a 41 kubok gazanan bu ugurda Ginnesi\u0148 rekordlar kitabyna adyny \u00fdazdyran brazili\u00fdaly futbol\u00e7y Dani Alwes 16 \u00fdyldan so\u0148 ilkinji gezek bir m\u00f6ws\u00fcmi kuboksyz tamamlar. Brazili\u00fdany\u0148 \u00e7empionatynda so\u0148ky tapgyrda \u201cPalmeiras\u201d bilen 1-1 de\u0148me-de o\u00fdnan \u201cSao Paolo\u201d toparyny\u0148 \u00e7empionlyk gazanmak m\u00fcmkin\u00e7iligi galmady. Kar\u00fderasyna klubunda ba\u015flan Dani Alwes 2003-nji \u00fdylda \u00ddewropa yklymyna arala\u015f\u00fdar. \u201cSewil\u00fdada\u201d 5 m\u00f6ws\u00fcm o\u00fdnan Alwes 2005\/06 m\u00f6ws\u00fcminden b\u00e4ri azyndan bir kubok gazanyp gel\u00fd\u00e4r. Futboly\u0148 taryhynda i\u0148 k\u00f6p kubok gazanan o\u00fdun\u00e7ylary\u0148 hatarynda \u00f6\u0148d\u00e4ki orunlary e\u00fdele\u00fd\u00e4n Alwes \u201cSewil\u00fdada\u201d UEFA \u00ddewropa ligasynda 2, UEFA Super Kubogynda 1, Ispani\u00fda \u015ea Kubogynda 1 gezek \u00fde\u0148iji boldy. 2008\/09 m\u00f6ws\u00fcminde \u201cBarselona\u201d ge\u00e7en Alwes katalonlary\u0148 d\u00fcz\u00fcminde 23 kubogy asmana g\u00f6terdi. Ol 8 \u00fdyly\u0148 dowamynda \u00c7empionlar ligasynda 3, La Ligada 6, Ispani\u00fdany\u0148 \u015ea Kubogynda 5, Ispani\u00fdany\u0148 Super Kubogynda 3, UEFA Super Kubogynda 3, D\u00fcn\u00fd\u00e4 Klublar Kubogynda-da 3 sapar \u00fde\u0148i\u015f gazandy. Ondan so\u0148 Itali\u00fdada bir, Fransi\u00fdada iki m\u00f6ws\u00fcm o\u00fdnan Dani Alwes \u201c\u00dduwentus\u201d bilen 2, PS\u017d bilenem 5 kuboga adyny \u00fdazdyrdy. 2019\/20 m\u00f6ws\u00fcminde \u00fdurduna dolanan Dani Alwes Brazili\u00fdany\u0148 U-20 topary bilen D\u00fcn\u00fd\u00e4 Kubogyny gazandy. 2006\/07 we 2019\/20 m\u00f6ws\u00fcmlerini\u0148 ahyrynda-da Brazili\u00fdany\u0148 \u00fdygyndysy bilen Kopa Amerika kubogyny e\u00fdeledi.<\/p>\n","protected":false},"excerpt":{"rendered":"<p>H\u00e4zirki wagta \u00e7enli kar\u00fderasy bo\u00fdun\u00e7a 41 kubok gazanan bu ugurda Ginnesi\u0148 rekordlar kitabyna adyny \u00fdazdyran brazili\u00fdaly futbol\u00e7y Dani Alwes 16 \u00fdyldan so\u0148 ilkinji gezek bir m\u00f6ws\u00fcmi kuboksyz tamamlar. Brazili\u00fdany\u0148 \u00e7empionatynda so\u0148ky tapgyrda \u201cPalmeiras\u201d bilen 1-1 de\u0148me-de o\u00fdnan \u201cSao Paolo\u201d toparyny\u0148 \u00e7empionlyk gazanmak m\u00fcmkin\u00e7iligi galmady. Kar\u00fderasyna klubunda ba\u015flan Dani Alwes 2003-nji \u00fdylda \u00ddewropa yklymyna arala\u015f\u00fdar. \u201cSewil\u00fdada\u201d [&hellip;]<\/p>\n","protected":false},"author":2,"featured_media":40537,"comment_status":"open","ping_status":"closed","sticky":false,"template":"","format":"standard","meta":{"footnotes":""},"categories":[302,13],"tags":[736],"acf":[],"_links":{"self":[{"href":"https:\/\/zamanturkmenistan.com.tm\/index.php?rest_route=\/wp\/v2\/posts\/40536"}],"collection":[{"href":"https:\/\/zamanturkmenistan.com.tm\/index.php?rest_route=\/wp\/v2\/posts"}],"about":[{"href":"https:\/\/zamanturkmenistan.com.tm\/index.php?rest_route=\/wp\/v2\/types\/post"}],"author":[{"embeddable":true,"href":"https:\/\/zamanturkmenistan.com.tm\/index.php?rest_route=\/wp\/v2\/users\/2"}],"replies":[{"embeddable":true,"href":"https:\/\/zamanturkmenistan.com.tm\/index.php?rest_route=%2Fwp%2Fv2%2Fcomments&post=40536"}],"version-history":[{"count":0,"href":"https:\/\/zamanturkmenistan.com.tm\/index.php?rest_route=\/wp\/v2\/posts\/40536\/revisions"}],"wp:featuredmedia":[{"embeddable":true,"href":"https:\/\/zamanturkmenistan.com.tm\/index.php?rest_route=\/wp\/v2\/media\/40537"}],"wp:attachment":[{"href":"https:\/\/zamanturkmenistan.com.tm\/index.php?rest_route=%2Fwp%2Fv2%2Fmedia&parent=40536"}],"wp:term":[{"taxonomy":"category","embeddable":true,"href":"https:\/\/zamanturkmenistan.com.tm\/index.php?rest_route=%2Fwp%2Fv2%2Fcategories&post=40536"},{"taxonomy":"post_tag","embeddable":true,"href":"https:\/\/zamanturkmenistan.com.tm\/index.php?rest_route=%2Fwp%2Fv2%2Ftags&post=40536"}],"curies":[{"name":"wp","href":"https:\/\/api.w.org\/{rel}","templated":true}]}}