{"id":40576,"date":"2021-03-18T10:42:44","date_gmt":"2021-03-18T05:42:44","guid":{"rendered":"https:\/\/zamanturkmenistan.com.tm\/?p=40576"},"modified":"2021-03-18T10:42:44","modified_gmt":"2021-03-18T05:42:44","slug":"turkmen-telekecilerinin-gazanan-ustunlikleri","status":"publish","type":"post","link":"https:\/\/zamanturkmenistan.com.tm\/?p=40576","title":{"rendered":"T\u00fcrkmen teleke\u00e7ilerini\u0148 gazanan \u00fcst\u00fcnlikleri"},"content":{"rendered":"<p>D\u00fcn\u00fd\u00e4 hojalygynda a\u00fdratyn t\u00fcrkmen nusgasy di\u00fdip at alan T\u00fcrkmenistan milli ykdysady\u00fdetimizi \u00f6sd\u00fcrmekde, ony d\u00fcn\u00fd\u00e4ni\u0148 \u00f6sen d\u00f6wletlerini\u0148 derejesine \u00fdetirmekde uly \u00fcst\u00fcnliklere e\u00fde bol\u00fdar. Ata Watanymyzy\u0148 gazan\u00fdan \u00fcst\u00fcnlikleri bizi\u0148 her birimizi\u0148 g\u00f6wn\u00fcmizi galkyndyr\u00fdar.<\/p>\n<p>M\u00e4lim bol\u015fy \u00fdaly, 17-18-nji martda pa\u00fdtagtymyz A\u015fgabatda T\u00fcrkmenistany\u0148 Senagat\u00e7ylar we teleke\u00e7iler birle\u015fmesini\u0148 d\u00f6redilmegini\u0148 13 \u00fdyllygy mynasybetli S\u00f6wda-senagat edarasynda sergi ge\u00e7iril\u00fd\u00e4r. Bu serg\u00e4 \u00fdurdumyzy\u0148 hususy pudagyny\u0148 wekillerini\u0148 200-e gola\u00fdy \u00f6z \u00f6n\u00fcmleri bilen gatna\u015fdylar. Biz hem bu sergide \u00f6z \u00f6n\u00fcmleri bilen \u00e7yky\u015f eden hususy k\u00e4rhanalary\u0148 birn\u00e4\u00e7esi bilen s\u00f6hbetde\u015f bolduk. Pa\u00fdtagtymyzy\u0148 iri s\u00f6wda merkezlerini\u0148 k\u00f6p\u00fcsinde biz \u201cHalk market\u201d \u00fdazga du\u015f gel\u00fd\u00e4ris. Bu hususy k\u00e4rhanany\u0148 ha\u00e7an esaslandyrylandygy bilen gyzyklananymyzda onu\u0148 h\u00fcn\u00e4rmeni bize \u015fe\u00fdle g\u00fcrr\u00fc\u0148 berdi:<\/p>\n<p style=\"text-align: left;\">&#8211; \u201cHalk marketi\u0148\u201d taryhyny \u00fdurdumyzy\u0148 Gara\u015fsyzlygyny\u0148 15 \u00fdyllygy mynasybetli a\u00e7ylyp ulanylmaga berlen \u201cGara\u015fsyzlygy\u0148 15 \u00fdyllygy\u201d atly s\u00f6wda merkezini\u0148 taryhy bilen baglany\u015fdyrsak has \u00fderlikli bolar. Biz, esasan, \u00fderli teleke\u00e7ilerimizden \u201cBalam\u201d konditer \u00f6n\u00fcmleri k\u00e4rhanasy we \u201cBalhan\u201d do\u0148durylan \u00f6n\u00fcmler k\u00e4rhanasy bilen i\u015fle\u015f\u00fd\u00e4ris. Bizi\u0148 s\u00f6wda nokatlarymyzda \u00fderle\u015fdirilen harytlary\u0148 50 g\u00f6terimden gowragyny da\u015fary \u00fdurtlardan getirilen harytlar d\u00fcz\u00fd\u00e4r. H\u00e4zirki wagtda bizi\u0148 pa\u00fdtagtymyz A\u015fgabatda 6 nokatda, \u015fe\u00fdle-de Lebap wela\u00fdatynda we Balkan wela\u00fdatyny\u0148 Balkanabat \u015f\u00e4herinde b\u00f6l\u00fcmlerimiz hereket ed\u00fd\u00e4r. Geljekde \u00fdurdumyzy\u0148 be\u00fdleki wela\u00fdatlarynda \u00f6z s\u00f6wda nokatlarymyzy a\u00e7magy me\u00fdille\u015fdir\u00fd\u00e4ris.<\/p>\n<p style=\"text-align: left;\">T\u00fcrkmenistany\u0148 Senagat\u00e7ylar we teleke\u00e7iler birle\u015fmesini\u0148 d\u00f6redilmegini\u0148 13 \u00fdyllygy mynasybetli S\u00f6wda-senagat edarasynda gurnalan serg\u00e4 gatna\u015fan \u00fdene bir hususy k\u00e4rhana \u201cBalam\u201d konditer \u00f6n\u00fcmleri k\u00e4rhanasydyr. Bu k\u00e4rhana 2016-njy \u00fdyly\u0148 no\u00fdabr a\u00fdynda esaslandyryldy. Ilkiba\u015fda \u00f6n\u00fcm\u00e7ilik i\u015fine tortu\u0148 5 sany g\u00f6rn\u00fc\u015fini \u00f6nd\u00fcrmek bilen giri\u015fen \u201cBalam\u201d h\u00e4zirki wagtda \u00f6n\u00fcm\u00e7iligini iki ugur bo\u00fdun\u00e7a gatlakly we konditer \u00f6n\u00fcmleri g\u00f6rn\u00fc\u015finde alnyp baryl\u00fdar. H\u00e4zirki wagtda hususy k\u00e4rhanada konditer \u00f6n\u00fcmlerini\u0148 140-a gola\u00fd, gatlakly \u00f6n\u00fcmleri\u0148 80-e gola\u00fd g\u00f6rn\u00fc\u015fi \u00f6nd\u00fcril\u00fd\u00e4r. Hususy k\u00e4rhanany\u0148 \u00fdolba\u015f\u00e7ysy k\u00e4rhanany\u0148 geljekde hem halky\u0148 g\u00f6wn\u00fcnden tur\u00fdan harytlaryny\u0148 sanyny gi\u0148eltjekdigini belledi. \u015ee\u00fdle-de \u201cBalamy\u0148\u201d ge\u00e7ginli harytlary \u00fdurdumyzy\u0148 \u00e4hli wela\u00fdatlaryny\u0148 ak bazarlaryny beze\u00fd\u00e4r.<\/p>\n<p style=\"text-align: right;\"><strong>S\u00f6hbetde\u015fligi \u00fdazga ge\u00e7iren Sona <\/strong><strong>HALYKOWA<\/strong><strong>,<\/strong><\/p>\n<p style=\"text-align: right;\"><strong>T\u00fcrkmenistany\u0148 Da\u015fary i\u015fler ministrligini\u0148 Halkara gatna\u015fyklary institutyny\u0148 talyby.<\/strong><\/p>\n","protected":false},"excerpt":{"rendered":"<p>D\u00fcn\u00fd\u00e4 hojalygynda a\u00fdratyn t\u00fcrkmen nusgasy di\u00fdip at alan T\u00fcrkmenistan milli ykdysady\u00fdetimizi \u00f6sd\u00fcrmekde, ony d\u00fcn\u00fd\u00e4ni\u0148 \u00f6sen d\u00f6wletlerini\u0148 derejesine \u00fdetirmekde uly \u00fcst\u00fcnliklere e\u00fde bol\u00fdar. Ata Watanymyzy\u0148 gazan\u00fdan \u00fcst\u00fcnlikleri bizi\u0148 her birimizi\u0148 g\u00f6wn\u00fcmizi galkyndyr\u00fdar. M\u00e4lim bol\u015fy \u00fdaly, 17-18-nji martda pa\u00fdtagtymyz A\u015fgabatda T\u00fcrkmenistany\u0148 Senagat\u00e7ylar we teleke\u00e7iler birle\u015fmesini\u0148 d\u00f6redilmegini\u0148 13 \u00fdyllygy mynasybetli S\u00f6wda-senagat edarasynda sergi ge\u00e7iril\u00fd\u00e4r. Bu serg\u00e4 \u00fdurdumyzy\u0148 hususy [&hellip;]<\/p>\n","protected":false},"author":2,"featured_media":40577,"comment_status":"open","ping_status":"closed","sticky":false,"template":"","format":"standard","meta":{"footnotes":""},"categories":[724],"tags":[],"acf":[],"_links":{"self":[{"href":"https:\/\/zamanturkmenistan.com.tm\/index.php?rest_route=\/wp\/v2\/posts\/40576"}],"collection":[{"href":"https:\/\/zamanturkmenistan.com.tm\/index.php?rest_route=\/wp\/v2\/posts"}],"about":[{"href":"https:\/\/zamanturkmenistan.com.tm\/index.php?rest_route=\/wp\/v2\/types\/post"}],"author":[{"embeddable":true,"href":"https:\/\/zamanturkmenistan.com.tm\/index.php?rest_route=\/wp\/v2\/users\/2"}],"replies":[{"embeddable":true,"href":"https:\/\/zamanturkmenistan.com.tm\/index.php?rest_route=%2Fwp%2Fv2%2Fcomments&post=40576"}],"version-history":[{"count":0,"href":"https:\/\/zamanturkmenistan.com.tm\/index.php?rest_route=\/wp\/v2\/posts\/40576\/revisions"}],"wp:featuredmedia":[{"embeddable":true,"href":"https:\/\/zamanturkmenistan.com.tm\/index.php?rest_route=\/wp\/v2\/media\/40577"}],"wp:attachment":[{"href":"https:\/\/zamanturkmenistan.com.tm\/index.php?rest_route=%2Fwp%2Fv2%2Fmedia&parent=40576"}],"wp:term":[{"taxonomy":"category","embeddable":true,"href":"https:\/\/zamanturkmenistan.com.tm\/index.php?rest_route=%2Fwp%2Fv2%2Fcategories&post=40576"},{"taxonomy":"post_tag","embeddable":true,"href":"https:\/\/zamanturkmenistan.com.tm\/index.php?rest_route=%2Fwp%2Fv2%2Ftags&post=40576"}],"curies":[{"name":"wp","href":"https:\/\/api.w.org\/{rel}","templated":true}]}}