{"id":40712,"date":"2021-03-22T10:12:41","date_gmt":"2021-03-22T05:12:41","guid":{"rendered":"https:\/\/zamanturkmenistan.com.tm\/?p=40712"},"modified":"2021-03-22T10:12:41","modified_gmt":"2021-03-22T05:12:41","slug":"alzirde-parlament-saylawlary-geciriler","status":"publish","type":"post","link":"https:\/\/zamanturkmenistan.com.tm\/?p=40712","title":{"rendered":"Al\u00ad\u017ei\u00adrde Par\u00adla\u00adment sa\u00fd\u00adlaw\u00adla\u00adry ge\u00ad\u00e7i\u00adri\u00adler"},"content":{"rendered":"<p>Al\u00ad\u017ei\u00adri\u0148 Pre\u00adzi\u00adden\u00adti Ab\u00addel\u00adma\u00adjid Teb\u00adbun 12-nji i\u00fdun\u00adda par\u00adla\u00adment sa\u00fd\u00adlaw\u00adla\u00adry\u00adny ge\u00ad\u00e7ir\u00admek ka\u00adra\u00adry\u00adna gol \u00e7ek\u00addi. Bu ba\u00adra\u00adda \u00fdur\u00addu\u0148 Pre\u00adzi\u00addent di\u00adwa\u00adny\u00adny\u0148 be\u00ad\u00fda\u00adna\u00adtyn\u00adda m\u00e4\u00adlim edil\u00ad\u00fd\u00e4r. A. Teb\u00adbun sa\u00fd\u00adlaw\u00adla\u00adry ke\u00adpil\u00adlen\u00addir\u00ad\u00fd\u00e4n t\u00e4\u00adze ka\u00adnu\u00adna gol \u00e7ek\u00addi. Pre\u00adzi\u00addent Mil\u00adli halk As\u00adsamb\u00adle\u00ad\u00fda\u00adsy\u00adny\u0148 \/Mej\u00adli\u00adsi\u0148 a\u015fa\u00adky pa\u00adla\u00adta\u00adsy\/ \u00fda\u00adty\u00adry\u00adlyp, \u00fc\u00e7 a\u00fdy\u0148 i\u00e7in\u00adde m\u00f6h\u00adle\u00adtin\u00adden \u00f6\u0148 sa\u00fd\u00adlaw\u00adla\u00adry\u0148 ge\u00ad\u00e7i\u00adril\u00adjek\u00addi\u00adgi\u00adni ha\u00adbar ber\u00addi. \u00d6\u0148\u00adde bol\u00adjak Par\u00adla\u00adment sa\u00fd\u00adlaw\u00adla\u00adry, A.Teb\u00adbun 2019-nji \u00fdyl\u00adda sa\u00fd\u00adla\u00adna\u00adly b\u00e4\u00adri ama\u00adla a\u015fy\u00adry\u00adlan \u00fc\u00e7\u00fcn\u00adji sy\u00ad\u00fda\u00adsy \u00e7\u00e4\u00adre\u00addir.<\/p>\n","protected":false},"excerpt":{"rendered":"<p>Al\u00ad\u017ei\u00adri\u0148 Pre\u00adzi\u00adden\u00adti Ab\u00addel\u00adma\u00adjid Teb\u00adbun 12-nji i\u00fdun\u00adda par\u00adla\u00adment sa\u00fd\u00adlaw\u00adla\u00adry\u00adny ge\u00ad\u00e7ir\u00admek ka\u00adra\u00adry\u00adna gol \u00e7ek\u00addi. Bu ba\u00adra\u00adda \u00fdur\u00addu\u0148 Pre\u00adzi\u00addent di\u00adwa\u00adny\u00adny\u0148 be\u00ad\u00fda\u00adna\u00adtyn\u00adda m\u00e4\u00adlim edil\u00ad\u00fd\u00e4r. A. Teb\u00adbun sa\u00fd\u00adlaw\u00adla\u00adry ke\u00adpil\u00adlen\u00addir\u00ad\u00fd\u00e4n t\u00e4\u00adze ka\u00adnu\u00adna gol \u00e7ek\u00addi. Pre\u00adzi\u00addent Mil\u00adli halk As\u00adsamb\u00adle\u00ad\u00fda\u00adsy\u00adny\u0148 \/Mej\u00adli\u00adsi\u0148 a\u015fa\u00adky pa\u00adla\u00adta\u00adsy\/ \u00fda\u00adty\u00adry\u00adlyp, \u00fc\u00e7 a\u00fdy\u0148 i\u00e7in\u00adde m\u00f6h\u00adle\u00adtin\u00adden \u00f6\u0148 sa\u00fd\u00adlaw\u00adla\u00adry\u0148 ge\u00ad\u00e7i\u00adril\u00adjek\u00addi\u00adgi\u00adni ha\u00adbar ber\u00addi. \u00d6\u0148\u00adde bol\u00adjak Par\u00adla\u00adment sa\u00fd\u00adlaw\u00adla\u00adry, A.Teb\u00adbun 2019-nji \u00fdyl\u00adda sa\u00fd\u00adla\u00adna\u00adly b\u00e4\u00adri ama\u00adla [&hellip;]<\/p>\n","protected":false},"author":2,"featured_media":40713,"comment_status":"open","ping_status":"closed","sticky":false,"template":"","format":"standard","meta":{"footnotes":""},"categories":[5],"tags":[],"acf":[],"_links":{"self":[{"href":"https:\/\/zamanturkmenistan.com.tm\/index.php?rest_route=\/wp\/v2\/posts\/40712"}],"collection":[{"href":"https:\/\/zamanturkmenistan.com.tm\/index.php?rest_route=\/wp\/v2\/posts"}],"about":[{"href":"https:\/\/zamanturkmenistan.com.tm\/index.php?rest_route=\/wp\/v2\/types\/post"}],"author":[{"embeddable":true,"href":"https:\/\/zamanturkmenistan.com.tm\/index.php?rest_route=\/wp\/v2\/users\/2"}],"replies":[{"embeddable":true,"href":"https:\/\/zamanturkmenistan.com.tm\/index.php?rest_route=%2Fwp%2Fv2%2Fcomments&post=40712"}],"version-history":[{"count":0,"href":"https:\/\/zamanturkmenistan.com.tm\/index.php?rest_route=\/wp\/v2\/posts\/40712\/revisions"}],"wp:featuredmedia":[{"embeddable":true,"href":"https:\/\/zamanturkmenistan.com.tm\/index.php?rest_route=\/wp\/v2\/media\/40713"}],"wp:attachment":[{"href":"https:\/\/zamanturkmenistan.com.tm\/index.php?rest_route=%2Fwp%2Fv2%2Fmedia&parent=40712"}],"wp:term":[{"taxonomy":"category","embeddable":true,"href":"https:\/\/zamanturkmenistan.com.tm\/index.php?rest_route=%2Fwp%2Fv2%2Fcategories&post=40712"},{"taxonomy":"post_tag","embeddable":true,"href":"https:\/\/zamanturkmenistan.com.tm\/index.php?rest_route=%2Fwp%2Fv2%2Ftags&post=40712"}],"curies":[{"name":"wp","href":"https:\/\/api.w.org\/{rel}","templated":true}]}}