{"id":40715,"date":"2021-03-22T10:14:36","date_gmt":"2021-03-22T05:14:36","guid":{"rendered":"https:\/\/zamanturkmenistan.com.tm\/?p=40715"},"modified":"2021-03-22T10:14:36","modified_gmt":"2021-03-22T05:14:36","slug":"yewropa-agajy-saylandy","status":"publish","type":"post","link":"https:\/\/zamanturkmenistan.com.tm\/?p=40715","title":{"rendered":"\u00ddew\u00adro\u00adpa aga\u00adjy sa\u00fd\u00adlan\u00addy"},"content":{"rendered":"<p>Is\u00adpa\u00adni\u00ad\u00fda\u00adny\u0148 Ues\u00adka we\u00adla\u00ad\u00fda\u00adty\u00adny\u0148 Le\u00adsi\u00adna oba\u00adsyn\u00addan m\u00fc\u0148 \u00fda\u015f\u00adly dub 2021-nji \u00fdyl\u00adda \u00ddew\u00adro\u00adpa aga\u00adjy h\u00f6k\u00adm\u00fcn\u00adde sa\u00fd\u00adlan\u00addy. B\u00e4s\u00adle\u00ad\u015fik\u00adde \u00fde\u00ad\u0148i\u00adji bo\u00adlan dub, je\u00admi 104,264 ses al\u00addy. Ikin\u00adji \u00fder 78,210 ses bi\u00adlen Ita\u00adli\u00ad\u00fda\u00adda \u00f6s\u00fcp otu\u00adran \u00e7y\u00adnar aga\u00adjy\u00adna, \u00fc\u00e7\u00fcn\u00adji \u00fde\u00adri bol\u00adsa 66,026 ses bi\u00adlen ga\u00addy\u00admy da\u00adgys\u00adtan \u00e7y\u00adnar aga\u00adjy\u00adna (Rus\u00adsi\u00ad\u00fda) be\u00adril\u00addi. Is\u00adpan du\u00adby\u00adny\u0148 be\u00ad\u00fdik\u00adli\u00adgi 16 metr, dia\u00admet\u00adri 7 metr, k\u00f6\u00adle\u00adge\u00adsi\u00adni\u0148 me\u00fd\u00adda\u00adny 615 ine\u00add\u00f6r\u00add\u00fcl metr. Ba\u00fd\u00adrak bu b\u00e4s\u00adle\u00ad\u015fi\u00adgi 10 \u00fdyl b\u00e4\u00adri alyp bar\u00ad\u00fdan Da\u015f\u00adky gur\u00ad\u015faw hyz\u00admat\u00adda\u015f\u00adly\u00adgy bir\u00adle\u00ad\u015fi\u00adgi ta\u00adra\u00adpyn\u00addan wir\u00adtu\u00adal da\u00adba\u00adra\u00adda yg\u00adlan edil\u00addi.<\/p>\n","protected":false},"excerpt":{"rendered":"<p>Is\u00adpa\u00adni\u00ad\u00fda\u00adny\u0148 Ues\u00adka we\u00adla\u00ad\u00fda\u00adty\u00adny\u0148 Le\u00adsi\u00adna oba\u00adsyn\u00addan m\u00fc\u0148 \u00fda\u015f\u00adly dub 2021-nji \u00fdyl\u00adda \u00ddew\u00adro\u00adpa aga\u00adjy h\u00f6k\u00adm\u00fcn\u00adde sa\u00fd\u00adlan\u00addy. B\u00e4s\u00adle\u00ad\u015fik\u00adde \u00fde\u00ad\u0148i\u00adji bo\u00adlan dub, je\u00admi 104,264 ses al\u00addy. Ikin\u00adji \u00fder 78,210 ses bi\u00adlen Ita\u00adli\u00ad\u00fda\u00adda \u00f6s\u00fcp otu\u00adran \u00e7y\u00adnar aga\u00adjy\u00adna, \u00fc\u00e7\u00fcn\u00adji \u00fde\u00adri bol\u00adsa 66,026 ses bi\u00adlen ga\u00addy\u00admy da\u00adgys\u00adtan \u00e7y\u00adnar aga\u00adjy\u00adna (Rus\u00adsi\u00ad\u00fda) be\u00adril\u00addi. Is\u00adpan du\u00adby\u00adny\u0148 be\u00ad\u00fdik\u00adli\u00adgi 16 metr, dia\u00admet\u00adri 7 metr, k\u00f6\u00adle\u00adge\u00adsi\u00adni\u0148 me\u00fd\u00adda\u00adny 615 [&hellip;]<\/p>\n","protected":false},"author":2,"featured_media":40716,"comment_status":"open","ping_status":"closed","sticky":false,"template":"","format":"standard","meta":{"footnotes":""},"categories":[301],"tags":[],"acf":[],"_links":{"self":[{"href":"https:\/\/zamanturkmenistan.com.tm\/index.php?rest_route=\/wp\/v2\/posts\/40715"}],"collection":[{"href":"https:\/\/zamanturkmenistan.com.tm\/index.php?rest_route=\/wp\/v2\/posts"}],"about":[{"href":"https:\/\/zamanturkmenistan.com.tm\/index.php?rest_route=\/wp\/v2\/types\/post"}],"author":[{"embeddable":true,"href":"https:\/\/zamanturkmenistan.com.tm\/index.php?rest_route=\/wp\/v2\/users\/2"}],"replies":[{"embeddable":true,"href":"https:\/\/zamanturkmenistan.com.tm\/index.php?rest_route=%2Fwp%2Fv2%2Fcomments&post=40715"}],"version-history":[{"count":0,"href":"https:\/\/zamanturkmenistan.com.tm\/index.php?rest_route=\/wp\/v2\/posts\/40715\/revisions"}],"wp:featuredmedia":[{"embeddable":true,"href":"https:\/\/zamanturkmenistan.com.tm\/index.php?rest_route=\/wp\/v2\/media\/40716"}],"wp:attachment":[{"href":"https:\/\/zamanturkmenistan.com.tm\/index.php?rest_route=%2Fwp%2Fv2%2Fmedia&parent=40715"}],"wp:term":[{"taxonomy":"category","embeddable":true,"href":"https:\/\/zamanturkmenistan.com.tm\/index.php?rest_route=%2Fwp%2Fv2%2Fcategories&post=40715"},{"taxonomy":"post_tag","embeddable":true,"href":"https:\/\/zamanturkmenistan.com.tm\/index.php?rest_route=%2Fwp%2Fv2%2Ftags&post=40715"}],"curies":[{"name":"wp","href":"https:\/\/api.w.org\/{rel}","templated":true}]}}