{"id":40724,"date":"2021-03-22T10:22:52","date_gmt":"2021-03-22T05:22:52","guid":{"rendered":"https:\/\/zamanturkmenistan.com.tm\/?p=40724"},"modified":"2021-03-22T10:22:52","modified_gmt":"2021-03-22T05:22:52","slug":"yurdun-ilkinji-zenan-prezidenti","status":"publish","type":"post","link":"https:\/\/zamanturkmenistan.com.tm\/?p=40724","title":{"rendered":"\u00ddur\u00addu\u0148 il\u00adkin\u00adji ze\u00adnan Pre\u00adzi\u00adden\u00adti"},"content":{"rendered":"<p>Wi\u00adse-pre\u00adzi\u00addent bo\u00adlup i\u015f\u00adl\u00e4n Sa\u00admia Has\u00adsan Su\u00adlu\u00adhu, d\u00f6w\u00adlet Ba\u015f\u00adtu\u00adta\u00adny Jon Ma\u00adgu\u00adfu\u00adli ara\u00addan \u00e7y\u00adkan\u00addan so\u0148 Tan\u00adza\u00adni\u00ad\u00fda\u00adny\u0148 al\u00adtyn\u00adjy Pre\u00adzi\u00adden\u00adti we\u00adzi\u00adpe\u00adsi\u00adne gi\u00adri\u015f\u00addi. Bu ba\u00adra\u00adda Tan\u00adza\u00adni\u00ad\u00fda\u00adny\u0148 \u201cThe Citi\u00adzen\u201d ga\u00adze\u00adti ha\u00adbar ber\u00ad\u00fd\u00e4r. Da\u00adba\u00adra Tan\u00adza\u00adni\u00ad\u00fda\u00adny\u0148 i\u0148 uly \u015f\u00e4\u00adhe\u00adri Dar-es-Sa\u00adlam\u00adda Pre\u00adzi\u00addent ka\u00adbul\u00adha\u00adna\u00adsyn\u00adda ge\u00ad\u00e7i\u00adril\u00addi. Sa\u00admia Su\u00adlu\u00adhu \u00fdur\u00addu\u0148 ta\u00adry\u00adhyn\u00adda d\u00f6w\u00adlet Ba\u015f\u00adtu\u00adta\u00adny we\u00adzi\u00adpe\u00adsi\u00adne gir\u00ad\u015fen il\u00adkin\u00adji ze\u00adnan bol\u00addy.<br \/>\nTan\u00adza\u00adni\u00ad\u00fda\u00adny\u0148 b\u00e4\u00ad\u015fin\u00adji Pre\u00adzi\u00adden\u00adti Jon Ma\u00adgu\u00adfu\u00adli 17-nji mart\u00adda Dar-es-Sa\u00adlam\u00adda \u00fd\u00fc\u00adrek \u00fdet\u00admez\u00ad\u00e7i\u00adli\u00adgi se\u00adb\u00e4p\u00adli 62 \u00fda\u00ad\u015fyn\u00adda ara\u00addan \u00e7yk\u00addy. Tan\u00adza\u00adni\u00ad\u00fda\u00adny\u0148 Kons\u00adti\u00adtu\u00adsi\u00ad\u00fda\u00adsy\u00adna la\u00ad\u00fdyk\u00adlyk\u00adda, d\u00f6w\u00adlet Ba\u015f\u00adtu\u00adta\u00adny we\u00adzi\u00adpe\u00adsi\u00adne gi\u00adri\u00ad\u015fen 61 \u00fda\u015f\u00adly Sa\u00admia Su\u00adlu\u00adhu, man\u00adda\u00adty\u0148 \u00e4h\u00adli m\u00f6h\u00adle\u00adti gu\u00adtar\u00ad\u00fdan\u00ad\u00e7a \u2013 2025-nji \u00fdy\u00adly\u0148 ahy\u00adry\u00adna \u00e7en\u00adli bu we\u00adzi\u00adp\u00e4\u00adni do\u00adwam et\u00addi\u00adrip bi\u00adler.<br \/>\nSa\u00admia Has\u00adsan Su\u00adlu\u00adhu Zan\u00adzi\u00adbar ada\u00adsyn\u00adda do\u00adgul\u00addy we sy\u00ad\u00fda\u00adsy kar\u00ad\u00fde\u00adra\u00adsy\u00adna 2000-nji \u00fdyl\u00adda \u00fder\u00adli Par\u00adla\u00admen\u00adte sa\u00fd\u00adla\u00adnan\u00addan so\u0148 ba\u015f\u00adla\u00addy. 2015-nji \u00fdyl\u00adda Jon Ma\u00adgu\u00adfu\u00adli Tan\u00adza\u00adni\u00ad\u00fda\u00adda\u00adky \u015fol wagt\u00adky ge\u00ad\u00e7i\u00adri\u00adlen Pre\u00adzi\u00addent sa\u00fd\u00adlaw\u00adla\u00adryn\u00adda ony wi\u00adse-pre\u00adzi\u00addent h\u00f6k\u00adm\u00fcn\u00adde sa\u00fd\u00adla\u00addy.<\/p>\n","protected":false},"excerpt":{"rendered":"<p>Wi\u00adse-pre\u00adzi\u00addent bo\u00adlup i\u015f\u00adl\u00e4n Sa\u00admia Has\u00adsan Su\u00adlu\u00adhu, d\u00f6w\u00adlet Ba\u015f\u00adtu\u00adta\u00adny Jon Ma\u00adgu\u00adfu\u00adli ara\u00addan \u00e7y\u00adkan\u00addan so\u0148 Tan\u00adza\u00adni\u00ad\u00fda\u00adny\u0148 al\u00adtyn\u00adjy Pre\u00adzi\u00adden\u00adti we\u00adzi\u00adpe\u00adsi\u00adne gi\u00adri\u015f\u00addi. Bu ba\u00adra\u00adda Tan\u00adza\u00adni\u00ad\u00fda\u00adny\u0148 \u201cThe Citi\u00adzen\u201d ga\u00adze\u00adti ha\u00adbar ber\u00ad\u00fd\u00e4r. Da\u00adba\u00adra Tan\u00adza\u00adni\u00ad\u00fda\u00adny\u0148 i\u0148 uly \u015f\u00e4\u00adhe\u00adri Dar-es-Sa\u00adlam\u00adda Pre\u00adzi\u00addent ka\u00adbul\u00adha\u00adna\u00adsyn\u00adda ge\u00ad\u00e7i\u00adril\u00addi. Sa\u00admia Su\u00adlu\u00adhu \u00fdur\u00addu\u0148 ta\u00adry\u00adhyn\u00adda d\u00f6w\u00adlet Ba\u015f\u00adtu\u00adta\u00adny we\u00adzi\u00adpe\u00adsi\u00adne gir\u00ad\u015fen il\u00adkin\u00adji ze\u00adnan bol\u00addy. Tan\u00adza\u00adni\u00ad\u00fda\u00adny\u0148 b\u00e4\u00ad\u015fin\u00adji Pre\u00adzi\u00adden\u00adti Jon Ma\u00adgu\u00adfu\u00adli 17-nji mart\u00adda Dar-es-Sa\u00adlam\u00adda \u00fd\u00fc\u00adrek [&hellip;]<\/p>\n","protected":false},"author":2,"featured_media":40725,"comment_status":"open","ping_status":"closed","sticky":false,"template":"","format":"standard","meta":{"footnotes":""},"categories":[5],"tags":[],"acf":[],"_links":{"self":[{"href":"https:\/\/zamanturkmenistan.com.tm\/index.php?rest_route=\/wp\/v2\/posts\/40724"}],"collection":[{"href":"https:\/\/zamanturkmenistan.com.tm\/index.php?rest_route=\/wp\/v2\/posts"}],"about":[{"href":"https:\/\/zamanturkmenistan.com.tm\/index.php?rest_route=\/wp\/v2\/types\/post"}],"author":[{"embeddable":true,"href":"https:\/\/zamanturkmenistan.com.tm\/index.php?rest_route=\/wp\/v2\/users\/2"}],"replies":[{"embeddable":true,"href":"https:\/\/zamanturkmenistan.com.tm\/index.php?rest_route=%2Fwp%2Fv2%2Fcomments&post=40724"}],"version-history":[{"count":0,"href":"https:\/\/zamanturkmenistan.com.tm\/index.php?rest_route=\/wp\/v2\/posts\/40724\/revisions"}],"wp:featuredmedia":[{"embeddable":true,"href":"https:\/\/zamanturkmenistan.com.tm\/index.php?rest_route=\/wp\/v2\/media\/40725"}],"wp:attachment":[{"href":"https:\/\/zamanturkmenistan.com.tm\/index.php?rest_route=%2Fwp%2Fv2%2Fmedia&parent=40724"}],"wp:term":[{"taxonomy":"category","embeddable":true,"href":"https:\/\/zamanturkmenistan.com.tm\/index.php?rest_route=%2Fwp%2Fv2%2Fcategories&post=40724"},{"taxonomy":"post_tag","embeddable":true,"href":"https:\/\/zamanturkmenistan.com.tm\/index.php?rest_route=%2Fwp%2Fv2%2Ftags&post=40724"}],"curies":[{"name":"wp","href":"https:\/\/api.w.org\/{rel}","templated":true}]}}