{"id":41432,"date":"2021-04-09T09:46:08","date_gmt":"2021-04-09T04:46:08","guid":{"rendered":"https:\/\/zamanturkmenistan.com.tm\/?p=41432"},"modified":"2021-04-09T11:07:44","modified_gmt":"2021-04-09T06:07:44","slug":"eyran-yslam-respublikasynyn-dasary-isler-ministrinin-turkmenistana-sapary","status":"publish","type":"post","link":"https:\/\/zamanturkmenistan.com.tm\/?p=41432","title":{"rendered":"E\u00fdran Yslam Respublikasyny\u0148 da\u015fary i\u015fler ministrini\u0148 T\u00fcrkmenistana sapary"},"content":{"rendered":"<p>A\u015fgabada iki g\u00fcnl\u00fck sapar bilen E\u00fdran Yslam Respublikasyny\u0148 Da\u015fary i\u015fler ministri Mohammad Jawad Zarifi\u0148 \u00fdolba\u015f\u00e7ylygyndaky e\u00fdran h\u00f6k\u00fcmet wekili\u00fdeti geldi.<\/p>\n<p>8-nji aprelde T\u00fcrkmenistany\u0148 DIM-de Da\u015fary i\u015fler ministrlikleri\u0148 arasynda ge\u0148e\u015fmeler ge\u00e7irildi. Geple\u015fikleri\u0148 bar\u015fynda taraplar sy\u00fdasy-diplomatik ugur bo\u00fdun\u00e7a, \u015fe\u00fdle-de s\u00f6wda-ykdysady we medeni-ynsanperwer ulgamlardaky t\u00fcrkmen-e\u00fdran gatna\u015fyklary bilen bagly meseleleri\u0148 gi\u0148 gerimini ara alyp maslahatla\u015fdylar.<\/p>\n<p>Iki d\u00f6wleti\u0148 DIM-lerini\u0148 arasynda hyzmatda\u015flyk a\u00fdratyn ara alnyp maslahatla\u015fyldy. Sebit we halkara guramalary\u0148, \u015fol sanda BMG-ni\u0148, Ykdysady Hyzmatda\u015flyk Gurmasyny\u0148, Yslam Hyzmatda\u015flyk Gurmasyny\u0148 \u00e7\u00e4klerind\u00e4ki \u00f6zara hereketlere seredildi. Sebitde howpsuzlygy we durnuklylygy pugtalandyrmakda gara\u00fdy\u015flary\u0148 me\u0148ze\u015fligi bellenildi. Owganystandaky \u00fdagda\u00fdlar bo\u00fdun\u00e7a pikir al\u015fyldy.<\/p>\n<p>Halkara parahat\u00e7ylyk we ynany\u015fmak \u00fdyly babatda T\u00fcrkmenistany\u0148 Prezidentini\u0148 ba\u015flangyjyny\u0148 \u00e4hmi\u00fdeti nygtaldy. E\u00fdran tarapy \u015fu \u00fdyly\u0148 12-nji dekabrynda A\u015fgabatda ge\u00e7irilmegi me\u00fdille\u015fdiril\u00fd\u00e4n parahat\u00e7ylyga we ynany\u015fmaga bagy\u015flanan Halkara maslahata gatna\u015fmaga \u00e7agyryldy.<\/p>\n<p>Hereket ed\u00fd\u00e4n hukuk resminamalaryna syn bermek bilen birlikde, Hazar de\u0148zini\u0148 meseleleri hem-de Altynjy Hazar Sammitine g\u00f6r\u00fcl\u00fd\u00e4n ta\u00fd\u00fdarlyk i\u015fleri ara alnyp maslahatla\u015fyldy.<\/p>\n<p>Geple\u015fikleri\u0148 netijesi bo\u00fdun\u00e7a iki d\u00f6wleti\u0148 Da\u015fary i\u015fler ministrleri \u201cT\u00fcrkmenistany\u0148 Da\u015fary i\u015fler ministrligi bilen E\u00fdran Yslam Respublikasyny\u0148 Da\u015fary i\u015fler ministrligini\u0148 arasynda 2021-2022-nji \u00fdyllar \u00fc\u00e7in hyzmatda\u015flyk etmegi\u0148 Maksatnamasyna\u201d gol \u00e7ekdiler.<\/p>\n<p><strong>MEDENI-YNSANPERWER GATNA\u015eYKLARY \u00d6SD\u00dcRIL\u00dd\u00c4R<span data-mce-type=\"bookmark\" style=\"display: inline-block; width: 0px; overflow: hidden; line-height: 0;\" class=\"mce_SELRES_start\">\ufeff<\/span><\/strong><\/p>\n<p>Taraplar global pandemi\u00fda bilen bagly girizilen \u00e7\u00e4klendirmeler gow\u015fanyndan so\u0148, \u00fd\u00fczbe-\u00fd\u00fcz g\u00f6rn\u00fc\u015fde bilelikd\u00e4ki medeni \u00e7\u00e4releri guramak bo\u00fdun\u00e7a gyzyklanmalaryny be\u00fdan etdiler. Hususan-da, wekili\u00fdetler akyldar \u015fahyr Magtymguly Pyragyny\u0148 doglan g\u00fcn\u00fcni\u0148 300 \u00fdyllygyny bellemek bo\u00fdun\u00e7a g\u00f6r\u00fcl\u00fd\u00e4n ta\u00fd\u00fdarlyk i\u015fleri, \u015fe\u00fdle-de bu sene mynasybetli bilelikd\u00e4ki \u00e7\u00e4releri guramagy\u0148 m\u00fcmkin\u00e7iliklerini ara alyp maslahatla\u015fdylar.<\/p>\n<p>\u015ee\u00fdle-de iki d\u00f6wleti\u0148 sebitlerini\u0148 arasynda \u00f6zara hereketleri\u0148 o\u0148yn tejribeleri bellenildi. Taraplar ylym, bilim we lukman\u00e7ylyk babatda T\u00fcrkmenistan bilen E\u00fdrany\u0148 arasynda gatna\u015fyklary \u00f6sd\u00fcrmegi\u0148 \u00fcst\u00fcnde i\u015flem\u00e4ge ylala\u015fdylar.<\/p>\n<p><strong>S\u00d6WDA-YKDYSADY HYZMATDA\u015eLYGY\u0147 MESELELERI ARA ALNYP MASLAHATLA\u015eYLDY<\/strong><\/p>\n<p>Da\u015fary i\u015fler ministrliklerini\u0148 ge\u0148e\u015fmelerini\u0148 bar\u015fynda s\u00f6wda-ykdysady hyzmatda\u015flygy g\u00fc\u00fd\u00e7lendirmegi\u0148 meselelerine a\u00fdratyn \u00fcns berildi. Agzalan ugur bo\u00fdun\u00e7a \u00f6zara hereketleri\u0148 uly m\u00fcmkin\u00e7iliklerini bellemek bilen, taraplar \u00fdakyn wagtda Ykdysady hyzmatda\u015flyk bo\u00fdun\u00e7a H\u00f6k\u00fcmetara t\u00fcrkmen-e\u00fdran toparyny\u0148 nobatdaky mejlisine ta\u00fd\u00fdarlygy\u0148 \u00e7\u00e4klerinde birn\u00e4\u00e7e du\u015fu\u015fyklary gurnamak bo\u00fdun\u00e7a ylala\u015fdylar.<\/p>\n<p>Taraplar iki d\u00f6wleti\u0148 arasyndaky haryt dolany\u015fygyny\u0148 derejesine baha berdiler hem-de energi\u00fda, ulag we be\u00fdleki ulgamlardaky hyzmatda\u015flyga seretdiler. I\u015few\u00fcr gatna\u015fyklary gi\u0148eltmek \u00fc\u00e7in bilelikd\u00e4ki \u00e7\u00e4releri, sergileri we forumlary guramagy\u0148 derwa\u00fdyslygy nygtaldy.<\/p>\n<p>\u015ee\u00fdle-de sebiti\u0148 ulag-\u00fcsta\u015fyr m\u00fcmkin\u00e7iliklerini \u00f6sd\u00fcrmek bo\u00fdun\u00e7a hyzmatda\u015flygy\u0148 meseleleri jikme-jik ara alnyp maslahatla\u015fyldy. \u015eu nukda\u00fdnazardan, T\u00fcrkmenistany\u0148 gatna\u015fmagynda amala a\u015fyryl\u00fdan Lapis-Lazuli ulag ge\u00e7elgesini\u0148 hem-de \u201cHazar de\u0148zi \u2014 Gara de\u0148zi\u201d halkara ulag ge\u00e7elgesini\u0148 m\u00fcmkin\u00e7iliklerine a\u00fdratyn \u00fcns berildi we \u015funu\u0148 bilen baglylykda, agzalan ge\u00e7elgeleri durmu\u015fa ge\u00e7irmekde E\u00fdrany\u0148 gatna\u015fmagyny\u0148 \u00fdollaryna seredildi.<\/p>\n<p>&nbsp;<\/p>\n<p>&nbsp;<\/p>\n","protected":false},"excerpt":{"rendered":"<p>A\u015fgabada iki g\u00fcnl\u00fck sapar bilen E\u00fdran Yslam Respublikasyny\u0148 Da\u015fary i\u015fler ministri Mohammad Jawad Zarifi\u0148 \u00fdolba\u015f\u00e7ylygyndaky e\u00fdran h\u00f6k\u00fcmet wekili\u00fdeti geldi. 8-nji aprelde T\u00fcrkmenistany\u0148 DIM-de Da\u015fary i\u015fler ministrlikleri\u0148 arasynda ge\u0148e\u015fmeler ge\u00e7irildi. Geple\u015fikleri\u0148 bar\u015fynda taraplar sy\u00fdasy-diplomatik ugur bo\u00fdun\u00e7a, \u015fe\u00fdle-de s\u00f6wda-ykdysady we medeni-ynsanperwer ulgamlardaky t\u00fcrkmen-e\u00fdran gatna\u015fyklary bilen bagly meseleleri\u0148 gi\u0148 gerimini ara alyp maslahatla\u015fdylar. Iki d\u00f6wleti\u0148 DIM-lerini\u0148 arasynda hyzmatda\u015flyk [&hellip;]<\/p>\n","protected":false},"author":2,"featured_media":41438,"comment_status":"open","ping_status":"closed","sticky":false,"template":"","format":"standard","meta":{"footnotes":""},"categories":[3],"tags":[],"acf":[],"_links":{"self":[{"href":"https:\/\/zamanturkmenistan.com.tm\/index.php?rest_route=\/wp\/v2\/posts\/41432"}],"collection":[{"href":"https:\/\/zamanturkmenistan.com.tm\/index.php?rest_route=\/wp\/v2\/posts"}],"about":[{"href":"https:\/\/zamanturkmenistan.com.tm\/index.php?rest_route=\/wp\/v2\/types\/post"}],"author":[{"embeddable":true,"href":"https:\/\/zamanturkmenistan.com.tm\/index.php?rest_route=\/wp\/v2\/users\/2"}],"replies":[{"embeddable":true,"href":"https:\/\/zamanturkmenistan.com.tm\/index.php?rest_route=%2Fwp%2Fv2%2Fcomments&post=41432"}],"version-history":[{"count":0,"href":"https:\/\/zamanturkmenistan.com.tm\/index.php?rest_route=\/wp\/v2\/posts\/41432\/revisions"}],"wp:featuredmedia":[{"embeddable":true,"href":"https:\/\/zamanturkmenistan.com.tm\/index.php?rest_route=\/wp\/v2\/media\/41438"}],"wp:attachment":[{"href":"https:\/\/zamanturkmenistan.com.tm\/index.php?rest_route=%2Fwp%2Fv2%2Fmedia&parent=41432"}],"wp:term":[{"taxonomy":"category","embeddable":true,"href":"https:\/\/zamanturkmenistan.com.tm\/index.php?rest_route=%2Fwp%2Fv2%2Fcategories&post=41432"},{"taxonomy":"post_tag","embeddable":true,"href":"https:\/\/zamanturkmenistan.com.tm\/index.php?rest_route=%2Fwp%2Fv2%2Ftags&post=41432"}],"curies":[{"name":"wp","href":"https:\/\/api.w.org\/{rel}","templated":true}]}}