{"id":41763,"date":"2021-04-16T16:38:14","date_gmt":"2021-04-16T11:38:14","guid":{"rendered":"https:\/\/zamanturkmenistan.com.tm\/?p=41763"},"modified":"2021-04-17T09:32:52","modified_gmt":"2021-04-17T04:32:52","slug":"halkara-ahalteke-atcylyk-assosiasiyasynyn-xi-mejlisi-gecirildi","status":"publish","type":"post","link":"https:\/\/zamanturkmenistan.com.tm\/halkara-ahalteke-atcylyk-assosiasiyasynyn-xi-mejlisi-gecirildi\/","title":{"rendered":"Halkara ahalteke at\u00e7ylyk assosiasi\u00fdasyny\u0148 XI mejlisi ge\u00e7irildi"},"content":{"rendered":"<p>\u015eu g\u00fcn 16-njy aprelde A\u015fgabatdaky \u201cOguzkent\u201d myhmanhanasynda hormatly Prezidentimizi\u0148 gatna\u015fmagynda Halkara ahalteke at\u00e7ylyk assosiasi\u00fdasyny\u0148 XI mejlisi ge\u00e7irildi. Mejlise \u00fdurdumyzy\u0148 h\u00f6k\u00fcmet agzalary, Halkara ahalteke at\u00e7ylyk assosiasi\u00fdasyny\u0148 agzalary hem-de k\u00f6p\u00e7\u00fclikle\u00fdin habar beri\u015f seri\u015fdelerini\u0148 wekilleri gatna\u015fdylar. \u015ee\u00fdle hem mejlisde Halkara ahalteke at\u00e7ylyk assosiasi\u00fdasyny\u0148 da\u015fary \u00fdurtlardaky agzalary onla\u00fdn tertipde \u00e7yky\u015f etdiler.<\/p>\n<p>D\u00f6wlet Ba\u015ftutanymyz bu \u00fdere \u00fdygnananlary T\u00fcrkmen bedewini\u0148 milli ba\u00fdramy hem-de T\u00fcrkmen alaba\u00fdyny\u0148 ba\u00fdramy bilen t\u00fc\u00fds \u00fd\u00fcrekden gutlady..<\/p>\n<p>Halkara ahalteke at\u00e7ylyk assosiasi\u00fdasyny\u0148 d\u00f6redileninden b\u00e4ri ge\u00e7en 11 \u00fdyly\u0148 i\u00e7inde k\u00f6p i\u015f edildi. H\u00e4zirki d\u00f6w\u00fcrde d\u00fcn\u00fd\u00e4ni\u0148 36 d\u00f6wletinden \u00fduridik we fiziki \u015fahslary\u0148 194-si bu guramany\u0148 agzasy bolup dur\u00fdar. Olar at\u00e7ylygy \u00f6sd\u00fcrmekde uly i\u015fleri bitirdiler. Bu bolsa d\u00fcn\u00fd\u00e4de ahalteke bedewlerini\u0148 ba\u015f sanyny\u0148 we mu\u015fdaklaryny\u0148 artmagyna o\u0148yn t\u00e4sirini \u00fdetir\u00fd\u00e4r.<\/p>\n<p>Hormatly Prezidentimizi\u0148 nygta\u00fd\u015fy \u00fdaly, asyrlary\u0148 dowamynda t\u00fcrkmen topragynda kemala gelen behi\u015fdi bedewlerimizi\u0148 \u015fan-\u015f\u00f6hratyny has-da belende galdyrmak bo\u00fdun\u00e7a h\u00e4zirki wagtda \u00fdurdumyzda gi\u0148 gerimli maksatnamala\u00fdyn i\u015fler durmu\u015fa ge\u00e7iril\u00fd\u00e4r. At\u00e7ylyk pudagyny \u00f6sd\u00fcrmek, halkara derejesinde \u00fdary\u015flary we b\u00e4sle\u015fikleri ge\u00e7irmek \u00fc\u00e7in d\u00fcn\u00fd\u00e4 \u00f6l\u00e7eglerine la\u00fdyk gel\u00fd\u00e4n at\u00e7ylyk sport toplumlary gurlup ulanmaga berildi.<\/p>\n<p>&nbsp;<\/p>\n<p><img decoding=\"async\" loading=\"lazy\" class=\"alignnone wp-image-41765\" src=\"https:\/\/zamanturkmenistan.com.tm\/wp-content\/uploads\/2021\/04\/at-bedew-oguzkent-sergi-mejlis-300x113.jpg\" alt=\"\" width=\"674\" height=\"254\" srcset=\"https:\/\/zamanturkmenistan.com.tm\/wp-content\/uploads\/2021\/04\/at-bedew-oguzkent-sergi-mejlis-300x113.jpg 300w, https:\/\/zamanturkmenistan.com.tm\/wp-content\/uploads\/2021\/04\/at-bedew-oguzkent-sergi-mejlis-768x290.jpg 768w, https:\/\/zamanturkmenistan.com.tm\/wp-content\/uploads\/2021\/04\/at-bedew-oguzkent-sergi-mejlis-1024x387.jpg 1024w, https:\/\/zamanturkmenistan.com.tm\/wp-content\/uploads\/2021\/04\/at-bedew-oguzkent-sergi-mejlis-696x263.jpg 696w, https:\/\/zamanturkmenistan.com.tm\/wp-content\/uploads\/2021\/04\/at-bedew-oguzkent-sergi-mejlis-1068x403.jpg 1068w, https:\/\/zamanturkmenistan.com.tm\/wp-content\/uploads\/2021\/04\/at-bedew-oguzkent-sergi-mejlis-1112x420.jpg 1112w, https:\/\/zamanturkmenistan.com.tm\/wp-content\/uploads\/2021\/04\/at-bedew-oguzkent-sergi-mejlis-1920x725.jpg 1920w\" sizes=\"(max-width: 674px) 100vw, 674px\" \/><\/p>\n<p>Ka\u015fa\u0148 \u201cOguzkent\u201d myhmanhanasyny\u0148 e\u00fdwanynda sergi \u00fda\u00fdba\u0148landyryldy. Onda \u015fekillendiri\u015f we amaly-ha\u015fam sungatyny\u0148 eserleri, halylar, zerg\u00e4r\u00e7ilik \u00f6n\u00fcmleri hem-de ahalteke bedewlerini\u0148 g\u00f6zelligini wasp ed\u00fd\u00e4n fotosuratlar g\u00f6rkezildi.<\/p>\n","protected":false},"excerpt":{"rendered":"<p>\u015eu g\u00fcn 16-njy aprelde A\u015fgabatdaky \u201cOguzkent\u201d myhmanhanasynda hormatly Prezidentimizi\u0148 gatna\u015fmagynda Halkara ahalteke at\u00e7ylyk assosiasi\u00fdasyny\u0148 XI mejlisi ge\u00e7irildi. Mejlise \u00fdurdumyzy\u0148 h\u00f6k\u00fcmet agzalary, Halkara ahalteke at\u00e7ylyk assosiasi\u00fdasyny\u0148 agzalary hem-de k\u00f6p\u00e7\u00fclikle\u00fdin habar beri\u015f seri\u015fdelerini\u0148 wekilleri gatna\u015fdylar. \u015ee\u00fdle hem mejlisde Halkara ahalteke at\u00e7ylyk assosiasi\u00fdasyny\u0148 da\u015fary \u00fdurtlardaky agzalary onla\u00fdn tertipde \u00e7yky\u015f etdiler. D\u00f6wlet Ba\u015ftutanymyz bu \u00fdere \u00fdygnananlary T\u00fcrkmen bedewini\u0148 milli [&hellip;]<\/p>\n","protected":false},"author":2,"featured_media":41778,"comment_status":"open","ping_status":"closed","sticky":false,"template":"","format":"standard","meta":{"footnotes":""},"categories":[3],"tags":[],"_links":{"self":[{"href":"https:\/\/zamanturkmenistan.com.tm\/wp-json\/wp\/v2\/posts\/41763"}],"collection":[{"href":"https:\/\/zamanturkmenistan.com.tm\/wp-json\/wp\/v2\/posts"}],"about":[{"href":"https:\/\/zamanturkmenistan.com.tm\/wp-json\/wp\/v2\/types\/post"}],"author":[{"embeddable":true,"href":"https:\/\/zamanturkmenistan.com.tm\/wp-json\/wp\/v2\/users\/2"}],"replies":[{"embeddable":true,"href":"https:\/\/zamanturkmenistan.com.tm\/wp-json\/wp\/v2\/comments?post=41763"}],"version-history":[{"count":0,"href":"https:\/\/zamanturkmenistan.com.tm\/wp-json\/wp\/v2\/posts\/41763\/revisions"}],"wp:featuredmedia":[{"embeddable":true,"href":"https:\/\/zamanturkmenistan.com.tm\/wp-json\/wp\/v2\/media\/41778"}],"wp:attachment":[{"href":"https:\/\/zamanturkmenistan.com.tm\/wp-json\/wp\/v2\/media?parent=41763"}],"wp:term":[{"taxonomy":"category","embeddable":true,"href":"https:\/\/zamanturkmenistan.com.tm\/wp-json\/wp\/v2\/categories?post=41763"},{"taxonomy":"post_tag","embeddable":true,"href":"https:\/\/zamanturkmenistan.com.tm\/wp-json\/wp\/v2\/tags?post=41763"}],"curies":[{"name":"wp","href":"https:\/\/api.w.org\/{rel}","templated":true}]}}