{"id":41770,"date":"2021-04-16T17:09:04","date_gmt":"2021-04-16T12:09:04","guid":{"rendered":"https:\/\/zamanturkmenistan.com.tm\/?p=41770"},"modified":"2021-04-16T17:09:04","modified_gmt":"2021-04-16T12:09:04","slug":"turkmenistanyn-prezidenti-hytay-halk-respublikasynyn-ilcisini-kabul-etdi","status":"publish","type":"post","link":"https:\/\/zamanturkmenistan.com.tm\/?p=41770","title":{"rendered":"T\u00fcrkmenistany\u0148 Prezidenti Hyta\u00fd Halk Respublikasyny\u0148 il\u00e7isini kabul etdi"},"content":{"rendered":"<p><strong>15-nji aprelde hormatly Prezidentimiz Gurbanguly Berdimuhamedow Hyta\u00fd Halk Respublikasyny\u0148 T\u00fcrkmenistandaky Adatdan da\u015fary we Doly ygty\u00fdarly il\u00e7isi S\u00fdan Na\u00fd\u00e7eni kabul etdi.<\/strong><\/p>\n<p><strong>\u00a0<\/strong><\/p>\n<p>Il\u00e7i wagt tapyp kabul edendigi \u00fc\u00e7in d\u00f6wlet Ba\u015ftutanymyza t\u00fc\u00fds \u00fd\u00fcrekden ho\u015fallyk bildirdi we HHR-i\u0148 ba\u015flygy Si Szinpini\u0148 milli Liderimize a\u00fddan m\u00e4hirli salamyny we ho\u015fni\u00fdetli arzuwlaryny \u00fdetirdi.<\/p>\n<p>Diplomaty\u0148 belle\u00fd\u015fi \u00fdaly, d\u00fcn\u00fd\u00e4de hemi\u015felik Bitaraplyk derejesine esaslan\u00fdan o\u0148yn da\u015fary sy\u00fdasaty we gi\u0148 halkara hyzmatda\u015flygy\u0148 \u00f6sd\u00fcrilmegine g\u00f6n\u00fckdirilen netijeli ba\u015flangy\u00e7lary bilen tanal\u00fdan \u00fdurdumyzda Hyta\u00fd Halk Respublikasyna wekil\u00e7ilik etmek uly hormatdyr. \u015eunu\u0148 bilen baglylykda, T\u00fcrkmenistany\u0148 Gara\u015fsyzlygyny\u0148 30 \u00fdyllygy hem-de Halkara parahat\u00e7ylyk we ynany\u015fmak \u00fdyly mynasybetli t\u00e4ze binalary\u0148 a\u00e7yly\u015f dabaralaryny\u0148 a\u00fdratyn \u00e4hmi\u00fdete e\u00fdedigi bellenildi.<\/p>\n<p>Milli Liderimiz ho\u015fni\u00fdetli s\u00f6zler \u00fc\u00e7in minnetdarlyk bildirip, HHR-i\u0148 \u00fdolba\u015f\u00e7y d\u00fcz\u00fcmine m\u00e4hirli s\u00f6zlerini be\u00fdan etdi we T\u00fcrkmenistany\u0148 m\u00f6h\u00fcm taslamalary durmu\u015fa ge\u00e7irmekde wajyp hyzmatda\u015fy bolan Hyta\u00fd bilen d\u00e4p bolan dostluk hem-de birek-birege hormat go\u00fdmak gatna\u015fyklaryny\u0148 berkidilmegine a\u00fdratyn gyzyklanma bildir\u00fd\u00e4ndigini a\u00fdtdy.<\/p>\n<p>Du\u015fu\u015fygy\u0148 dowamynda hormatly Prezidentimiz we diplomat \u201cGara\u015fsyz, baky Bitarap T\u00fcrkmenistany\u0148 parahat\u00e7ylygy\u0148 we ynany\u015fmagy\u0148 hatyrasyna halkara hyzmatda\u015flygy\u201d atly halkara maslahaty\u0148 jemlerini\u0148 tutu\u015f adamzady\u0148 abadan\u00e7ylygyna g\u00f6n\u00fckdirilen umumy maksatlary\u0148 amala a\u015fyrylmagynda d\u00fcn\u00fd\u00e4 d\u00f6wletlerini\u0148 arasynda \u00f6zara d\u00fc\u015f\u00fcni\u015fmek we hormat go\u00fdmak gatna\u015fyklaryny\u0148 \u00f6sd\u00fcrilmegini \u00fcpj\u00fcn etjekdigine ynam bildirdiler.<\/p>\n<p>S\u00f6hbetde\u015flikde \u00fdangy\u00e7-energetika toplumynda, s\u00f6wda-ykdysady we ynsanperwer ulgamdaky netijeli tagallalary i\u015fje\u0148le\u015fdirmek \u00fc\u00e7in t\u00fcrkmen-hyta\u00fd hyzmatda\u015flygyny\u0148 \u00e4girt uly m\u00fcmkin\u00e7iliklerini\u0148 bardygy bellenildi.<\/p>\n<p>Umumy pikire g\u00f6r\u00e4, d\u00e4p bolan ynsanperwer gatna\u015fyklar ikitarapla\u00fdyn hyzmatda\u015flygy\u0148 m\u00f6h\u00fcm b\u00f6legi bolup dur\u00fdar we \u015fe\u00fdle bolmagynda gal\u00fdar. D\u00fcrli medeni \u00e7\u00e4reler, ylmy we d\u00f6redijilik maslahatlary, hyzmatda\u015flyk bo\u00fdun\u00e7a H\u00f6k\u00fcmetara t\u00fcrkmen-hyta\u00fd komitetini\u0148 i\u015fi bu gatna\u015fyklary\u0148 berkidilmegini\u0148 m\u00f6h\u00fcm \u015fertini emele getir\u00fd\u00e4r.<\/p>\n<p>Hyta\u00fd Halk Respublikasyny\u0148 Adatdan da\u015fary we Doly ygty\u00fdarly il\u00e7isi S\u00fdan Na\u00fd\u00e7en \u00f6zara gyzyklanma bildiril\u00fd\u00e4n meseleler bo\u00fdun\u00e7a netijeli pikir aly\u015fmalar \u00fc\u00e7in t\u00fc\u00fds \u00fd\u00fcrekden ho\u015fallyk bildirip, hormatly Prezidentimizi iki \u00fdurdu\u0148 we onu\u0148 dostlukly halklaryny\u0148 arasynda \u00fdola go\u00fdul\u00fdan o\u0148yn gatna\u015fyklary\u0148 mundan be\u00fdl\u00e4k-de berkidilmegi ugrunda zerur tagallalaryny etjekdigine ynandyrdy.<\/p>\n","protected":false},"excerpt":{"rendered":"<p>15-nji aprelde hormatly Prezidentimiz Gurbanguly Berdimuhamedow Hyta\u00fd Halk Respublikasyny\u0148 T\u00fcrkmenistandaky Adatdan da\u015fary we Doly ygty\u00fdarly il\u00e7isi S\u00fdan Na\u00fd\u00e7eni kabul etdi. \u00a0 Il\u00e7i wagt tapyp kabul edendigi \u00fc\u00e7in d\u00f6wlet Ba\u015ftutanymyza t\u00fc\u00fds \u00fd\u00fcrekden ho\u015fallyk bildirdi we HHR-i\u0148 ba\u015flygy Si Szinpini\u0148 milli Liderimize a\u00fddan m\u00e4hirli salamyny we ho\u015fni\u00fdetli arzuwlaryny \u00fdetirdi. Diplomaty\u0148 belle\u00fd\u015fi \u00fdaly, d\u00fcn\u00fd\u00e4de hemi\u015felik Bitaraplyk derejesine esaslan\u00fdan [&hellip;]<\/p>\n","protected":false},"author":2,"featured_media":41771,"comment_status":"open","ping_status":"closed","sticky":false,"template":"","format":"standard","meta":{"footnotes":""},"categories":[3],"tags":[],"_links":{"self":[{"href":"https:\/\/zamanturkmenistan.com.tm\/index.php?rest_route=\/wp\/v2\/posts\/41770"}],"collection":[{"href":"https:\/\/zamanturkmenistan.com.tm\/index.php?rest_route=\/wp\/v2\/posts"}],"about":[{"href":"https:\/\/zamanturkmenistan.com.tm\/index.php?rest_route=\/wp\/v2\/types\/post"}],"author":[{"embeddable":true,"href":"https:\/\/zamanturkmenistan.com.tm\/index.php?rest_route=\/wp\/v2\/users\/2"}],"replies":[{"embeddable":true,"href":"https:\/\/zamanturkmenistan.com.tm\/index.php?rest_route=%2Fwp%2Fv2%2Fcomments&post=41770"}],"version-history":[{"count":0,"href":"https:\/\/zamanturkmenistan.com.tm\/index.php?rest_route=\/wp\/v2\/posts\/41770\/revisions"}],"wp:featuredmedia":[{"embeddable":true,"href":"https:\/\/zamanturkmenistan.com.tm\/index.php?rest_route=\/wp\/v2\/media\/41771"}],"wp:attachment":[{"href":"https:\/\/zamanturkmenistan.com.tm\/index.php?rest_route=%2Fwp%2Fv2%2Fmedia&parent=41770"}],"wp:term":[{"taxonomy":"category","embeddable":true,"href":"https:\/\/zamanturkmenistan.com.tm\/index.php?rest_route=%2Fwp%2Fv2%2Fcategories&post=41770"},{"taxonomy":"post_tag","embeddable":true,"href":"https:\/\/zamanturkmenistan.com.tm\/index.php?rest_route=%2Fwp%2Fv2%2Ftags&post=41770"}],"curies":[{"name":"wp","href":"https:\/\/api.w.org\/{rel}","templated":true}]}}