{"id":41788,"date":"2021-04-16T18:19:00","date_gmt":"2021-04-16T13:19:00","guid":{"rendered":"https:\/\/zamanturkmenistan.com.tm\/?p=41788"},"modified":"2021-04-16T19:01:46","modified_gmt":"2021-04-16T14:01:46","slug":"bawariyany-yarysdan-cykaran-cempion-bolyar","status":"publish","type":"post","link":"https:\/\/zamanturkmenistan.com.tm\/?p=41788","title":{"rendered":"\u201cBawari\u00fdany\u201d \u00fdary\u015fdan \u00e7ykaran \u00e7empion bol\u00fdar&#8230;"},"content":{"rendered":"<p><strong>HABAR \/ SELJERME<\/strong><\/p>\n<p>UEFA \u00c7empionlar ligasynda m\u00f6ws\u00fcmi\u0148 tamamlanmagyna 5 o\u00fdun galdy. H\u00e4zirki wagtda so\u0148ky final du\u015fu\u015fygynda \u00e7yky\u015f eden iki topary\u0148 biri \u00fdary\u015fy dowam ed\u00fd\u00e4r. Final\u00e7y PS\u017d \u00fdary\u015fy dowam etdir\u00fd\u00e4n tarap bolup, \u00e7empion \u201cBawari\u00fda\u201d \u00fc\u00e7in welin b\u00e4sle\u015fik ir tamamlan\u00fdar. Ony \u00fdary\u015fdan \u00e7ykaran bolsa, hut \u015fol final\u00e7y PS\u017d bol\u00fdar. UEFA \u00c7empionlar ligasyny\u0148 so\u0148ky 9 \u00fdylyna seretsek, \u015folary\u0148 8-sinde ha\u00fdsy topar \u201cBawari\u00fdany\u201d \u00fde\u0148se, \u015fol hem \u00e7empion bol\u00fdar. Juda t\u00e4sin bu statistika geli\u0148 i\u00e7gin seredeli\u0148. Di\u0148e bir m\u00f6ws\u00fcmde \u201cBawari\u00fdany\u201d \u00fde\u0148en topar kubogy alyp bilme\u00fd\u00e4r.<\/p>\n<p><strong>2011\/12<\/strong> m\u00f6ws\u00fcmini\u0148 finalynda \u201cBawari\u00fda\u201d bilen \u201c\u00c7elsi\u201d du\u015fu\u015fy<img decoding=\"async\" loading=\"lazy\" class=\" wp-image-41791 alignright\" src=\"https:\/\/zamanturkmenistan.com.tm\/wp-content\/uploads\/2021\/04\/84369a9ed7a64727a3806634044a9da5-300x205.jpg\" alt=\"\" width=\"217\" height=\"148\" srcset=\"https:\/\/zamanturkmenistan.com.tm\/wp-content\/uploads\/2021\/04\/84369a9ed7a64727a3806634044a9da5-300x205.jpg 300w, https:\/\/zamanturkmenistan.com.tm\/wp-content\/uploads\/2021\/04\/84369a9ed7a64727a3806634044a9da5-768x525.jpg 768w, https:\/\/zamanturkmenistan.com.tm\/wp-content\/uploads\/2021\/04\/84369a9ed7a64727a3806634044a9da5-218x150.jpg 218w, https:\/\/zamanturkmenistan.com.tm\/wp-content\/uploads\/2021\/04\/84369a9ed7a64727a3806634044a9da5-436x300.jpg 436w, https:\/\/zamanturkmenistan.com.tm\/wp-content\/uploads\/2021\/04\/84369a9ed7a64727a3806634044a9da5-696x475.jpg 696w, https:\/\/zamanturkmenistan.com.tm\/wp-content\/uploads\/2021\/04\/84369a9ed7a64727a3806634044a9da5-615x420.jpg 615w, https:\/\/zamanturkmenistan.com.tm\/wp-content\/uploads\/2021\/04\/84369a9ed7a64727a3806634044a9da5.jpg 1000w\" sizes=\"(max-width: 217px) 100vw, 217px\" \/>p, nemes topary du\u015fu\u015fygy\u0148 agramly b\u00f6legini 1-0 \u00f6\u0148de dowam etdirdi. \u00dd\u00f6ne so\u0148ky minutlarda (88) Didie Drogba goly bilen hasaby de\u0148l\u00e4n \u201c\u00c7elsi\u201d penalti urgularyny\u0148 netijesinde kubogy \u201c\u00c7elsi\u201d topary \u201cBawari\u00fdany\u0148\u201d me\u00fddan\u00e7asynda nemesleri\u0148 elinden al\u00fdar.<\/p>\n<p><strong>2012\/13<\/strong> m\u00f6ws\u00fcminde \u201cBawari\u00fdany\u201d utulan-\u00e7ykdy tapgyrynda \u00fde\u0148en topar bolma\u00fdar. Ilki \u201cArsenaly\u201d, so\u0148ra \u201c\u00dduwentusy\u201d iki \u00fderde-de 2-0 \u00fde\u0148en \u201cBawari\u00fda\u201d \u00fdarym finalda \u201cBarselona\u201d bilen du\u015fu\u015f\u00fdar. M\u00fcnhende 4-0, Barselonada 3-0 \u00fde\u0148i\u015f gazanan \u201cBawari\u00fda\u201d finalda nemes topary \u201cBorussi\u00fda Dortmunddan\u201d 2-1 \u00fcst\u00fcn \u00e7yk\u00fdar we 5-nji gez<img decoding=\"async\" loading=\"lazy\" class=\" wp-image-41790 alignright\" src=\"https:\/\/zamanturkmenistan.com.tm\/wp-content\/uploads\/2021\/04\/52cb3192fbd74dca886410e38a42998c-300x205.jpg\" alt=\"\" width=\"228\" height=\"156\" srcset=\"https:\/\/zamanturkmenistan.com.tm\/wp-content\/uploads\/2021\/04\/52cb3192fbd74dca886410e38a42998c-300x205.jpg 300w, https:\/\/zamanturkmenistan.com.tm\/wp-content\/uploads\/2021\/04\/52cb3192fbd74dca886410e38a42998c-768x525.jpg 768w, https:\/\/zamanturkmenistan.com.tm\/wp-content\/uploads\/2021\/04\/52cb3192fbd74dca886410e38a42998c-218x150.jpg 218w, https:\/\/zamanturkmenistan.com.tm\/wp-content\/uploads\/2021\/04\/52cb3192fbd74dca886410e38a42998c-436x300.jpg 436w, https:\/\/zamanturkmenistan.com.tm\/wp-content\/uploads\/2021\/04\/52cb3192fbd74dca886410e38a42998c-696x475.jpg 696w, https:\/\/zamanturkmenistan.com.tm\/wp-content\/uploads\/2021\/04\/52cb3192fbd74dca886410e38a42998c-615x420.jpg 615w, https:\/\/zamanturkmenistan.com.tm\/wp-content\/uploads\/2021\/04\/52cb3192fbd74dca886410e38a42998c.jpg 1000w\" sizes=\"(max-width: 228px) 100vw, 228px\" \/>ek \u00e7empion bol\u00fdar.<\/p>\n<p><strong>2013\/14<\/strong> m\u00f6ws\u00fcminde \u00fdarym finalda \u201cBawari\u00fdany\u201d myhman\u00e7ylykda 4-0, \u00f6z me\u00fddan\u00e7asynda 1-0 hasaplar bilen \u00fde\u0148en \u201cReal Madrid\u201d, finala \u00e7yk\u00fdar we taryhy finalda-da \u201cAtletikodan\u201d go\u015fma\u00e7a wagtda 4-1 \u00fcst\u00fcn \u00e7yk\u00fdar.<\/p>\n<p><strong>2014\/15<\/strong> m\u00f6ws\u00fcminde \u201cBawari\u00fda\u201d \u00fdarym finalda utul\u00fdar. Bu gezek ba\u015fga ispan toparyndan, \u201cBarselonadan\u201d \u00fde\u0148il\u00fd\u00e4r. Katalonlar \u00f6z me\u00fddan\u00e7asynda 3-0 \u00fde\u0148i\u015f gazan\u00fdar. Jogap o\u00fdnunda nemes topary 3-2 \u00fde\u0148se-de, bu hasap finala \u00e7ykmak \u00fc\u00e7in olara \u00fdeterlik bolma\u00fdar. Finalda welin \u201cBarselona\u201d Berlinde \u201c\u00dduwentusy\u201d 3\u20131 hasabynda \u00fde\u0148ip, kubogy asmana g\u00f6ter\u00fd\u00e4r.<\/p>\n<p><strong>2015\/16<\/strong> m\u00f6ws\u00fcmi bu t\u00e4sin hasabaty\u0148 \u00fc\u00fdtg\u00e4n \u00fdyly bol\u00fdar. \u00ddene \u00fdarym final, \u00fdene-de ispan topary. Bassyr 5 m\u00f6ws\u00fcm \u201cBawari\u00fda\u201d \u00fdarym finalda ispan topary bilen du\u015fu\u015fyp gel\u00fd\u00e4r. M\u00fcnhenliler \u015folary\u0148 so\u0148ky 3-sinde \u00fde\u0148il\u00fd\u00e4r. \u00ddagny 2014-nji \u00fdylda \u201cRealdan\u201d, 2015-nji \u00fdylda \u201cBarselonadan\u201d, 2016-njy \u00fdylda bolsa \u201cAtletikodan\u201d utul\u00fdar. \u201cAtletiko Madrid\u201d \u00f6z <img decoding=\"async\" loading=\"lazy\" class=\"wp-image-41794 alignright\" src=\"https:\/\/zamanturkmenistan.com.tm\/wp-content\/uploads\/2021\/04\/2369432_w1-300x169.jpg\" alt=\"\" width=\"255\" height=\"151\" \/>me\u00fddan\u00e7asynda 1-0 \u00fde\u0148ip, jogap du\u015fu\u015fygynda 2-1 utulsa-da finala \u00e7yk\u00fdar. Finalda bolsa \u201cAtletiko\u201d ezeli b\u00e4sde\u015fi \u201cReal Madridden\u201d bu gezek hem \u00fde\u0148il\u00fd\u00e4r. Esasy wagty 1-1 gutaran o\u00fdnu\u0148 ahyrynda penaltilerde 5-3 \u00f6\u0148e sa\u00fdlanan \u201cReal Madrid\u201d taryhy yzly-yzyna 3 \u00e7empionlygyny\u0148 ilkinjisini gazan\u00fdar.<\/p>\n<p><strong>2016\/17<\/strong> m\u00f6ws\u00fcminde \u201cBawari\u00fda\u201d \u00fdarym finaldan \u00f6\u0148\u00fcrti ispan toparlary bilen, has takygy, \u201cReal Madrid\u201d bilen gabatla\u015f\u00fdar. \u00c7\u00e4r\u00fdek finaly\u0148 1-nji o\u00fdny M\u00fcnhende bolup, ispanlar 2\u20131 \u00fde\u0148i\u015f gazan\u00fdar. Jogap o\u00fdnuny\u0148 esasy wagtynda \u201cBawari\u00fda\u201d 2-1 \u00fde\u0148i\u015f gazan\u00fdar, \u00fd\u00f6ne go\u015fma\u00e7a wagtda 3 gol ge\u00e7iren madridliler netijede 4\u20132 \u00fcst\u00fcn \u00e7ykyp, \u00fdarym finala \u00e7yk\u00fdar. \u00ddarym finalda-da \u201cAtletikony\u201d \u00fdary\u015fdan \u00e7ykaran \u201cReal Madrid\u201d finalda \u201c\u00dduwentusy\u201d 4\u20131 hasabynda \u00fde\u0148li\u015fe sezewar ed\u00fd\u00e4r. \u201cReal Madrid\u201d \u00c7empionlar ligasyny yzly-yzyna gazanan ilkinji topar bol\u00fdar.<\/p>\n<p><strong>2017\/18<\/strong> m\u00f6ws\u00fcminde bolsa \u00e7\u00e4r\u00fdek finalda ispanlary\u0148 ba\u015fga kluby \u201cSewil\u00fdany\u201d utan \u201cBawari\u00fda\u201d \u00fdarym finalda \u00fdene-de \u201cReal Madrid\u201d bilen gabatla\u015f\u00fdar. Bu gezek hem \u015fol ssenari\u00fda ga\u00fdtalan\u00fdar we \u201cReal Madrid\u201d UEFA-daky ezeli b\u00e4sde\u015finden \u00fcst\u00fcn \u00e7yk\u00fdar. Myhman\u00e7ylykda 2\u20131 \u00fde\u0148en \u201cReal\u201d, \u00f6z me\u00fddan\u00e7asynda 2\u20132 de\u0148me-de\u0148 o\u00fdna\u00fdar. Ki\u00fdewde o\u00fdnalan finalda-da \u201cLiwerpuly\u201d 3\u20131 hasabynda \u00fde\u0148en \u201cReal\u201d yzly-yzyna 3-nji, umumylykda-da 13 kubogyny asmana g\u00f6ter\u00fd\u00e4r.<img decoding=\"async\" loading=\"lazy\" class=\" wp-image-41793 alignright\" src=\"https:\/\/zamanturkmenistan.com.tm\/wp-content\/uploads\/2021\/04\/ce1d8b5244cc4169a08215e3c26b69a9-300x205.jpg\" alt=\"\" width=\"237\" height=\"162\" srcset=\"https:\/\/zamanturkmenistan.com.tm\/wp-content\/uploads\/2021\/04\/ce1d8b5244cc4169a08215e3c26b69a9-300x205.jpg 300w, https:\/\/zamanturkmenistan.com.tm\/wp-content\/uploads\/2021\/04\/ce1d8b5244cc4169a08215e3c26b69a9-768x525.jpg 768w, https:\/\/zamanturkmenistan.com.tm\/wp-content\/uploads\/2021\/04\/ce1d8b5244cc4169a08215e3c26b69a9-218x150.jpg 218w, https:\/\/zamanturkmenistan.com.tm\/wp-content\/uploads\/2021\/04\/ce1d8b5244cc4169a08215e3c26b69a9-436x300.jpg 436w, https:\/\/zamanturkmenistan.com.tm\/wp-content\/uploads\/2021\/04\/ce1d8b5244cc4169a08215e3c26b69a9-696x475.jpg 696w, https:\/\/zamanturkmenistan.com.tm\/wp-content\/uploads\/2021\/04\/ce1d8b5244cc4169a08215e3c26b69a9-615x420.jpg 615w, https:\/\/zamanturkmenistan.com.tm\/wp-content\/uploads\/2021\/04\/ce1d8b5244cc4169a08215e3c26b69a9.jpg 1000w\" sizes=\"(max-width: 237px) 100vw, 237px\" \/><\/p>\n<p><strong>2018\/19<\/strong> m\u00f6ws\u00fcminde \u201cBawari\u00fdany\u201d ispanlara \u00fdetirmezden \u201cLiwerpul\u201d 1\/8 finalda \u00fdary\u015fdan \u00e7ykar\u00fdar. Angli\u00fdadaky o\u00fdun golsuz tamamlansa-da, i\u0148lisler jogap o\u00fdnunda 3\u20131 \u00fde\u0148i\u015f gazan\u00fdar. So\u0148lugy bilen \u201cLiwerpul\u201d \u00e7\u00e4r\u00fdek finalda \u201cPortony\u201d, \u00fdarym finalda \u201cBarselonany\u201d, finalda-da \u201cTottenhamy\u201d 2\u20130 \u00fde\u0148ip, kuboga mynasyp bol\u00fdar.<\/p>\n<p><strong>2019\/20<\/strong> m\u00f6ws\u00fcmi ba\u015faga\u00fdlykda ge\u00e7ip, \u00e7\u00e4r\u00fdek finaldan ba\u015flap du\u015fu\u015fyklar di\u0148e bir o\u00fdu<img decoding=\"async\" loading=\"lazy\" class=\" wp-image-41792 alignright\" src=\"https:\/\/zamanturkmenistan.com.tm\/wp-content\/uploads\/2021\/04\/b46a05c6530c4e83847fbbda50e4bfa3-300x205.jpg\" alt=\"\" width=\"233\" height=\"159\" srcset=\"https:\/\/zamanturkmenistan.com.tm\/wp-content\/uploads\/2021\/04\/b46a05c6530c4e83847fbbda50e4bfa3-300x205.jpg 300w, https:\/\/zamanturkmenistan.com.tm\/wp-content\/uploads\/2021\/04\/b46a05c6530c4e83847fbbda50e4bfa3-768x525.jpg 768w, https:\/\/zamanturkmenistan.com.tm\/wp-content\/uploads\/2021\/04\/b46a05c6530c4e83847fbbda50e4bfa3-218x150.jpg 218w, https:\/\/zamanturkmenistan.com.tm\/wp-content\/uploads\/2021\/04\/b46a05c6530c4e83847fbbda50e4bfa3-436x300.jpg 436w, https:\/\/zamanturkmenistan.com.tm\/wp-content\/uploads\/2021\/04\/b46a05c6530c4e83847fbbda50e4bfa3-696x475.jpg 696w, https:\/\/zamanturkmenistan.com.tm\/wp-content\/uploads\/2021\/04\/b46a05c6530c4e83847fbbda50e4bfa3-615x420.jpg 615w, https:\/\/zamanturkmenistan.com.tm\/wp-content\/uploads\/2021\/04\/b46a05c6530c4e83847fbbda50e4bfa3.jpg 1000w\" sizes=\"(max-width: 233px) 100vw, 233px\" \/>n esasynda merkezile\u015fdirilen \u015f\u00e4herde o\u00fdnal\u00fdar. \u201cBawari\u00fda\u201d \u00e7\u00e4r\u00fdek finalda \u201cBarselonadan\u201d \u00f6\u0148ki-so\u0148ky aryny al\u00fdan \u00fdaly g\u00fc\u00fd\u00e7li gar\u015fyda\u015fyny 8\u20132 hasabynda utup, derbi-dagyn ed\u00fd\u00e4r. \u00ddarym finalda \u201cLiony\u201d 3\u20130 \u00fde\u0148en \u201cBawari\u00fda\u201d finalda-da PS\u017d-ni Kingsli Komany\u0148 \u00fdeke-t\u00e4k goly bilen 1\u20130 \u00fde\u0148\u00fd\u00e4r.<\/p>\n<p>\u015ee\u00fdlelikde, \u015fu hasabata seredip, bu m\u00f6ws\u00fcmde \u201cBawari\u00fdany\u201d \u00e7\u00e4r\u00fdek finaldan \u00f6\u00fd\u00fcne ugradan PS\u017d-ni\u0148 kubogy aljakdygyny a\u00fddyp bileris. \u00dd\u00f6ne pari\u017elileri\u0148 ilki \u00fdarym finalda edil \u201cBawari\u00fda\u201d de\u00fdin g\u00fc\u00fd\u00e7li \u201cMan\u00e7ester Sitini\u201d \u00fde\u0148megi gerek. Eger-de PS\u017d finala \u00e7yka\u00fdan \u00fdagda\u00fdynda-da, gar\u015fysynda a\u0148sat-a\u0148sat finalda utulma\u00fdan, kubogy i\u0148 k\u00f6p e\u00fdel\u00e4n \u201cReal Madrid\u201d \u00fda-da ozalky t\u00e4lim\u00e7isi Tomas Tuheli\u0148 \u201c\u00c7elsi\u201d topary bolar. Tuhel bolsa ge\u00e7en \u00fdylky alyp bilmedik kubogyny bu \u00fdyl ba\u015fga\u00e7a klub bilen almak \u00fc\u00e7in bar g\u00fc\u00fdj\u00fcni ga\u00fdgyrmasa gerek. Biz jank\u00f6\u00fderlere bolsa \u00fdene-de 5 \u201co\u00fdunlyjak\u201d sabyr ed\u00e4\u00fdmek gal\u00fdar&#8230;<\/p>\n","protected":false},"excerpt":{"rendered":"<p>HABAR \/ SELJERME UEFA \u00c7empionlar ligasynda m\u00f6ws\u00fcmi\u0148 tamamlanmagyna 5 o\u00fdun galdy. H\u00e4zirki wagtda so\u0148ky final du\u015fu\u015fygynda \u00e7yky\u015f eden iki topary\u0148 biri \u00fdary\u015fy dowam ed\u00fd\u00e4r. Final\u00e7y PS\u017d \u00fdary\u015fy dowam etdir\u00fd\u00e4n tarap bolup, \u00e7empion \u201cBawari\u00fda\u201d \u00fc\u00e7in welin b\u00e4sle\u015fik ir tamamlan\u00fdar. Ony \u00fdary\u015fdan \u00e7ykaran bolsa, hut \u015fol final\u00e7y PS\u017d bol\u00fdar. UEFA \u00c7empionlar ligasyny\u0148 so\u0148ky 9 \u00fdylyna seretsek, \u015folary\u0148 [&hellip;]<\/p>\n","protected":false},"author":2,"featured_media":41789,"comment_status":"open","ping_status":"closed","sticky":false,"template":"","format":"standard","meta":{"footnotes":""},"categories":[302,13],"tags":[768,716,390,812,737,639],"_links":{"self":[{"href":"https:\/\/zamanturkmenistan.com.tm\/index.php?rest_route=\/wp\/v2\/posts\/41788"}],"collection":[{"href":"https:\/\/zamanturkmenistan.com.tm\/index.php?rest_route=\/wp\/v2\/posts"}],"about":[{"href":"https:\/\/zamanturkmenistan.com.tm\/index.php?rest_route=\/wp\/v2\/types\/post"}],"author":[{"embeddable":true,"href":"https:\/\/zamanturkmenistan.com.tm\/index.php?rest_route=\/wp\/v2\/users\/2"}],"replies":[{"embeddable":true,"href":"https:\/\/zamanturkmenistan.com.tm\/index.php?rest_route=%2Fwp%2Fv2%2Fcomments&post=41788"}],"version-history":[{"count":0,"href":"https:\/\/zamanturkmenistan.com.tm\/index.php?rest_route=\/wp\/v2\/posts\/41788\/revisions"}],"wp:featuredmedia":[{"embeddable":true,"href":"https:\/\/zamanturkmenistan.com.tm\/index.php?rest_route=\/wp\/v2\/media\/41789"}],"wp:attachment":[{"href":"https:\/\/zamanturkmenistan.com.tm\/index.php?rest_route=%2Fwp%2Fv2%2Fmedia&parent=41788"}],"wp:term":[{"taxonomy":"category","embeddable":true,"href":"https:\/\/zamanturkmenistan.com.tm\/index.php?rest_route=%2Fwp%2Fv2%2Fcategories&post=41788"},{"taxonomy":"post_tag","embeddable":true,"href":"https:\/\/zamanturkmenistan.com.tm\/index.php?rest_route=%2Fwp%2Fv2%2Ftags&post=41788"}],"curies":[{"name":"wp","href":"https:\/\/api.w.org\/{rel}","templated":true}]}}