{"id":41810,"date":"2021-04-17T10:49:37","date_gmt":"2021-04-17T05:49:37","guid":{"rendered":"https:\/\/zamanturkmenistan.com.tm\/?p=41810"},"modified":"2021-04-17T10:49:37","modified_gmt":"2021-04-17T05:49:37","slug":"awazada-tomusky-dync-alys-ucin-sert-dorediler","status":"publish","type":"post","link":"https:\/\/zamanturkmenistan.com.tm\/?p=41810","title":{"rendered":"\u201cAwazada\u201d tomusky dyn\u00e7 aly\u015f \u00fc\u00e7in \u015fert d\u00f6rediler"},"content":{"rendered":"<p>16-njy aprelde hormatly Prezidentimiz Ministrler Kabinetini\u0148 sanly ulgam arkaly nobatdaky mejlisini ge\u00e7irdi. Onda d\u00f6wlet sy\u00fdasatyny\u0148 wajyp meselelerine hem-de birn\u00e4\u00e7e resminamalary\u0148 taslamalaryna garaldy.<\/p>\n<p>Mejlisde hormatly Prezidentimiz saglygy gora\u00fdy\u015f we derman senagaty ministri N.Amannepesowy sanly ulgam arkaly wideoaragatna\u015fyga \u00e7agyrdy. Ministr \u201cAwaza\u201d milli sy\u00fdahat\u00e7ylyk zolagynda T\u00fcrkmenistany\u0148 Keselleri\u0148 \u00fda\u00fdramagyna gar\u015fy g\u00f6re\u015f\u00fd\u00e4n adatdan da\u015fary toparyny\u0148 ge\u00e7iren mejlisini\u0148 netijeleri barada hasabat berdi hem-de ra\u00fdatlarymyzy\u0148 \u015fu \u00fdyly\u0148 tomus d\u00f6wr\u00fcnd\u00e4ki dyn\u00e7 al\u015fy \u00fc\u00e7in \u015fert d\u00f6retmek bo\u00fdun\u00e7a teklipleri\u0148 birn\u00e4\u00e7esini d\u00f6wlet Ba\u015ftutanymyzy\u0148 garamagyna h\u00f6d\u00fcrledi.<\/p>\n<p>T\u00fcrkmenistany\u0148 Keselleri\u0148 \u00fda\u00fdramagyna gar\u015fy g\u00f6re\u015f\u00fd\u00e4n adatdan da\u015fary topary ra\u00fdatlarymyzy\u0148 \u015fu \u00fdyly\u0148 tomus d\u00f6wr\u00fcnde dyn\u00e7 al\u015fy \u00fc\u00e7in \u015fert d\u00f6retmek, ilaty\u0148 saglygyny berkitmek ugrunda zerur i\u015fleri alyp bar\u00fdar. \u201cAwaza\u201d milli sy\u00fdahat\u00e7ylyk zolagyndaky dyn\u00e7 aly\u015f-sagaldy\u015f merkezlerini\u0148, \u00fdurdumyzy\u0148 \u015fypahanalaryny\u0148 hem-de \u00e7agalary\u0148 sagaldy\u015f we dyn\u00e7 aly\u015f merkezlerini\u0148 i\u015fini guramagy\u0148 meseleleri \u00f6wrenil\u00fd\u00e4r. Bu meseleleri ara alyp maslahatla\u015fmak maksady bilen, 13-nji aprelde Balkan wela\u00fdatyna i\u015f sapary guraldy.<\/p>\n<p>Topary\u0148 mejlisini\u0148 netijeleri bo\u00fdun\u00e7a \u201cAwaza\u201d milli sy\u00fdahat\u00e7ylyk zolagynda dyn\u00e7 aly\u015f m\u00f6ws\u00fcmini\u0148 m\u00f6hleti \u015fu \u00fdyly\u0148 1-nji i\u00fduny \u2014 15-nji sent\u00fdabry aralygy di\u00fdlip kesgitlenildi, \u015fol aralykda myhmanhanalary\u0148 we kottejleri\u0148 umumy me\u00fddanyny\u0148 \u00fdarysyny pe\u00fddalanmak teklip edil\u00fd\u00e4r.<\/p>\n<p>Dyn\u00e7 aly\u015f m\u00f6ws\u00fcminde \u00fd\u00fcze \u00e7yk\u00fdan meseleleri dessin \u00e7\u00f6zmek \u00fc\u00e7in Dolandyry\u015f merkezini d\u00f6retmek, degi\u015fli ministrliklere we pudakla\u00fdyn dolandyry\u015f edaralaryna ilaty\u0148 \u201cAwaza\u201d milli sy\u00fdahat\u00e7ylyk zolagyna gurama\u00e7ylykly gelip-gitmeklerini \u00fcpj\u00fcn etmek bilen bagly meseleleri \u00f6wrenmek, Hazar de\u0148zini\u0148 t\u00fcrkmen kenaryny\u0148 bellenen nokatlaryndan suwu\u0148, howany\u0148 we topragy\u0148 barlaglaryny me\u00fdilnamala\u00fdyn ge\u00e7irmek hem-de barlaglary\u0148 netijeleri bo\u00fdun\u00e7a hasabatlary topary\u0148 mejlislerinde yzygiderli di\u0148lemek teklip edil\u00fd\u00e4r.<\/p>\n<p><strong>\u00c7agalar dyn\u00e7 aly\u015f-sagaldy\u015f merkezlerinde tomusky dyn\u00e7 aly\u015f<\/strong><\/p>\n<p>Mundan ba\u015fga-da \u201cAwaza\u201d milli sy\u00fdahat\u00e7ylyk zolagyndaky, G\u00f6kdered\u00e4ki hem-de wela\u00fdatlardaky \u00e7agalar dyn\u00e7 aly\u015f-sagaldy\u015f merkezlerinde tomusky dyn\u00e7 al\u015fy 2-nji i\u00fdun \u2014 26-njy awgust aralygy di\u00fdip kesgitlemek teklip edil\u00fd\u00e4r.<\/p>\n<p>Saglygy gora\u00fdy\u015f we derman senagaty ministri teklipleri milli Liderimizi\u0148 garamagyna h\u00f6d\u00fcrl\u00e4p, ra\u00fdatlarymyzy\u0148 saglygyny berkitmek we olary\u0148 kesele durnuklylygyny \u00fdokarlandyrmak bo\u00fdun\u00e7a \u00f6\u0148de go\u00fdlan wezipeleri \u00fderine \u00fdetirmek \u00fc\u00e7in \u00e4hli \u00e7\u00e4releri\u0148 g\u00f6r\u00fcljekdigine ynandyrdy.<\/p>\n<p>Hormatly Prezidentimiz hasabaty di\u0148l\u00e4p, \u00abAwaza\u00bb milli sy\u00fdahat\u00e7ylyk zolagyndaky sagaldy\u015f toplumlaryny tomusky dyn\u00e7 aly\u015f m\u00f6ws\u00fcmine doly ta\u00fd\u00fdarlamagy\u0148 m\u00f6h\u00fcmdigini belledi. Koronawirusa gar\u015fy sanjym alanlar arka\u00fdyn dyn\u00e7 alyp bilerler. \u015ee\u00fdle hem \u00fdurdumyzy\u0148 \u015f\u00e4herlerinde we wela\u00fdatlarynda \u00e7agalar dyn\u00e7 aly\u015f merkezleri degi\u015fli derejede m\u00f6ws\u00fcme ta\u00fd\u00fdarlanylmalydyr. Olary\u0148 i\u015fg\u00e4rleri koronawirus \u00fdokanjyna gar\u015fy sanjym almalydyr.<\/p>\n<p>Milli Liderimiz degi\u015fli \u00fdolba\u015f\u00e7ylara dyn\u00e7 aly\u015f \u00fderlerine ulaglary\u0148 gatnawlaryny \u00fdola go\u00fdmagy, myhmanhanalary we \u00e7agalar sagaldy\u015f merkezlerini azyk \u00f6n\u00fcmleri bilen \u00fcpj\u00fcn etmegi, adamlary\u0148 dyn\u00e7 aly\u015f wagtyny gyzykly ge\u00e7irmek \u00fc\u00e7in konsertleri we be\u00fdleki medeni \u00e7\u00e4releri guramak bo\u00fdun\u00e7a i\u015fleri ge\u00e7irmegi tab\u015fyrdy.<\/p>\n<p>&nbsp;<\/p>\n","protected":false},"excerpt":{"rendered":"<p>16-njy aprelde hormatly Prezidentimiz Ministrler Kabinetini\u0148 sanly ulgam arkaly nobatdaky mejlisini ge\u00e7irdi. Onda d\u00f6wlet sy\u00fdasatyny\u0148 wajyp meselelerine hem-de birn\u00e4\u00e7e resminamalary\u0148 taslamalaryna garaldy. Mejlisde hormatly Prezidentimiz saglygy gora\u00fdy\u015f we derman senagaty ministri N.Amannepesowy sanly ulgam arkaly wideoaragatna\u015fyga \u00e7agyrdy. Ministr \u201cAwaza\u201d milli sy\u00fdahat\u00e7ylyk zolagynda T\u00fcrkmenistany\u0148 Keselleri\u0148 \u00fda\u00fdramagyna gar\u015fy g\u00f6re\u015f\u00fd\u00e4n adatdan da\u015fary toparyny\u0148 ge\u00e7iren mejlisini\u0148 netijeleri barada hasabat [&hellip;]<\/p>\n","protected":false},"author":2,"featured_media":41811,"comment_status":"open","ping_status":"closed","sticky":false,"template":"","format":"standard","meta":{"footnotes":""},"categories":[3],"tags":[],"acf":[],"_links":{"self":[{"href":"https:\/\/zamanturkmenistan.com.tm\/index.php?rest_route=\/wp\/v2\/posts\/41810"}],"collection":[{"href":"https:\/\/zamanturkmenistan.com.tm\/index.php?rest_route=\/wp\/v2\/posts"}],"about":[{"href":"https:\/\/zamanturkmenistan.com.tm\/index.php?rest_route=\/wp\/v2\/types\/post"}],"author":[{"embeddable":true,"href":"https:\/\/zamanturkmenistan.com.tm\/index.php?rest_route=\/wp\/v2\/users\/2"}],"replies":[{"embeddable":true,"href":"https:\/\/zamanturkmenistan.com.tm\/index.php?rest_route=%2Fwp%2Fv2%2Fcomments&post=41810"}],"version-history":[{"count":0,"href":"https:\/\/zamanturkmenistan.com.tm\/index.php?rest_route=\/wp\/v2\/posts\/41810\/revisions"}],"wp:featuredmedia":[{"embeddable":true,"href":"https:\/\/zamanturkmenistan.com.tm\/index.php?rest_route=\/wp\/v2\/media\/41811"}],"wp:attachment":[{"href":"https:\/\/zamanturkmenistan.com.tm\/index.php?rest_route=%2Fwp%2Fv2%2Fmedia&parent=41810"}],"wp:term":[{"taxonomy":"category","embeddable":true,"href":"https:\/\/zamanturkmenistan.com.tm\/index.php?rest_route=%2Fwp%2Fv2%2Fcategories&post=41810"},{"taxonomy":"post_tag","embeddable":true,"href":"https:\/\/zamanturkmenistan.com.tm\/index.php?rest_route=%2Fwp%2Fv2%2Ftags&post=41810"}],"curies":[{"name":"wp","href":"https:\/\/api.w.org\/{rel}","templated":true}]}}