{"id":41965,"date":"2021-04-22T11:24:31","date_gmt":"2021-04-22T06:24:31","guid":{"rendered":"https:\/\/zamanturkmenistan.com.tm\/?p=41965"},"modified":"2021-04-22T11:24:31","modified_gmt":"2021-04-22T06:24:31","slug":"afrikadaky-ilkinji-edarasyny-acdy","status":"publish","type":"post","link":"https:\/\/zamanturkmenistan.com.tm\/?p=41965","title":{"rendered":"Afrikadaky ilkinji edarasyny a\u00e7dy"},"content":{"rendered":"<p>\u201cTwitter\u201d kompani\u00fdasyny\u0148 \u00fdolba\u015f\u00e7ysy Jek Dorsi Afrikadaky ilkinji ofisini Ganada a\u00e7andyklaryny m\u00e4lim etdi. Jemgy\u00fdet\u00e7ilik toruny bu edarasy \u00fc\u00e7in, ilkinji nobatda, 11 i\u015f ornu\u0148 d\u00f6rediljekdigi bellenildi. Bilermenler Ganada m\u00fc\u015fderilere interneti\u0148 \u00fdokary tizligini\u0148 h\u00f6d\u00fcrlen\u00fd\u00e4ndigini, \u015fol seb\u00e4pli bu \u00fdurdu\u0148 sa\u00fdlanandygyny belle\u00fd\u00e4rler. \u201cTwitter\u201d-i esaslandyran Jek Dorsi 2019-njy \u00fdylda Nigeri\u00fda, Gana, Efiopi\u00fda we G\u00fcnorta Afrika Respublikasy \u00fdurtlarynda i\u015f saparynda bolupdy.<\/p>\n","protected":false},"excerpt":{"rendered":"<p>\u201cTwitter\u201d kompani\u00fdasyny\u0148 \u00fdolba\u015f\u00e7ysy Jek Dorsi Afrikadaky ilkinji ofisini Ganada a\u00e7andyklaryny m\u00e4lim etdi. Jemgy\u00fdet\u00e7ilik toruny bu edarasy \u00fc\u00e7in, ilkinji nobatda, 11 i\u015f ornu\u0148 d\u00f6rediljekdigi bellenildi. Bilermenler Ganada m\u00fc\u015fderilere interneti\u0148 \u00fdokary tizligini\u0148 h\u00f6d\u00fcrlen\u00fd\u00e4ndigini, \u015fol seb\u00e4pli bu \u00fdurdu\u0148 sa\u00fdlanandygyny belle\u00fd\u00e4rler. \u201cTwitter\u201d-i esaslandyran Jek Dorsi 2019-njy \u00fdylda Nigeri\u00fda, Gana, Efiopi\u00fda we G\u00fcnorta Afrika Respublikasy \u00fdurtlarynda i\u015f saparynda bolupdy.<\/p>\n","protected":false},"author":2,"featured_media":41966,"comment_status":"open","ping_status":"closed","sticky":false,"template":"","format":"standard","meta":{"footnotes":""},"categories":[8],"tags":[],"acf":[],"_links":{"self":[{"href":"https:\/\/zamanturkmenistan.com.tm\/index.php?rest_route=\/wp\/v2\/posts\/41965"}],"collection":[{"href":"https:\/\/zamanturkmenistan.com.tm\/index.php?rest_route=\/wp\/v2\/posts"}],"about":[{"href":"https:\/\/zamanturkmenistan.com.tm\/index.php?rest_route=\/wp\/v2\/types\/post"}],"author":[{"embeddable":true,"href":"https:\/\/zamanturkmenistan.com.tm\/index.php?rest_route=\/wp\/v2\/users\/2"}],"replies":[{"embeddable":true,"href":"https:\/\/zamanturkmenistan.com.tm\/index.php?rest_route=%2Fwp%2Fv2%2Fcomments&post=41965"}],"version-history":[{"count":0,"href":"https:\/\/zamanturkmenistan.com.tm\/index.php?rest_route=\/wp\/v2\/posts\/41965\/revisions"}],"wp:featuredmedia":[{"embeddable":true,"href":"https:\/\/zamanturkmenistan.com.tm\/index.php?rest_route=\/wp\/v2\/media\/41966"}],"wp:attachment":[{"href":"https:\/\/zamanturkmenistan.com.tm\/index.php?rest_route=%2Fwp%2Fv2%2Fmedia&parent=41965"}],"wp:term":[{"taxonomy":"category","embeddable":true,"href":"https:\/\/zamanturkmenistan.com.tm\/index.php?rest_route=%2Fwp%2Fv2%2Fcategories&post=41965"},{"taxonomy":"post_tag","embeddable":true,"href":"https:\/\/zamanturkmenistan.com.tm\/index.php?rest_route=%2Fwp%2Fv2%2Ftags&post=41965"}],"curies":[{"name":"wp","href":"https:\/\/api.w.org\/{rel}","templated":true}]}}