{"id":41974,"date":"2021-04-22T15:17:50","date_gmt":"2021-04-22T10:17:50","guid":{"rendered":"https:\/\/zamanturkmenistan.com.tm\/?p=41974"},"modified":"2021-04-22T15:17:50","modified_gmt":"2021-04-22T10:17:50","slug":"yasyllar-partiyasynyn-ilkinji-dalasgari","status":"publish","type":"post","link":"https:\/\/zamanturkmenistan.com.tm\/?p=41974","title":{"rendered":"\u00ab\u00dda\u00ad\u015fyl\u00adlar\u00bb par\u00adti\u00ad\u00fda\u00adsy\u00adny\u0148 ilkinji da\u00adla\u015f\u00adg\u00e4\u00adri"},"content":{"rendered":"<p>Ger\u00adma\u00adni\u00ad\u00fda\u00adny\u0148 \u00ab\u00dda\u00ad\u015fyl\u00adlar\u00bb par\u00adti\u00ad\u00fda\u00adsy \u00fdur\u00addu\u0148 fe\u00adde\u00adral kans\u00adle\u00adri we\u00adzi\u00adpe\u00adsi\u00adne da\u00adla\u015f\u00adg\u00e4r h\u00f6\u00add\u00fcr\u00adle\u00addi. Par\u00adti\u00ad\u00fda\u00adny\u0148 \u00fdol\u00adba\u015f\u00ad\u00e7y\u00adsy An\u00adna\u00adle\u00adna Ba\u00ader\u00adbo\u00adk fe\u00adde\u00adral sa\u00fd\u00adlaw\u00adlar\u00adda kans\u00adler we\u00adzi\u00adpe\u00adsi\u00adne da\u00adla\u015f\u00adg\u00e4r g\u00f6r\u00adkez\u00adiler. So\u0148\u00adky ka\u00adrar i\u00fdun a\u00fdyn\u00adda ge\u00ad\u00e7i\u00adril\u00adjek par\u00adti\u00ad\u00fda kong\u00adre\u00adsin\u00adde ka\u00adbul edil\u00ad\u00fd\u00e4n hem bol\u00adsa, bu da\u00adla\u015f\u00adg\u00e4\u00adri\u0148 tas\u00adsyk\u00adlan\u00adma\u00adgy\u00adna ga\u00adra\u00ad\u015fyl\u00ad\u00fdar. An\u00adne\u00adle\u00adna Ba\u00ader\u00adbok 2018-nji \u00fdyl\u00addan b\u00e4\u00adri par\u00adti\u00ad\u00fda \u00fdol\u00adba\u015f\u00ad\u00e7y\u00adlyk ed\u00ad\u00fd\u00e4r. T\u00e4\u00adze h\u00f6\u00adk\u00fc\u00adme\u00adti\u0148 d\u00f6\u00adre\u00adme\u00adgi\u00adne ge\u00adtir\u00adjek Bun\u00addes\u00adta\u00adga (Par\u00adla\u00adment) sa\u00fd\u00adlaw\u00adlar \u015fu \u00fdy\u00adly\u0148 26-njy sent\u00ad\u00fdab\u00adryn\u00adda ge\u00ad\u00e7i\u00adri\u00adler.<\/p>\n","protected":false},"excerpt":{"rendered":"<p>Ger\u00adma\u00adni\u00ad\u00fda\u00adny\u0148 \u00ab\u00dda\u00ad\u015fyl\u00adlar\u00bb par\u00adti\u00ad\u00fda\u00adsy \u00fdur\u00addu\u0148 fe\u00adde\u00adral kans\u00adle\u00adri we\u00adzi\u00adpe\u00adsi\u00adne da\u00adla\u015f\u00adg\u00e4r h\u00f6\u00add\u00fcr\u00adle\u00addi. Par\u00adti\u00ad\u00fda\u00adny\u0148 \u00fdol\u00adba\u015f\u00ad\u00e7y\u00adsy An\u00adna\u00adle\u00adna Ba\u00ader\u00adbo\u00adk fe\u00adde\u00adral sa\u00fd\u00adlaw\u00adlar\u00adda kans\u00adler we\u00adzi\u00adpe\u00adsi\u00adne da\u00adla\u015f\u00adg\u00e4r g\u00f6r\u00adkez\u00adiler. So\u0148\u00adky ka\u00adrar i\u00fdun a\u00fdyn\u00adda ge\u00ad\u00e7i\u00adril\u00adjek par\u00adti\u00ad\u00fda kong\u00adre\u00adsin\u00adde ka\u00adbul edil\u00ad\u00fd\u00e4n hem bol\u00adsa, bu da\u00adla\u015f\u00adg\u00e4\u00adri\u0148 tas\u00adsyk\u00adlan\u00adma\u00adgy\u00adna ga\u00adra\u00ad\u015fyl\u00ad\u00fdar. An\u00adne\u00adle\u00adna Ba\u00ader\u00adbok 2018-nji \u00fdyl\u00addan b\u00e4\u00adri par\u00adti\u00ad\u00fda \u00fdol\u00adba\u015f\u00ad\u00e7y\u00adlyk ed\u00ad\u00fd\u00e4r. T\u00e4\u00adze h\u00f6\u00adk\u00fc\u00adme\u00adti\u0148 d\u00f6\u00adre\u00adme\u00adgi\u00adne ge\u00adtir\u00adjek Bun\u00addes\u00adta\u00adga (Par\u00adla\u00adment) sa\u00fd\u00adlaw\u00adlar \u015fu \u00fdy\u00adly\u0148 26-njy sent\u00ad\u00fdab\u00adryn\u00adda ge\u00ad\u00e7i\u00adri\u00adler.<\/p>\n","protected":false},"author":2,"featured_media":41975,"comment_status":"open","ping_status":"closed","sticky":false,"template":"","format":"standard","meta":{"footnotes":""},"categories":[5],"tags":[],"acf":[],"_links":{"self":[{"href":"https:\/\/zamanturkmenistan.com.tm\/index.php?rest_route=\/wp\/v2\/posts\/41974"}],"collection":[{"href":"https:\/\/zamanturkmenistan.com.tm\/index.php?rest_route=\/wp\/v2\/posts"}],"about":[{"href":"https:\/\/zamanturkmenistan.com.tm\/index.php?rest_route=\/wp\/v2\/types\/post"}],"author":[{"embeddable":true,"href":"https:\/\/zamanturkmenistan.com.tm\/index.php?rest_route=\/wp\/v2\/users\/2"}],"replies":[{"embeddable":true,"href":"https:\/\/zamanturkmenistan.com.tm\/index.php?rest_route=%2Fwp%2Fv2%2Fcomments&post=41974"}],"version-history":[{"count":0,"href":"https:\/\/zamanturkmenistan.com.tm\/index.php?rest_route=\/wp\/v2\/posts\/41974\/revisions"}],"wp:featuredmedia":[{"embeddable":true,"href":"https:\/\/zamanturkmenistan.com.tm\/index.php?rest_route=\/wp\/v2\/media\/41975"}],"wp:attachment":[{"href":"https:\/\/zamanturkmenistan.com.tm\/index.php?rest_route=%2Fwp%2Fv2%2Fmedia&parent=41974"}],"wp:term":[{"taxonomy":"category","embeddable":true,"href":"https:\/\/zamanturkmenistan.com.tm\/index.php?rest_route=%2Fwp%2Fv2%2Fcategories&post=41974"},{"taxonomy":"post_tag","embeddable":true,"href":"https:\/\/zamanturkmenistan.com.tm\/index.php?rest_route=%2Fwp%2Fv2%2Ftags&post=41974"}],"curies":[{"name":"wp","href":"https:\/\/api.w.org\/{rel}","templated":true}]}}