{"id":41990,"date":"2021-04-22T15:32:00","date_gmt":"2021-04-22T10:32:00","guid":{"rendered":"https:\/\/zamanturkmenistan.com.tm\/?p=41990"},"modified":"2021-04-22T15:32:00","modified_gmt":"2021-04-22T10:32:00","slug":"taze-demir-yol-ugry-acylyar","status":"publish","type":"post","link":"https:\/\/zamanturkmenistan.com.tm\/?p=41990","title":{"rendered":"T\u00e4\u00adze de\u00admir \u00fdol ug\u00adry a\u00e7yl\u00ad\u00fdar"},"content":{"rendered":"<p>\u00c7e\u00adhi\u00ad\u00fda\u00adny\u0148, Ger\u00adma\u00adni\u00ad\u00fda\u00adny\u0148, Bel\u00adgi\u00ad\u00fda\u00adny\u0148 we Ni\u00adder\u00adland\u00adla\u00adry\u0148 pa\u00fd\u00adtagt\u00adla\u00adry\u00adny bir\u00adle\u015f\u00addir\u00ad\u00fd\u00e4n t\u00e4\u00adze gi\u00adje\u00adki ot\u00adly \u015fu \u00fdy\u00adly\u0148 ahy\u00adryn\u00adda il\u00adkin\u00adji sy\u00ad\u00fda\u00adha\u00adty\u00adna \u00e7y\u00adkar. T\u00e4\u00adze ugur\u00adda iki \u00fdurt\u00addan ulag kom\u00adpa\u00adni\u00ad\u00fda\u00adla\u00adry \u2013 \u00c7eh\u00adle\u00adri\u0148 \u00abRe\u00adgio\u00adJet\u00bb we Ni\u00adder\u00adland\u00adla\u00adry\u0148 \u00abEu\u00adro\u00adpe\u00adan Slee\u00adper\u00bb bo\u00adlar. Ot\u00adlu\u00adlar ag\u00ad\u015fam Pra\u00adga\u00addan ug\u00adrap, ir\u00adden Br\u00fdus\u00adsel\u00adde bo\u00adlar. \u015eol g\u00fcn ag\u00ad\u015fam ot\u00adly \u00c7e\u00adhi\u00ad\u00fda ugur alar. Gi\u00adje\u00adki ot\u00adlu\u00adlar, esa\u00adsan hem, i\u015fe\u00adw\u00fcr sy\u00ad\u00fda\u00adhat\u00ad\u00e7y\u00adlar we \u00ddB-ni\u0148 d\u00fcr\u00adli gur\u00adlu\u015f\u00adla\u00adry\u00adny\u0148 i\u015f\u00adg\u00e4r\u00adle\u00adri ta\u00adra\u00adpyn\u00addan ula\u00adny\u00adlar di\u00fd\u00adlip ga\u00adra\u00ad\u015fyl\u00ad\u00fdar.<\/p>\n","protected":false},"excerpt":{"rendered":"<p>\u00c7e\u00adhi\u00ad\u00fda\u00adny\u0148, Ger\u00adma\u00adni\u00ad\u00fda\u00adny\u0148, Bel\u00adgi\u00ad\u00fda\u00adny\u0148 we Ni\u00adder\u00adland\u00adla\u00adry\u0148 pa\u00fd\u00adtagt\u00adla\u00adry\u00adny bir\u00adle\u015f\u00addir\u00ad\u00fd\u00e4n t\u00e4\u00adze gi\u00adje\u00adki ot\u00adly \u015fu \u00fdy\u00adly\u0148 ahy\u00adryn\u00adda il\u00adkin\u00adji sy\u00ad\u00fda\u00adha\u00adty\u00adna \u00e7y\u00adkar. T\u00e4\u00adze ugur\u00adda iki \u00fdurt\u00addan ulag kom\u00adpa\u00adni\u00ad\u00fda\u00adla\u00adry \u2013 \u00c7eh\u00adle\u00adri\u0148 \u00abRe\u00adgio\u00adJet\u00bb we Ni\u00adder\u00adland\u00adla\u00adry\u0148 \u00abEu\u00adro\u00adpe\u00adan Slee\u00adper\u00bb bo\u00adlar. Ot\u00adlu\u00adlar ag\u00ad\u015fam Pra\u00adga\u00addan ug\u00adrap, ir\u00adden Br\u00fdus\u00adsel\u00adde bo\u00adlar. \u015eol g\u00fcn ag\u00ad\u015fam ot\u00adly \u00c7e\u00adhi\u00ad\u00fda ugur alar. Gi\u00adje\u00adki ot\u00adlu\u00adlar, esa\u00adsan hem, i\u015fe\u00adw\u00fcr sy\u00ad\u00fda\u00adhat\u00ad\u00e7y\u00adlar we \u00ddB-ni\u0148 d\u00fcr\u00adli gur\u00adlu\u015f\u00adla\u00adry\u00adny\u0148 i\u015f\u00adg\u00e4r\u00adle\u00adri [&hellip;]<\/p>\n","protected":false},"author":2,"featured_media":41991,"comment_status":"open","ping_status":"closed","sticky":false,"template":"","format":"standard","meta":{"footnotes":""},"categories":[5],"tags":[],"acf":[],"_links":{"self":[{"href":"https:\/\/zamanturkmenistan.com.tm\/index.php?rest_route=\/wp\/v2\/posts\/41990"}],"collection":[{"href":"https:\/\/zamanturkmenistan.com.tm\/index.php?rest_route=\/wp\/v2\/posts"}],"about":[{"href":"https:\/\/zamanturkmenistan.com.tm\/index.php?rest_route=\/wp\/v2\/types\/post"}],"author":[{"embeddable":true,"href":"https:\/\/zamanturkmenistan.com.tm\/index.php?rest_route=\/wp\/v2\/users\/2"}],"replies":[{"embeddable":true,"href":"https:\/\/zamanturkmenistan.com.tm\/index.php?rest_route=%2Fwp%2Fv2%2Fcomments&post=41990"}],"version-history":[{"count":0,"href":"https:\/\/zamanturkmenistan.com.tm\/index.php?rest_route=\/wp\/v2\/posts\/41990\/revisions"}],"wp:featuredmedia":[{"embeddable":true,"href":"https:\/\/zamanturkmenistan.com.tm\/index.php?rest_route=\/wp\/v2\/media\/41991"}],"wp:attachment":[{"href":"https:\/\/zamanturkmenistan.com.tm\/index.php?rest_route=%2Fwp%2Fv2%2Fmedia&parent=41990"}],"wp:term":[{"taxonomy":"category","embeddable":true,"href":"https:\/\/zamanturkmenistan.com.tm\/index.php?rest_route=%2Fwp%2Fv2%2Fcategories&post=41990"},{"taxonomy":"post_tag","embeddable":true,"href":"https:\/\/zamanturkmenistan.com.tm\/index.php?rest_route=%2Fwp%2Fv2%2Ftags&post=41990"}],"curies":[{"name":"wp","href":"https:\/\/api.w.org\/{rel}","templated":true}]}}