{"id":42117,"date":"2021-04-23T18:37:51","date_gmt":"2021-04-23T13:37:51","guid":{"rendered":"https:\/\/zamanturkmenistan.com.tm\/?p=42117"},"modified":"2021-05-14T14:19:31","modified_gmt":"2021-05-14T09:19:31","slug":"yewropa-cempionatynda-argentinaly-emin","status":"publish","type":"post","link":"https:\/\/zamanturkmenistan.com.tm\/?p=42117","title":{"rendered":"\u00ddewropa \u00e7empionatynda argentinaly emin"},"content":{"rendered":"<p>UEFA \u00fdene-de ba\u015flanmagyna 50 g\u00fcndenem az wagt galan 16-njy \u00ddewropa \u00e7empionatynda j\u00fcrlew\u00fck \u00e7aljak eminleri\u0148 hem-de olary\u0148 k\u00f6mek\u00e7ilerini\u0148 sanawyny m\u00e4lim etdi. Bu \u00fdary\u015f Bryh, \u00c7akyr hem-de Kuipersi\u0148 bassyr 3-nji gezek eminlik etjek \u00a0\u00ddewropa \u00e7empionaty bolar. 19 sany ba\u015f emini\u0148 arasynda Argentinadan hem emin bolup, Fernando Rapallini G\u00fcnorta Amerikadan \u00ddewropa \u00e7empionatlarynda eminlik etjek ilkinji emin bolar. \u00dderi gelende a\u00fdtsak, ispani\u00fdaly Hesus \u017dil Manzano hem i\u00fdun-i\u00fdul a\u00fdlarynda ge\u00e7irilen Kopa Amerikada j\u00fcrlew\u00fck \u00e7alar.<\/p>\n<p>Bulardan ba\u015fga-da 22 sany VAR otagy eminleri hem-de go\u015fma\u00e7a 6 sany emin hem sanawa alyndy. \u015eol go\u015fma\u00e7a eminleri\u0148 arasynda fransi\u00fdaly zenan ba\u015f emin Stefanie Frappar hem bar. \u00ddewropa \u00e7empionaty 11-nji i\u00fdun ba\u015flap, 11-nji i\u00fdulda-da tamamlanar.<\/p>\n<p><strong>Ba\u015f eminleri\u0148 sanawy<\/strong><\/p>\n<p>Feliks Bryh (Germani\u00fda)<\/p>\n<p>J\u00fcne\u00fdt \u00c7akyr (T\u00fcrki\u00fde)<\/p>\n<p>Karlos del Serro Grande (Ispani\u00fda)<\/p>\n<p>Andreas Ekberg (\u015ewesi\u00fda)<\/p>\n<p>Orel Grinfeld (Ysra\u00fdyl)<\/p>\n<p>Owidiu Hasegan (Rumyni\u00fda)<\/p>\n<p>Serge\u00fd Karas\u00fdow (Russi\u00fda)<\/p>\n<p>I\u015ftwan Kowa\u00e7 (Rumyni\u00fda)<\/p>\n<p>B\u00fd\u00f6rn Kuipers (Niderlandlar)<\/p>\n<p>Danni Makkelie (Niderlandlar)<\/p>\n<p>Antonio Mateu Lahoz (Ispani\u00fda)<\/p>\n<p>Ma\u00fdkl Oliwer (Angli\u00fda)<\/p>\n<p>Daniele Orsato (Itali\u00fda)<\/p>\n<p>Fernando Rapallini (Argentina)<\/p>\n<p>Daniel Sibert (Germani\u00fda)<\/p>\n<p>Artur Soares Dias (Portugali\u00fda)<\/p>\n<p>Entoni Te\u00fdlor (Angli\u00fda)<\/p>\n<p>Klemen Turpen (Fransi\u00fda)<\/p>\n<p>Slawko Win\u00e7i\u00e7 (Sloweni\u00fda)<\/p>\n","protected":false},"excerpt":{"rendered":"<p>UEFA \u00fdene-de ba\u015flanmagyna 50 g\u00fcndenem az wagt galan 16-njy \u00ddewropa \u00e7empionatynda j\u00fcrlew\u00fck \u00e7aljak eminleri\u0148 hem-de olary\u0148 k\u00f6mek\u00e7ilerini\u0148 sanawyny m\u00e4lim etdi. Bu \u00fdary\u015f Bryh, \u00c7akyr hem-de Kuipersi\u0148 bassyr 3-nji gezek eminlik etjek \u00a0\u00ddewropa \u00e7empionaty bolar. 19 sany ba\u015f emini\u0148 arasynda Argentinadan hem emin bolup, Fernando Rapallini G\u00fcnorta Amerikadan \u00ddewropa \u00e7empionatlarynda eminlik etjek ilkinji emin bolar. \u00dderi [&hellip;]<\/p>\n","protected":false},"author":2,"featured_media":42118,"comment_status":"open","ping_status":"closed","sticky":false,"template":"","format":"standard","meta":{"footnotes":""},"categories":[952,302],"tags":[396,881,880],"acf":[],"_links":{"self":[{"href":"https:\/\/zamanturkmenistan.com.tm\/index.php?rest_route=\/wp\/v2\/posts\/42117"}],"collection":[{"href":"https:\/\/zamanturkmenistan.com.tm\/index.php?rest_route=\/wp\/v2\/posts"}],"about":[{"href":"https:\/\/zamanturkmenistan.com.tm\/index.php?rest_route=\/wp\/v2\/types\/post"}],"author":[{"embeddable":true,"href":"https:\/\/zamanturkmenistan.com.tm\/index.php?rest_route=\/wp\/v2\/users\/2"}],"replies":[{"embeddable":true,"href":"https:\/\/zamanturkmenistan.com.tm\/index.php?rest_route=%2Fwp%2Fv2%2Fcomments&post=42117"}],"version-history":[{"count":0,"href":"https:\/\/zamanturkmenistan.com.tm\/index.php?rest_route=\/wp\/v2\/posts\/42117\/revisions"}],"wp:featuredmedia":[{"embeddable":true,"href":"https:\/\/zamanturkmenistan.com.tm\/index.php?rest_route=\/wp\/v2\/media\/42118"}],"wp:attachment":[{"href":"https:\/\/zamanturkmenistan.com.tm\/index.php?rest_route=%2Fwp%2Fv2%2Fmedia&parent=42117"}],"wp:term":[{"taxonomy":"category","embeddable":true,"href":"https:\/\/zamanturkmenistan.com.tm\/index.php?rest_route=%2Fwp%2Fv2%2Fcategories&post=42117"},{"taxonomy":"post_tag","embeddable":true,"href":"https:\/\/zamanturkmenistan.com.tm\/index.php?rest_route=%2Fwp%2Fv2%2Ftags&post=42117"}],"curies":[{"name":"wp","href":"https:\/\/api.w.org\/{rel}","templated":true}]}}