{"id":42159,"date":"2021-04-26T10:48:45","date_gmt":"2021-04-26T05:48:45","guid":{"rendered":"https:\/\/zamanturkmenistan.com.tm\/?p=42159"},"modified":"2021-04-26T10:48:45","modified_gmt":"2021-04-26T05:48:45","slug":"halkara-turkmen-alabay-itleri-assosiasiyasynyn-taze-duzumleyin-desgalary-acyldy","status":"publish","type":"post","link":"https:\/\/zamanturkmenistan.com.tm\/?p=42159","title":{"rendered":"Halkara \u201cT\u00fcrkmen alaba\u00fd itleri\u201d assosiasi\u00fdasyny\u0148 t\u00e4ze d\u00fcz\u00fcmle\u00fdin desgalary a\u00e7yldy"},"content":{"rendered":"<p>Pa\u00fdtagtymyzda Halkara \u201cT\u00fcrkmen alaba\u00fd itleri\u201d assosiasi\u00fdasyny\u0148 toplumyny\u0148 a\u00e7yly\u015f dabarasy boldy, \u015fe\u00fdle hem telek\u00f6pri arkaly Ahal wela\u00fdatyndaky Karantin merkezini\u0148, Balkan, Da\u015foguz, Lebap, Mary wela\u00fdatlarynda we A\u015fgabat \u015f\u00e4herinde gurlan merkezleri\u0148 \u2014 d\u00f6wlet Ba\u015ftutanymyzy\u0148 ba\u015flangyjy bilen gurlan t\u00fcrkmen alaba\u00fdyny\u0148 merkezlerini\u0148 a\u00e7yly\u015f dabaralary ge\u00e7irildi.<\/p>\n<p>\u015eanly waka mynasybetli toplumy\u0148 \u00f6\u0148\u00fcnd\u00e4ki me\u00fddan\u00e7ada \u00fdurdumyzy\u0148 sungat ussatlary jo\u015fgunly a\u00fddymdyr tanslar bilen \u00e7yky\u015f etdiler.<\/p>\n<p>Ministrler Kabinetini\u0148 Ba\u015flygyny\u0148 orunbasary, Halkara ahalteke at\u00e7ylyk assosiasi\u00fdasyny\u0148 hem-de Halkara \u201cT\u00fcrkmen alaba\u00fd itleri\u201d assosiasi\u00fdasyny\u0148 \u00fdolba\u015f\u00e7ysy Serdar Berdimuhamedow dabaraly \u00fdagda\u00fdda to\u00fd bagyny kesip, desgany a\u00e7dy.<\/p>\n<p><img decoding=\"async\" loading=\"lazy\" class=\"alignnone  wp-image-42161\" src=\"https:\/\/zamanturkmenistan.com.tm\/wp-content\/uploads\/2021\/04\/alabey-certificat-300x206.jpg\" alt=\"\" width=\"626\" height=\"430\" srcset=\"https:\/\/zamanturkmenistan.com.tm\/wp-content\/uploads\/2021\/04\/alabey-certificat-300x206.jpg 300w, https:\/\/zamanturkmenistan.com.tm\/wp-content\/uploads\/2021\/04\/alabey-certificat-768x526.jpg 768w, https:\/\/zamanturkmenistan.com.tm\/wp-content\/uploads\/2021\/04\/alabey-certificat-1024x701.jpg 1024w, https:\/\/zamanturkmenistan.com.tm\/wp-content\/uploads\/2021\/04\/alabey-certificat-100x70.jpg 100w, https:\/\/zamanturkmenistan.com.tm\/wp-content\/uploads\/2021\/04\/alabey-certificat-218x150.jpg 218w, https:\/\/zamanturkmenistan.com.tm\/wp-content\/uploads\/2021\/04\/alabey-certificat-436x300.jpg 436w, https:\/\/zamanturkmenistan.com.tm\/wp-content\/uploads\/2021\/04\/alabey-certificat-696x477.jpg 696w, https:\/\/zamanturkmenistan.com.tm\/wp-content\/uploads\/2021\/04\/alabey-certificat-1068x732.jpg 1068w, https:\/\/zamanturkmenistan.com.tm\/wp-content\/uploads\/2021\/04\/alabey-certificat-613x420.jpg 613w, https:\/\/zamanturkmenistan.com.tm\/wp-content\/uploads\/2021\/04\/alabey-certificat.jpg 1200w\" sizes=\"(max-width: 626px) 100vw, 626px\" \/><\/p>\n<p>Ba\u00fdram\u00e7ylyk g\u00fcnlerinde Halkara \u201cT\u00fcrkmen alaba\u00fd itleri\u201d assosiasi\u00fdasyny\u0148 toplumyny\u0148 \u201cAlberk QA Academy\u201d halkara guramasy tarapyndan La\u00fdyklyk standartyna g\u00f6r\u00e4, Hil dolandyry\u015f ulgamyny hem-de Da\u015fky gur\u015fawy\u0148 dolandyry\u015f ulgamyny \u00fderine \u00fdetir\u00fd\u00e4n we berja\u00fd ed\u00fd\u00e4n edara h\u00f6km\u00fcnde bellige alnandygyny hem-de itleri \u00f6sd\u00fcrip \u00fdeti\u015fdirmek bo\u00fdun\u00e7a ISO 9001:2015 we ISO 14001:2015 talaplaryna la\u00fdyklykda, \u00fd\u00f6rite \u015fahadatnamalara mynasyp bolandygyny bellemek gerek.<\/p>\n<p>K\u00f6petdagy\u0148 etegini\u0148 g\u00f6zel k\u00fcnjeklerini\u0148 birinde gurlan toplumy\u0148 \u00e7\u00e4ginde dolandyry\u015f binasy, i\u015fg\u00e4rler \u00fc\u00e7in bina, barlag-go\u00fdberi\u015f nokady, dyn\u00e7 almak \u00fc\u00e7in \u00fder g\u00f6z \u00f6\u0148\u00fcnde tutuldy. \u015ee\u00fdle hem it \u00fdatagyny\u0148 hojalyk binalaryny\u0148 ikisi, her biri 20 orunlyk ithanalar, itleri naharlamak \u00fc\u00e7in k\u00f6mek\u00e7i ja\u00fdlar, weterinar gullugyny\u0148 b\u00f6l\u00fcmleri we izol\u00fdator \u00fc\u00e7in bina guruldy. Elbetde, itleri\u0148 saklan\u00fdan ja\u00fdlarynda arassa\u00e7ylygy\u0148 \u00e4hli \u00e7\u00e4releri berja\u00fd edildi.<\/p>\n<p>Bulardan ba\u015fga-da, itleri gezdirmek, \u015fe\u00fdle hem g\u00f6rkezme \u00e7yky\u015flary \u00fc\u00e7in 1 m\u00fc\u0148 orunlyk toma\u015fa\u00e7y m\u00fcnberi bolan \u00fd\u00f6rite me\u00fddan\u00e7a guruldy. Onu\u0148 gola\u00fdynda t\u00fcrgenle\u015fik me\u00fddan\u00e7asy bar, onda itlere ba\u015f \u00f6wretmek we t\u00e4lim bermek \u00fc\u00e7in ni\u00fdetlenen p\u00e4sgel\u00e7ilikler zolagy g\u00f6z \u00f6\u0148\u00fcnde tutuldy. Awtoulaglar \u00fc\u00e7in duralgalar, \u015fol sanda itleri da\u015famak \u00fc\u00e7in \u00fd\u00f6ritele\u015fdirilen awtoulaglara ni\u00fdetlenen duralgalar, tehniki we be\u00fdleki k\u00f6mek\u00e7i desgalar bar.<\/p>\n<p>Toplumy\u0148 wezipesine itleri\u0148 howpsuzlygyny we o\u0148a\u00fdly saklanylmagyny \u00fcpj\u00fcn etmek, onu\u0148 ga\u00e7mak \u00fda-da o\u0148a \u015fikes \u00fdetmek m\u00fcmkin\u00e7iligini\u0148 \u00f6\u0148\u00fcni almak, weterinar tarapyndan g\u00f6zeg\u00e7ilik etmek we degi\u015fli k\u00f6megi bermek, zerur bolan halatynda itleri \u00f6z wagtynda naharlamak, arassa howada gezdirmek, sanitari\u00fda-arassa\u00e7ylyk kadalaryny berja\u00fd etmek i\u015fleri gir\u00fd\u00e4r.<\/p>\n<p>Ahal wela\u00fdatyndaky Karantin merkezini\u0148 hem-de Balkan, Da\u015foguz, Lebap, Mary wela\u00fdatlarynda we A\u015fgabat \u015f\u00e4herinde gurlan tohum\u00e7ylyk merkezlerini\u0148 a\u00e7yly\u015f dabaralaryna gatna\u015fyjylary birle\u015fdiren telek\u00f6pri ge\u00e7irildi.<\/p>\n<p>&nbsp;<\/p>\n<p>&nbsp;<\/p>\n","protected":false},"excerpt":{"rendered":"<p>Pa\u00fdtagtymyzda Halkara \u201cT\u00fcrkmen alaba\u00fd itleri\u201d assosiasi\u00fdasyny\u0148 toplumyny\u0148 a\u00e7yly\u015f dabarasy boldy, \u015fe\u00fdle hem telek\u00f6pri arkaly Ahal wela\u00fdatyndaky Karantin merkezini\u0148, Balkan, Da\u015foguz, Lebap, Mary wela\u00fdatlarynda we A\u015fgabat \u015f\u00e4herinde gurlan merkezleri\u0148 \u2014 d\u00f6wlet Ba\u015ftutanymyzy\u0148 ba\u015flangyjy bilen gurlan t\u00fcrkmen alaba\u00fdyny\u0148 merkezlerini\u0148 a\u00e7yly\u015f dabaralary ge\u00e7irildi. \u015eanly waka mynasybetli toplumy\u0148 \u00f6\u0148\u00fcnd\u00e4ki me\u00fddan\u00e7ada \u00fdurdumyzy\u0148 sungat ussatlary jo\u015fgunly a\u00fddymdyr tanslar bilen \u00e7yky\u015f etdiler. [&hellip;]<\/p>\n","protected":false},"author":2,"featured_media":42160,"comment_status":"open","ping_status":"closed","sticky":false,"template":"","format":"standard","meta":{"footnotes":""},"categories":[3],"tags":[895,898,897,896],"acf":[],"_links":{"self":[{"href":"https:\/\/zamanturkmenistan.com.tm\/index.php?rest_route=\/wp\/v2\/posts\/42159"}],"collection":[{"href":"https:\/\/zamanturkmenistan.com.tm\/index.php?rest_route=\/wp\/v2\/posts"}],"about":[{"href":"https:\/\/zamanturkmenistan.com.tm\/index.php?rest_route=\/wp\/v2\/types\/post"}],"author":[{"embeddable":true,"href":"https:\/\/zamanturkmenistan.com.tm\/index.php?rest_route=\/wp\/v2\/users\/2"}],"replies":[{"embeddable":true,"href":"https:\/\/zamanturkmenistan.com.tm\/index.php?rest_route=%2Fwp%2Fv2%2Fcomments&post=42159"}],"version-history":[{"count":0,"href":"https:\/\/zamanturkmenistan.com.tm\/index.php?rest_route=\/wp\/v2\/posts\/42159\/revisions"}],"wp:featuredmedia":[{"embeddable":true,"href":"https:\/\/zamanturkmenistan.com.tm\/index.php?rest_route=\/wp\/v2\/media\/42160"}],"wp:attachment":[{"href":"https:\/\/zamanturkmenistan.com.tm\/index.php?rest_route=%2Fwp%2Fv2%2Fmedia&parent=42159"}],"wp:term":[{"taxonomy":"category","embeddable":true,"href":"https:\/\/zamanturkmenistan.com.tm\/index.php?rest_route=%2Fwp%2Fv2%2Fcategories&post=42159"},{"taxonomy":"post_tag","embeddable":true,"href":"https:\/\/zamanturkmenistan.com.tm\/index.php?rest_route=%2Fwp%2Fv2%2Ftags&post=42159"}],"curies":[{"name":"wp","href":"https:\/\/api.w.org\/{rel}","templated":true}]}}