{"id":42184,"date":"2021-04-24T15:08:40","date_gmt":"2021-04-24T10:08:40","guid":{"rendered":"https:\/\/zamanturkmenistan.com.tm\/?p=42184"},"modified":"2021-04-26T15:15:47","modified_gmt":"2021-04-26T10:15:47","slug":"24-nji-aprel-halkara-koptaraplylygyn-we-parahatcylyk-ucin-diplomatiyanyn-guni","status":"publish","type":"post","link":"https:\/\/zamanturkmenistan.com.tm\/?p=42184","title":{"rendered":"24-nji aprel &#8211; Halkara k\u00f6ptaraplylygy\u0148 we Parahat\u00e7ylyk \u00fc\u00e7in diplomati\u00fdany\u0148 g\u00fcni"},"content":{"rendered":"<p>Halkara k\u00f6ptaraplylygy\u0148 we Parahat\u00e7ylyk \u00fc\u00e7in diplomati\u00fdany\u0148 g\u00fcn\u00fcni bellemek karary, Birle\u015fen Milletler Guramasy tarapyndan 2018-nji \u00fdyly\u0148 12-nji dekabrynda kabul edildi. Birle\u015fen Milletler Guramasyny\u0148 tertipnamasyny\u0148 degi\u015fli mandatlary we d\u00fczg\u00fcnleri barada a\u00fddylanda, k\u00f6ptaraplylyga we diplomati\u00fda esaslan\u00fdan \u00e7emele\u015fme, guramany\u0148 i\u015fini\u0148 esasy \u00fc\u00e7 ugry \u2013 durnukly \u00f6s\u00fc\u015f, parahat\u00e7ylyk we howpsuzlyk, adam hukuklary bilen baglan\u015fykly bolan \u00f6s\u00fc\u015fe go\u015fant go\u015fmak bilen baglan\u015fyklydyr. So\u0148ky wagtlarda d\u00fcn\u00fd\u00e4 jemgy\u00fdet\u00e7iligini\u0148 alyp bar\u00fdan i\u015flerini\u0148 netijesinde halkara kadalar we hukuk ulgamlaryny\u0148 barha art\u00fdan meselelerini \u00e7\u00f6zm\u00e4ge \u00fdardam eder. Howany\u0148 \u00fc\u00fdtgemegi, geosy\u00fdasy dartgynlyk, gumanitar \u00fdaly global kyn\u00e7ylyklar k\u00f6p \u00fdurtlary\u0148 gymmatlyklaryna we b\u00e4hbitlerine t\u00e4sir ed\u00fd\u00e4r we k\u00f6p\u00e7\u00fclikle\u00fdin jogap berilmegini talap ed\u00fd\u00e4r. Mundan ba\u015fga-da, tehnologik \u00f6s\u00fc\u015f sy\u00fdasy, durmu\u015f-ykdysady \u00fdagda\u00fdlara we d\u00f6wletara gatna\u015fyklara-da \u00f6z\u00fcni\u0148 d\u00fc\u00fdpli t\u00e4sirini \u00fdetir\u00fd\u00e4r. Bu g\u00fcnki g\u00fcn, Birle\u015fen Milletler Guramasyny\u0148 tertipnamasyny\u0148 we onda g\u00f6z \u00f6\u0148\u00fcnde tutulan maksatlary\u0148 we \u00fd\u00f6relgeleri\u0148, ilkinji nobatda jedelleri parahat\u00e7ylyly \u00fdol bilen \u00e7\u00f6zmek we geljekki nesilleri uru\u015f howpundan halas etmek, \u015fe\u00fdle hem, k\u00f6ptaraplylygy\u0148 tassyklanmagy mynasybetli \u015fu senede bellenil\u00fd\u00e4r. Mundan ba\u015fga-da, Halkara g\u00fcni Birle\u015fen Milletler Guramasyny\u0148 gymmatlyklaryny wagyz etmek we D\u00fczg\u00fcnnamada g\u00f6rkezilen maksatlara we \u00fd\u00f6relgelere \u015fe\u00fdle-de halky\u0148 ynamyna girmek k\u00f6ptaraplylygy\u0148 we halkara hukugyny\u0148 \u00e4hmi\u00fdetini tassykla\u00fdar hem-de go\u015f\u00fdan go\u015fandy di\u00fdse\u0148 uludyr we diplomati\u00fda arkaly dowamly parahat\u00e7ylygy gurmagy\u0148 umumy maksadydyr. Birle\u015fen Milletler Guramasy diplomati\u00fda, gowy ofisler we ara\u00e7ylyk arkaly d\u00fc\u015f\u00fcni\u015fmezligi\u0148 \u00f6\u0148\u00fcni almakda m\u00f6h\u00fcm rol o\u00fdna\u00fdar. H\u00e4zirki d\u00f6w\u00fcrde kyn\u00e7ylyklar globalla\u015fdygy\u00e7a k\u00f6ptaraplylyk has uly \u00e4hmi\u00fdete e\u00fde bol\u00fdar. Birle\u015fen Milletler Guramasyna \u00e4hli agza d\u00f6wletler we syn\u00e7ylar, Birle\u015fen Milletler Guramasyny\u0148 edaralary we be\u00fdleki halkara we sebit guramalary \u015fe\u00fdle hem, jemgy\u00fdet\u00e7ilik guramalary we \u015fahsy\u00fdetler \u00fdaly ra\u00fdat jemgy\u00fdet\u00e7iligi, bu Halkara g\u00fcn\u00fcni \u00fderlikli belle\u00fd\u00e4r we bu g\u00fcn\u00fc\u0148 many-mazmunyny gi\u0148i\u015fle\u00fdin d\u00fc\u015f\u00fcndir\u00fd\u00e4rler. \u015eol sanda, bilim jemgy\u00fdet\u00e7iligini\u0148 habarlar we ge\u00e7iril\u00fd\u00e4n \u00e7\u00e4reler arkaly parahat\u00e7ylyk \u00fc\u00e7in k\u00f6ptaraplylygy\u0148 we diplomati\u00fdany\u0148 pe\u00fddalary barada gi\u0148i\u015fle\u00fdin wagyz ed\u00fd\u00e4rler.<\/p>\n<p style=\"text-align: right;\"><strong>A\u00fdsenem ATA\u00ddEWA,<\/strong><\/p>\n<p style=\"text-align: right;\"><strong>T\u00fcrkmenistany\u0148 Da\u015fary i\u015fler ministrligini\u0148 Halkara gatna\u015fyklary institutyny\u0148 talyby.<\/strong><\/p>\n","protected":false},"excerpt":{"rendered":"<p>Halkara k\u00f6ptaraplylygy\u0148 we Parahat\u00e7ylyk \u00fc\u00e7in diplomati\u00fdany\u0148 g\u00fcn\u00fcni bellemek karary, Birle\u015fen Milletler Guramasy tarapyndan 2018-nji \u00fdyly\u0148 12-nji dekabrynda kabul edildi. Birle\u015fen Milletler Guramasyny\u0148 tertipnamasyny\u0148 degi\u015fli mandatlary we d\u00fczg\u00fcnleri barada a\u00fddylanda, k\u00f6ptaraplylyga we diplomati\u00fda esaslan\u00fdan \u00e7emele\u015fme, guramany\u0148 i\u015fini\u0148 esasy \u00fc\u00e7 ugry \u2013 durnukly \u00f6s\u00fc\u015f, parahat\u00e7ylyk we howpsuzlyk, adam hukuklary bilen baglan\u015fykly bolan \u00f6s\u00fc\u015fe go\u015fant go\u015fmak bilen baglan\u015fyklydyr. [&hellip;]<\/p>\n","protected":false},"author":2,"featured_media":42187,"comment_status":"open","ping_status":"closed","sticky":false,"template":"","format":"standard","meta":{"footnotes":""},"categories":[5],"tags":[906],"acf":[],"_links":{"self":[{"href":"https:\/\/zamanturkmenistan.com.tm\/index.php?rest_route=\/wp\/v2\/posts\/42184"}],"collection":[{"href":"https:\/\/zamanturkmenistan.com.tm\/index.php?rest_route=\/wp\/v2\/posts"}],"about":[{"href":"https:\/\/zamanturkmenistan.com.tm\/index.php?rest_route=\/wp\/v2\/types\/post"}],"author":[{"embeddable":true,"href":"https:\/\/zamanturkmenistan.com.tm\/index.php?rest_route=\/wp\/v2\/users\/2"}],"replies":[{"embeddable":true,"href":"https:\/\/zamanturkmenistan.com.tm\/index.php?rest_route=%2Fwp%2Fv2%2Fcomments&post=42184"}],"version-history":[{"count":0,"href":"https:\/\/zamanturkmenistan.com.tm\/index.php?rest_route=\/wp\/v2\/posts\/42184\/revisions"}],"wp:featuredmedia":[{"embeddable":true,"href":"https:\/\/zamanturkmenistan.com.tm\/index.php?rest_route=\/wp\/v2\/media\/42187"}],"wp:attachment":[{"href":"https:\/\/zamanturkmenistan.com.tm\/index.php?rest_route=%2Fwp%2Fv2%2Fmedia&parent=42184"}],"wp:term":[{"taxonomy":"category","embeddable":true,"href":"https:\/\/zamanturkmenistan.com.tm\/index.php?rest_route=%2Fwp%2Fv2%2Fcategories&post=42184"},{"taxonomy":"post_tag","embeddable":true,"href":"https:\/\/zamanturkmenistan.com.tm\/index.php?rest_route=%2Fwp%2Fv2%2Ftags&post=42184"}],"curies":[{"name":"wp","href":"https:\/\/api.w.org\/{rel}","templated":true}]}}