{"id":42192,"date":"2021-04-26T18:14:35","date_gmt":"2021-04-26T13:14:35","guid":{"rendered":"https:\/\/zamanturkmenistan.com.tm\/?p=42192"},"modified":"2021-04-26T18:14:35","modified_gmt":"2021-04-26T13:14:35","slug":"26-njy-aprel-halkara-intellektual-eyecilik-guni","status":"publish","type":"post","link":"https:\/\/zamanturkmenistan.com.tm\/?p=42192","title":{"rendered":"26-njy aprel \u2013 Halkara intellektual e\u00fde\u00e7ilik g\u00fcni"},"content":{"rendered":"<p>2001-nji \u00fdyldan b\u00e4ri her \u00fdyly\u0148 26-njy aprelinde Halkara intellektual e\u00fde\u00e7ilik g\u00fcni gi\u0148den bellenil\u00fd\u00e4r. B\u00fctind\u00fcn\u00fd\u00e4 intellektual e\u00fde\u00e7ilik guramasyny\u0148 Ba\u015f Assamble\u00fdasy (WIPO) 1999-njy \u00fdyly\u0148 okt\u00fdabr a\u00fdynda ge\u00e7iren \u00fdygnagynda Hyta\u00fd wekili\u00fdetini\u0148 teklibine seredip, bu ba\u00fdram\u00e7ylygy bellemek kararyna gelindi.<\/p>\n<p>\u015ee\u00fdle etmek bilen, 26-njy aprelde d\u00fcn\u00fd\u00e4de intellektual e\u00fde\u00e7iligi goramaga we \u00f6sd\u00fcrm\u00e4ge hema\u00fdat ber\u00fd\u00e4n Birle\u015fen Milletler Guramasyny\u0148 d\u00f6redijilik we intellektual e\u00fde\u00e7ilik bo\u00fdun\u00e7a \u00fd\u00f6ritele\u015fdirilen edara h\u00f6km\u00fcnde ilkinji nobatda i\u015fle\u00fd\u00e4n WIPO guramasyny\u0148 d\u00f6redilendigi de\u0148agramly we el\u00fdeterli halkara intellektual e\u00fde\u00e7ilik ulgamyny gi\u0148eltmeklige we \u00f6sd\u00fcrmeklige uly go\u015fandyny go\u015f\u00fdar.<\/p>\n<p>Halkara intellektual e\u00fde\u00e7ilik g\u00fcni, g\u00fcndelik durmu\u015fda innowasi\u00fdalary\u0148 we jemgy\u00fdeti\u0148 gowula\u015fmagyny\u0148 \u00e4hmi\u00fdetini a\u00e7yp g\u00f6rkezm\u00e4ge m\u00fcmkin\u00e7ilik ber\u00fd\u00e4r. S\u00f6wda bellikleri, awtorlyk hukugy we \u015fu\u0148a me\u0148ze\u015f hukuklar, d\u00f6redijiligi\u0148 we bilimi\u0148 netijesi h\u00f6km\u00fcnde tutu\u015f d\u00fcn\u00fd\u00e4 jemgy\u00fdet\u00e7iligini\u0148 ykdysady we medeni \u00f6s\u00fc\u015fini \u00f6sd\u00fcrmek \u00fc\u00e7in g\u00fc\u00fd\u00e7li guraldyr. \u015eonu\u0148 \u00fc\u00e7in, adat\u00e7a, bu g\u00fcn d\u00fcrli tematiki \u00e7\u00e4reler, we seminarlar ge\u00e7iril\u00fd\u00e4r. Bu ge\u00e7iril\u00fd\u00e4n \u00e7\u00e4releri\u0148 umumy maksady d\u00fcn\u00fd\u00e4 jemgy\u00fdet\u00e7iligini\u0148 \u00fcns\u00fcni Halkara intellektual e\u00fde\u00e7ilik guramasyny\u0148 wezipelerini \u00e7\u00f6zmeklige; intellektual e\u00fde\u00e7iligi\u0148 n\u00e4medigini we ony goramak ulgamyny\u0148 \u00f6s\u00fc\u015fini\u0148 k\u00f6p ugurlaryny\u0148 \u00f6smegine n\u00e4hili go\u015fant go\u015f\u00fdandygy barada jemgy\u00fdete habar bermekden ybaratdyr.<\/p>\n<p>\u00dderi gelende a\u00fdtsak, intellektual e\u00fde\u00e7ilik g\u00fcn\u00fcni\u0148 \u00e7\u00e4ginde her \u00fdyl belli bir mowzuga bagy\u015flan\u00fdar. \u015ee\u00fdlelik bilen, d\u00fcrli \u00fdyllarda bu g\u00fcn: \u201cBu g\u00fcn geljegi d\u00f6retmek\u201d, \u201cIntellektual e\u00fde\u00e7iligi \u00f6z i\u015fi\u0148ize \u00f6w\u00fcri\u0148\u201d, \u201cHemmesi bir pikirden ba\u015flan\u00fdar\u201d, \u201cDurmu\u015fy\u0148 hilini \u00fdokarlandyrmak\u201d, \u201c\u00dc\u00fdtge\u015fm\u00e4ni\u0148 hereketlendiriji g\u00fc\u00fdji: innowasi\u00fda we d\u00f6redijilikli zenanlar\u201d \u00fdaly \u015fygarlar bilen her \u00fdylda Halkara gi\u0148i\u015fliginde gi\u0148den bellenilip ge\u00e7il\u00fd\u00e4r.<\/p>\n<p style=\"text-align: right;\"><strong>A\u00fdsenem ATA\u00ddEWA<\/strong><strong>,<\/strong><\/p>\n<p style=\"text-align: right;\"><strong>T\u00fcrkmenistany\u0148 Da\u015fary i\u015fler ministrligini\u0148 <\/strong><strong>Halkara gatna\u015fyklary institutyny\u0148 talyby.<\/strong><\/p>\n","protected":false},"excerpt":{"rendered":"<p>2001-nji \u00fdyldan b\u00e4ri her \u00fdyly\u0148 26-njy aprelinde Halkara intellektual e\u00fde\u00e7ilik g\u00fcni gi\u0148den bellenil\u00fd\u00e4r. B\u00fctind\u00fcn\u00fd\u00e4 intellektual e\u00fde\u00e7ilik guramasyny\u0148 Ba\u015f Assamble\u00fdasy (WIPO) 1999-njy \u00fdyly\u0148 okt\u00fdabr a\u00fdynda ge\u00e7iren \u00fdygnagynda Hyta\u00fd wekili\u00fdetini\u0148 teklibine seredip, bu ba\u00fdram\u00e7ylygy bellemek kararyna gelindi. \u015ee\u00fdle etmek bilen, 26-njy aprelde d\u00fcn\u00fd\u00e4de intellektual e\u00fde\u00e7iligi goramaga we \u00f6sd\u00fcrm\u00e4ge hema\u00fdat ber\u00fd\u00e4n Birle\u015fen Milletler Guramasyny\u0148 d\u00f6redijilik we intellektual e\u00fde\u00e7ilik [&hellip;]<\/p>\n","protected":false},"author":2,"featured_media":42193,"comment_status":"open","ping_status":"closed","sticky":false,"template":"","format":"standard","meta":{"footnotes":""},"categories":[5],"tags":[],"acf":[],"_links":{"self":[{"href":"https:\/\/zamanturkmenistan.com.tm\/index.php?rest_route=\/wp\/v2\/posts\/42192"}],"collection":[{"href":"https:\/\/zamanturkmenistan.com.tm\/index.php?rest_route=\/wp\/v2\/posts"}],"about":[{"href":"https:\/\/zamanturkmenistan.com.tm\/index.php?rest_route=\/wp\/v2\/types\/post"}],"author":[{"embeddable":true,"href":"https:\/\/zamanturkmenistan.com.tm\/index.php?rest_route=\/wp\/v2\/users\/2"}],"replies":[{"embeddable":true,"href":"https:\/\/zamanturkmenistan.com.tm\/index.php?rest_route=%2Fwp%2Fv2%2Fcomments&post=42192"}],"version-history":[{"count":0,"href":"https:\/\/zamanturkmenistan.com.tm\/index.php?rest_route=\/wp\/v2\/posts\/42192\/revisions"}],"wp:featuredmedia":[{"embeddable":true,"href":"https:\/\/zamanturkmenistan.com.tm\/index.php?rest_route=\/wp\/v2\/media\/42193"}],"wp:attachment":[{"href":"https:\/\/zamanturkmenistan.com.tm\/index.php?rest_route=%2Fwp%2Fv2%2Fmedia&parent=42192"}],"wp:term":[{"taxonomy":"category","embeddable":true,"href":"https:\/\/zamanturkmenistan.com.tm\/index.php?rest_route=%2Fwp%2Fv2%2Fcategories&post=42192"},{"taxonomy":"post_tag","embeddable":true,"href":"https:\/\/zamanturkmenistan.com.tm\/index.php?rest_route=%2Fwp%2Fv2%2Ftags&post=42192"}],"curies":[{"name":"wp","href":"https:\/\/api.w.org\/{rel}","templated":true}]}}