{"id":42334,"date":"2021-04-29T21:22:54","date_gmt":"2021-04-29T16:22:54","guid":{"rendered":"https:\/\/zamanturkmenistan.com.tm\/?p=42334"},"modified":"2021-04-29T21:22:54","modified_gmt":"2021-04-29T16:22:54","slug":"dawosda-gecirilmegi-meyillesdirilyar","status":"publish","type":"post","link":"https:\/\/zamanturkmenistan.com.tm\/?p=42334","title":{"rendered":"Da\u00adwos\u00adda ge\u00ad\u00e7i\u00adril\u00adme\u00adgi me\u00ad\u00fdil\u00adle\u015f\u00addi\u00adril\u00ad\u00fd\u00e4r"},"content":{"rendered":"<p>B\u00fc\u00adtin\u00add\u00fcn\u00ad\u00fd\u00e4 yk\u00addy\u00adsa\u00addy fo\u00adru\u00admy\u00adny\u0148 \u00fdyl\u00adlyk mas\u00adla\u00adha\u00adty 2022-nji \u00fdy\u00adly\u0148 \u00fdan\u00adwar a\u00fdyn\u00adda Da\u00adwos\u00adda ge\u00ad\u00e7i\u00adri\u00adler. Bu ba\u00adra\u00adda Da\u00adwos-Klos\u00adters sy\u00ad\u00fda\u00adhat\u00ad\u00e7y\u00adlyk mer\u00adke\u00adzi\u00adni\u0148 web sa\u00adhy\u00adpa\u00adsyn\u00adda m\u00e4\u00adlim edil\u00ad\u00fd\u00e4r. H\u00e4\u00adzir\u00adki wagt\u00adda gat\u00adna\u00ad\u015fy\u00adjy\u00adlar \u00fc\u00e7in myh\u00adman\u00adha\u00adna\u00adla\u00adry\u0148 ba\u00adha\u00adla\u00adry ba\u00adra\u00adda gep\u00adle\u00ad\u015fik\u00adler al\u00adnyp ba\u00adryl\u00ad\u00fdar.<br \/>\nWEF-i\u0148 her \u00fdyl\u00adda ge\u00ad\u00e7i\u00adril\u00ad\u00fd\u00e4n mas\u00adla\u00adha\u00adty, adat\u00ad\u00e7a, \u00fdan\u00adwar a\u00fdyn\u00adda Da\u00adwos\u00adda gu\u00adral\u00ad\u00fdardy, \u00fd\u00f6\u00adne 2021-nji \u00fdyl\u00adda pan\u00adde\u00admi\u00ad\u00fda bi\u00adlen bag\u00adla\u00adny\u00ad\u015fyk\u00adly \u00e7\u00e4k\u00adlen\u00addir\u00adme\u00adle\u00adr se\u00adb\u00e4p\u00adli bu mas\u00adla\u00adha\u00adty aw\u00adgus\u00adty\u0148 17-sin\u00adden 20-si ara\u00adly\u00adgyn\u00adda Sin\u00adga\u00adpur\u00adda ge\u00ad\u00e7ir\u00admek ka\u00adra\u00adry\u00adna ge\u00adlin\u00addi. Sy\u00ad\u00fda\u00adhat\u00ad\u00e7y\u00adlyk mer\u00adke\u00adzi Da\u00adwos-Klos\u00adters 2022-nji \u00fdy\u00adly\u0148 \u00fdan\u00adwar a\u00fdyn\u00adda du\u00ad\u015fu\u00ad\u015fy\u00adgy\u0148 \u00f6\u0148\u00adden ge\u00ad\u00e7i\u00adril\u00ad\u00fd\u00e4n \u00fde\u00adrin\u00adde gu\u00adral\u00adjak\u00addy\u00adgy\u00adny ha\u00adbar ber\u00addi.<br \/>\n\u00abH\u00e4zir ta\u00fd\u00ad\u00fdar\u00adlyk i\u015f\u00adle\u00adri do\u00adwam ed\u00ad\u00fd\u00e4r. Me\u00ad\u00fdil\u00adna\u00adma g\u00f6\u00adr\u00e4, WEF-i\u0148 in\u00addi\u00adki mas\u00adla\u00adha\u00adty gel\u00adjek \u00fdy\u00adly\u0148 \u00fdan\u00adwar a\u00fdy\u00adny\u0148 17-sin\u00adden 21-i ara\u00adly\u00adgyn\u00adda Da\u00adwos\u00adda ge\u00ad\u00e7i\u00adri\u00adler\u00bb di\u00ad\u00fdip, be\u00ad\u00fda\u00adnat\u00adda bel\u00adle\u00adnil\u00ad\u00fd\u00e4r.<br \/>\n\u015ee\u00fd\u00adle hem bu be\u00ad\u00fda\u00adnat\u00adda \u00abWEF-i\u0148 we\u00adkil\u00adle\u00adri bi\u00adlen sy\u00ad\u00fda\u00adsat, i\u015fe\u00adw\u00fcr\u00adlik we sy\u00ad\u00fda\u00adhat\u00ad\u00e7y\u00adlyk ba\u00adbat\u00adda, \u015fe\u00fd\u00adle-de ulag we gat\u00adna\u00ad\u015fy\u00adjy\u00adla\u00adry\u0148 \u00fder\u00adle\u015f\u00adme\u00adli myh\u00adman\u00adha\u00adna\u00adla\u00adry \u00fda\u00adly me\u00adse\u00adle\u00adler bo\u00ad\u00fdun\u00ad\u00e7a mas\u00adla\u00adhat edi\u00adlen\u00addi\u00adgi\u00bb nyg\u00adtal\u00ad\u00fdar.<br \/>\nWEF \u2013 \u015ewe\u00fd\u00adsa\u00adri\u00ad\u00fda\u00adny\u0148 h\u00f6\u00adk\u00fc\u00adme\u00adte de\u00adgi\u015f\u00adli bol\u00adma\u00addyk gu\u00adra\u00adma\u00adsy bo\u00adlup, her \u00fdyl \u00f6\u0148\u00adde\u00adba\u00adry\u00adjy i\u015fe\u00adw\u00fcr\u00adle\u00adri\u0148, sy\u00ad\u00fda\u00adsy \u00fdol\u00adba\u015f\u00ad\u00e7y\u00adla\u00adry\u0148 we d\u00fcr\u00adli i\u015f ugur\u00adla\u00adry bo\u00ad\u00fdun\u00ad\u00e7a tej\u00adri\u00adbe\u00adli h\u00fc\u00adn\u00e4r\u00admen\u00adle\u00adri\u0148 du\u00ad\u015fu\u00ad\u015fy\u00adgy\u00adny gur\u00ada\u00ad\u00fdar. H\u00e4\u00adzir\u00adki wagt\u00adda m\u00fc\u0148\u00adden gow\u00adrak iri kom\u00adpa\u00adni\u00ad\u00fda\u00adlar we gu\u00adra\u00adma\u00adlar WEF-i\u0148 ag\u00adza\u00adla\u00adry bo\u00adlup dur\u00ad\u00fdar.<\/p>\n","protected":false},"excerpt":{"rendered":"<p>B\u00fc\u00adtin\u00add\u00fcn\u00ad\u00fd\u00e4 yk\u00addy\u00adsa\u00addy fo\u00adru\u00admy\u00adny\u0148 \u00fdyl\u00adlyk mas\u00adla\u00adha\u00adty 2022-nji \u00fdy\u00adly\u0148 \u00fdan\u00adwar a\u00fdyn\u00adda Da\u00adwos\u00adda ge\u00ad\u00e7i\u00adri\u00adler. Bu ba\u00adra\u00adda Da\u00adwos-Klos\u00adters sy\u00ad\u00fda\u00adhat\u00ad\u00e7y\u00adlyk mer\u00adke\u00adzi\u00adni\u0148 web sa\u00adhy\u00adpa\u00adsyn\u00adda m\u00e4\u00adlim edil\u00ad\u00fd\u00e4r. H\u00e4\u00adzir\u00adki wagt\u00adda gat\u00adna\u00ad\u015fy\u00adjy\u00adlar \u00fc\u00e7in myh\u00adman\u00adha\u00adna\u00adla\u00adry\u0148 ba\u00adha\u00adla\u00adry ba\u00adra\u00adda gep\u00adle\u00ad\u015fik\u00adler al\u00adnyp ba\u00adryl\u00ad\u00fdar. WEF-i\u0148 her \u00fdyl\u00adda ge\u00ad\u00e7i\u00adril\u00ad\u00fd\u00e4n mas\u00adla\u00adha\u00adty, adat\u00ad\u00e7a, \u00fdan\u00adwar a\u00fdyn\u00adda Da\u00adwos\u00adda gu\u00adral\u00ad\u00fdardy, \u00fd\u00f6\u00adne 2021-nji \u00fdyl\u00adda pan\u00adde\u00admi\u00ad\u00fda bi\u00adlen bag\u00adla\u00adny\u00ad\u015fyk\u00adly \u00e7\u00e4k\u00adlen\u00addir\u00adme\u00adle\u00adr se\u00adb\u00e4p\u00adli bu mas\u00adla\u00adha\u00adty aw\u00adgus\u00adty\u0148 17-sin\u00adden 20-si ara\u00adly\u00adgyn\u00adda Sin\u00adga\u00adpur\u00adda [&hellip;]<\/p>\n","protected":false},"author":1,"featured_media":42335,"comment_status":"open","ping_status":"closed","sticky":false,"template":"","format":"standard","meta":{"footnotes":""},"categories":[5],"tags":[],"_links":{"self":[{"href":"https:\/\/zamanturkmenistan.com.tm\/index.php?rest_route=\/wp\/v2\/posts\/42334"}],"collection":[{"href":"https:\/\/zamanturkmenistan.com.tm\/index.php?rest_route=\/wp\/v2\/posts"}],"about":[{"href":"https:\/\/zamanturkmenistan.com.tm\/index.php?rest_route=\/wp\/v2\/types\/post"}],"author":[{"embeddable":true,"href":"https:\/\/zamanturkmenistan.com.tm\/index.php?rest_route=\/wp\/v2\/users\/1"}],"replies":[{"embeddable":true,"href":"https:\/\/zamanturkmenistan.com.tm\/index.php?rest_route=%2Fwp%2Fv2%2Fcomments&post=42334"}],"version-history":[{"count":0,"href":"https:\/\/zamanturkmenistan.com.tm\/index.php?rest_route=\/wp\/v2\/posts\/42334\/revisions"}],"wp:featuredmedia":[{"embeddable":true,"href":"https:\/\/zamanturkmenistan.com.tm\/index.php?rest_route=\/wp\/v2\/media\/42335"}],"wp:attachment":[{"href":"https:\/\/zamanturkmenistan.com.tm\/index.php?rest_route=%2Fwp%2Fv2%2Fmedia&parent=42334"}],"wp:term":[{"taxonomy":"category","embeddable":true,"href":"https:\/\/zamanturkmenistan.com.tm\/index.php?rest_route=%2Fwp%2Fv2%2Fcategories&post=42334"},{"taxonomy":"post_tag","embeddable":true,"href":"https:\/\/zamanturkmenistan.com.tm\/index.php?rest_route=%2Fwp%2Fv2%2Ftags&post=42334"}],"curies":[{"name":"wp","href":"https:\/\/api.w.org\/{rel}","templated":true}]}}