{"id":42349,"date":"2021-04-29T21:29:12","date_gmt":"2021-04-29T16:29:12","guid":{"rendered":"https:\/\/zamanturkmenistan.com.tm\/?p=42349"},"modified":"2021-04-29T21:29:12","modified_gmt":"2021-04-29T16:29:12","slug":"paytagtlaryn-arasynda-tunnel-gurlar","status":"publish","type":"post","link":"https:\/\/zamanturkmenistan.com.tm\/?p=42349","title":{"rendered":"Pa\u00fd\u00adtagt\u00adla\u00adry\u0148 ara\u00adsyn\u00adda tun\u00adnel gur\u00adlar"},"content":{"rendered":"<p>Es\u00adto\u00adni\u00ad\u00fda we Finl\u00ad\u00fdan\u00addi\u00ad\u00fda h\u00f6\u00adk\u00fc\u00admet\u00adle\u00adri Tal\u00adlin-Hel\u00adsin\u00adki tun\u00adne\u00adli\u00adni\u0148 gur\u00adlu\u00ad\u015fy\u00adgy\u00adny g\u00f6z \u00f6\u0148\u00fcn\u00adde tut\u00ad\u00fdan tes\u00adwir\u00adna\u00adma gol \u00e7ek\u00addi\u00adler. Bu ba\u00adra\u00adda Es\u00adto\u00adni\u00ad\u00fda\u00adny\u0148 Yk\u00addy\u00adsa\u00addy me\u00adse\u00adle\u00adler we ara\u00adgat\u00adna\u00ad\u015fyk mi\u00adnistr\u00adli\u00adgi\u00adni\u0148 be\u00ad\u00fda\u00adna\u00adtyn\u00adda m\u00e4\u00adlim edil\u00ad\u00fd\u00e4r. Bu tes\u00adwir\u00adna\u00adma Es\u00adto\u00adni\u00ad\u00fda\u00adny\u0148 Yk\u00addy\u00adsa\u00addy\u00ad\u00fdet we inf\u00adrast\u00adruk\u00adtu\u00adra mi\u00adnist\u00adri Taa\u00adwi Aas we Finl\u00ad\u00fdan\u00addi\u00ad\u00fda\u00adny\u0148 Trans\u00adport we ara\u00adgat\u00adna\u00ad\u015fyk mi\u00adnist\u00adri Ti\u00admo Ha\u00adrak\u00adka gol \u00e7ek\u00addi. Tes\u00adwir\u00adna\u00adma\u00adda ulag pu\u00adda\u00adgyn\u00adda hyz\u00admat\u00adda\u015f\u00adlyk we iri tas\u00adla\u00adma\u00adla\u00adry ama\u00adla a\u015fyr\u00admak \u00fc\u00e7in mag\u00adlu\u00admat aly\u015f-\u00e7al\u00ad\u015fy\u00adgy, \u015fol san\u00adda, Tal\u00adlin-Hel\u00adsin\u00adki tun\u00adne\u00adli, \u00abRa\u00adil Bal\u00adtica\u00bb ma\u00adgist\u00adra\u00adly, umu\u00admy \u00ddew\u00adro\u00adpa ulag ul\u00adga\u00admy we Bal\u00adti\u00adka de\u0148\u00adzi ge\u00ad\u00e7el\u00adge\u00adle\u00adri g\u00f6z \u00f6\u0148\u00fcn\u00adde tu\u00adtul\u00ad\u00fdar.<br \/>\nBu ka\u00adrar Tal\u00adlin-Hel\u00adsin\u00adki tun\u00adnel tas\u00adla\u00adma\u00adsy\u00adny\u0148 umu\u00admy \u00ddew\u00adro\u00adpa trans\u00adport ul\u00adga\u00admy\u00adna go\u00ad\u015ful\u00adma\u00adgy ug\u00adrun\u00adda il\u00adkin\u00adji \u00e4dim\u00addir. Tas\u00adla\u00adma\u00adny \u00ddew\u00adro\u00adpa Bi\u00adle\u00adle\u00ad\u015fi\u00adgi bi\u00adlen bir\u00adlik\u00adde ma\u00adli\u00ad\u00fde\u00adle\u015f\u00addir\u00admek ile\u00adri tu\u00adtul\u00ad\u00fdar. Tes\u00adwir\u00adna\u00adma 2030-njy \u00fdy\u00adla \u00e7en\u00adli he\u00adre\u00adket ed\u00ad\u00fd\u00e4r.<br \/>\nFin kom\u00adpa\u00adni\u00ad\u00fda\u00adsy \u00abFi\u00adnest Bay Area\u00bb 2018-nji \u00fdyl\u00adda Tal\u00adlin bi\u00adlen Hel\u00adsin\u00adki\u00adni Fin a\u00fd\u00adla\u00adgy\u00adny\u0148 a\u015fa\u00adgyn\u00addan ge\u00e7\u00adme\u00adli de\u00admir \u00fdol \u00f6t\u00fc\u00adgi ar\u00adka\u00adly bag\u00adla\u00adny\u015f\u00addyr\u00admak ba\u015f\u00adlan\u00adgy\u00adjy bi\u00adlen \u00e7y\u00adky\u015f et\u00addi. H\u00e4\u00adzir\u00adki wagt\u00adda se\u00adre\u00addil\u00ad\u00fd\u00e4n bu tas\u00adla\u00adma esa\u00adsyn\u00adda Fin a\u00fd\u00adla\u00adgyn\u00adda uzyn\u00adly\u00adgy 70 ki\u00adlo\u00admet\u00adre \u00fdet\u00ad\u00fd\u00e4n we \u00e7u\u0148\u00adlu\u00adgy 200 metr bo\u00adlan tun\u00adnel gur\u00admak g\u00f6z \u00f6\u0148\u00fcn\u00adde tut\u00adul\u00ad\u00fdar. Hel\u00adsin\u00adki\u00adden Tal\u00adli\u00adne \u00e7en\u00adli sa\u00adgat\u00adda 200 ki\u00adlo\u00admetr tiz\u00adlik bi\u00adlen he\u00adre\u00adket et\u00adjek \u00fdo\u00adlag\u00ad\u00e7y ot\u00adlu\u00adsy \u00fda\u00adrym sa\u00adgat \u00fdol \u00fd\u00f6\u00adr\u00e4r.<br \/>\nTas\u00adla\u00adma\u00adny\u0148 ba\u00adha\u00adsy 20 mil\u00adliard dol\u00adlar di\u00fd\u00adlip \u00e7ak\u00adla\u00adnyl\u00ad\u00fdar. Gur\u00adlu\u00ad\u015fy\u00adgy\u0148 2024-nji \u00fdy\u00adly\u0148 ahy\u00adry\u00adna \u00e7en\u00adli ta\u00admam\u00adla\u00adnyp bil\u00adjek\u00addi\u00adgi \u00f6\u0148e s\u00fc\u00adr\u00fcl\u00ad\u00fd\u00e4r. Fin a\u00fd\u00adla\u00adgyn\u00adda eme\u00adli ada\u00adny\u0148 gu\u00adrul\u00adma\u00adgy hem me\u00ad\u00fdil\u00adle\u015f\u00addi\u00adril\u00ad\u00fd\u00e4r. Tas\u00adla\u00adma\u00adny gol\u00adda\u00ad\u00fdan\u00adlar mu\u00adnu\u0148 iki \u00fdur\u00addu\u0148 yk\u00addy\u00adsa\u00addy \u00f6s\u00fc\u00ad\u015fi\u00adne go\u00ad\u015fant go\u015f\u00adjak\u00addy\u00adgy\u00adny \u00f6\u0148e s\u00fcr\u00ad\u00fd\u00e4r\u00adler.<\/p>\n","protected":false},"excerpt":{"rendered":"<p>Es\u00adto\u00adni\u00ad\u00fda we Finl\u00ad\u00fdan\u00addi\u00ad\u00fda h\u00f6\u00adk\u00fc\u00admet\u00adle\u00adri Tal\u00adlin-Hel\u00adsin\u00adki tun\u00adne\u00adli\u00adni\u0148 gur\u00adlu\u00ad\u015fy\u00adgy\u00adny g\u00f6z \u00f6\u0148\u00fcn\u00adde tut\u00ad\u00fdan tes\u00adwir\u00adna\u00adma gol \u00e7ek\u00addi\u00adler. Bu ba\u00adra\u00adda Es\u00adto\u00adni\u00ad\u00fda\u00adny\u0148 Yk\u00addy\u00adsa\u00addy me\u00adse\u00adle\u00adler we ara\u00adgat\u00adna\u00ad\u015fyk mi\u00adnistr\u00adli\u00adgi\u00adni\u0148 be\u00ad\u00fda\u00adna\u00adtyn\u00adda m\u00e4\u00adlim edil\u00ad\u00fd\u00e4r. Bu tes\u00adwir\u00adna\u00adma Es\u00adto\u00adni\u00ad\u00fda\u00adny\u0148 Yk\u00addy\u00adsa\u00addy\u00ad\u00fdet we inf\u00adrast\u00adruk\u00adtu\u00adra mi\u00adnist\u00adri Taa\u00adwi Aas we Finl\u00ad\u00fdan\u00addi\u00ad\u00fda\u00adny\u0148 Trans\u00adport we ara\u00adgat\u00adna\u00ad\u015fyk mi\u00adnist\u00adri Ti\u00admo Ha\u00adrak\u00adka gol \u00e7ek\u00addi. Tes\u00adwir\u00adna\u00adma\u00adda ulag pu\u00adda\u00adgyn\u00adda hyz\u00admat\u00adda\u015f\u00adlyk we iri tas\u00adla\u00adma\u00adla\u00adry ama\u00adla a\u015fyr\u00admak \u00fc\u00e7in mag\u00adlu\u00admat aly\u015f-\u00e7al\u00ad\u015fy\u00adgy, [&hellip;]<\/p>\n","protected":false},"author":1,"featured_media":42350,"comment_status":"open","ping_status":"closed","sticky":false,"template":"","format":"standard","meta":{"footnotes":""},"categories":[5],"tags":[],"_links":{"self":[{"href":"https:\/\/zamanturkmenistan.com.tm\/index.php?rest_route=\/wp\/v2\/posts\/42349"}],"collection":[{"href":"https:\/\/zamanturkmenistan.com.tm\/index.php?rest_route=\/wp\/v2\/posts"}],"about":[{"href":"https:\/\/zamanturkmenistan.com.tm\/index.php?rest_route=\/wp\/v2\/types\/post"}],"author":[{"embeddable":true,"href":"https:\/\/zamanturkmenistan.com.tm\/index.php?rest_route=\/wp\/v2\/users\/1"}],"replies":[{"embeddable":true,"href":"https:\/\/zamanturkmenistan.com.tm\/index.php?rest_route=%2Fwp%2Fv2%2Fcomments&post=42349"}],"version-history":[{"count":0,"href":"https:\/\/zamanturkmenistan.com.tm\/index.php?rest_route=\/wp\/v2\/posts\/42349\/revisions"}],"wp:featuredmedia":[{"embeddable":true,"href":"https:\/\/zamanturkmenistan.com.tm\/index.php?rest_route=\/wp\/v2\/media\/42350"}],"wp:attachment":[{"href":"https:\/\/zamanturkmenistan.com.tm\/index.php?rest_route=%2Fwp%2Fv2%2Fmedia&parent=42349"}],"wp:term":[{"taxonomy":"category","embeddable":true,"href":"https:\/\/zamanturkmenistan.com.tm\/index.php?rest_route=%2Fwp%2Fv2%2Fcategories&post=42349"},{"taxonomy":"post_tag","embeddable":true,"href":"https:\/\/zamanturkmenistan.com.tm\/index.php?rest_route=%2Fwp%2Fv2%2Ftags&post=42349"}],"curies":[{"name":"wp","href":"https:\/\/api.w.org\/{rel}","templated":true}]}}